{"id":14377,"date":"2025-09-09T14:42:00","date_gmt":"2025-09-09T17:42:00","guid":{"rendered":"https:\/\/sincomavi.org.br\/?p=14377"},"modified":"2025-09-09T11:52:51","modified_gmt":"2025-09-09T14:52:51","slug":"projecoes-do-varejo-indicam-crescimento-moderado-inadimplencia-deve-aumentar","status":"publish","type":"post","link":"https:\/\/sincomavi.org.br\/?p=14377","title":{"rendered":"Proje\u00e7\u00f5es do varejo indicam crescimento moderado; inadimpl\u00eancia deve aumentar"},"content":{"rendered":"\n<hr class=\"wp-block-separator has-alpha-channel-opacity is-style-default\"\/>\n\n\n<div class=\"wp-block-post-date\"><time datetime=\"2025-09-09T14:42:00-03:00\">9 de setembro de 2025<\/time><\/div>\n\n\n<p>O Instituto Brasileiro de Executivos de Varejo e Mercado de Consumo (IBEVAR), em parceria com a FIA Business School, divulgou duas pesquisas sobre o desempenho do varejo e as perspectivas para o consumo no Brasil em setembro de 2025. Os estudos apontam crescimento moderado do setor, mas revelam dificuldades para segmentos espec\u00edficos, como o com\u00e9rcio de materiais de constru\u00e7\u00e3o, al\u00e9m de aumento na inadimpl\u00eancia das fam\u00edlias.<\/p>\n\n\n\n<p>Segundo Claudio Felisoni, presidente do IBEVAR e professor da FIA, <em>\u201co varejo restrito deve apresentar crescimento de 0,93% em rela\u00e7\u00e3o a setembro de 2024, enquanto o varejo ampliado, que inclui material de constru\u00e7\u00e3o, deve registrar alta de 3,72% no mesmo per\u00edodo\u201d<\/em>. No entanto, a an\u00e1lise por segmento mostra retra\u00e7\u00e3o de 4,82% no com\u00e9rcio de materiais de constru\u00e7\u00e3o, em contraste com avan\u00e7os em setores como tecidos, vestu\u00e1rio e cal\u00e7ados (10,07%) e artigos farmac\u00eauticos e de perfumaria (4,24%).<\/p>\n\n\n\n<p>Outro ponto de aten\u00e7\u00e3o \u00e9 o aumento da inadimpl\u00eancia. O levantamento indica que a taxa em recursos livres pode alcan\u00e7ar at\u00e9 6,81% em agosto e chegar a 7,20% em outubro de 2025 no cen\u00e1rio mais pessimista. Para Felisoni, <em>\u201co ciclo longo de juros altos finalmente chegou com for\u00e7a total ao bolso do consumidor brasileiro\u201d<\/em>, reduzindo a capacidade das fam\u00edlias de honrar compromissos financeiros e impactando diretamente as vendas no varejo.<\/p>\n\n\n\n<p>O quadro evidencia que, embora o varejo ampliado apresente n\u00fameros positivos no agregado, a combina\u00e7\u00e3o de retra\u00e7\u00e3o setorial e alta da inadimpl\u00eancia imp\u00f5e desafios relevantes para lojistas de materiais de constru\u00e7\u00e3o. O cen\u00e1rio exige planejamento e adapta\u00e7\u00e3o \u00e0s mudan\u00e7as no comportamento de consumo.<\/p>\n\n\n\n<p>Como apoio aos empres\u00e1rios do setor, o Sincomavi mant\u00e9m parceria abrangente com a <a href=\"https:\/\/sincomavi.org.br\/?p=364\" target=\"_blank\" rel=\"noreferrer noopener\"><strong>FIA Labfin Provar<\/strong><\/a>, que oferece descontos em cursos de p\u00f3s-gradua\u00e7\u00e3o e MBA, al\u00e9m de acesso a pesquisas e programas de capacita\u00e7\u00e3o voltados para o varejo.<\/p>\n\n\n\n<hr class=\"wp-block-separator has-alpha-channel-opacity is-style-default\"\/>\n","protected":false},"excerpt":{"rendered":"<p>O Instituto Brasileiro de Executivos de Varejo e Mercado de Consumo (IBEVAR), em parceria com a FIA Business School, divulgou duas pesquisas sobre o desempenho do varejo e as perspectivas para o consumo no Brasil em setembro de 2025. Os estudos apontam crescimento moderado do setor, mas revelam dificuldades para segmentos espec\u00edficos, como o com\u00e9rcio [&hellip;]<\/p>\n","protected":false},"author":1,"featured_media":14381,"comment_status":"closed","ping_status":"open","sticky":false,"template":"","format":"standard","meta":{"tdm_status":"","tdm_grid_status":"","footnotes":""},"categories":[153],"tags":[199,156,620,158,160,200,75],"class_list":["post-14377","post","type-post","status-publish","format-standard","has-post-thumbnail","hentry","category-noticias","tag-comercio","tag-economia","tag-levantamento","tag-material-de-construcao","tag-pesquisa","tag-varejo","tag-vendas"],"amp_enabled":true,"_links":{"self":[{"href":"https:\/\/sincomavi.org.br\/index.php?rest_route=\/wp\/v2\/posts\/14377","targetHints":{"allow":["GET"]}}],"collection":[{"href":"https:\/\/sincomavi.org.br\/index.php?rest_route=\/wp\/v2\/posts"}],"about":[{"href":"https:\/\/sincomavi.org.br\/index.php?rest_route=\/wp\/v2\/types\/post"}],"author":[{"embeddable":true,"href":"https:\/\/sincomavi.org.br\/index.php?rest_route=\/wp\/v2\/users\/1"}],"replies":[{"embeddable":true,"href":"https:\/\/sincomavi.org.br\/index.php?rest_route=%2Fwp%2Fv2%2Fcomments&post=14377"}],"version-history":[{"count":2,"href":"https:\/\/sincomavi.org.br\/index.php?rest_route=\/wp\/v2\/posts\/14377\/revisions"}],"predecessor-version":[{"id":14379,"href":"https:\/\/sincomavi.org.br\/index.php?rest_route=\/wp\/v2\/posts\/14377\/revisions\/14379"}],"wp:featuredmedia":[{"embeddable":true,"href":"https:\/\/sincomavi.org.br\/index.php?rest_route=\/wp\/v2\/media\/14381"}],"wp:attachment":[{"href":"https:\/\/sincomavi.org.br\/index.php?rest_route=%2Fwp%2Fv2%2Fmedia&parent=14377"}],"wp:term":[{"taxonomy":"category","embeddable":true,"href":"https:\/\/sincomavi.org.br\/index.php?rest_route=%2Fwp%2Fv2%2Fcategories&post=14377"},{"taxonomy":"post_tag","embeddable":true,"href":"https:\/\/sincomavi.org.br\/index.php?rest_route=%2Fwp%2Fv2%2Ftags&post=14377"}],"curies":[{"name":"wp","href":"https:\/\/api.w.org\/{rel}","templated":true}]}}