{"id":14323,"date":"2025-08-29T09:26:38","date_gmt":"2025-08-29T12:26:38","guid":{"rendered":"https:\/\/sincomavi.org.br\/?p=14323"},"modified":"2025-08-29T09:26:39","modified_gmt":"2025-08-29T12:26:39","slug":"mercado-de-trabalho-recua-pelo-segundo-mes-consecutivo","status":"publish","type":"post","link":"https:\/\/sincomavi.org.br\/?p=14323","title":{"rendered":"Mercado de trabalho recua pelo segundo m\u00eas consecutivo"},"content":{"rendered":"\n<hr class=\"wp-block-separator has-alpha-channel-opacity is-style-default\"\/>\n\n\n<div class=\"wp-block-post-date\"><time datetime=\"2025-08-29T09:26:38-03:00\">29 de agosto de 2025<\/time><\/div>\n\n\n<p>Dados do Novo Cadastro Geral de Empregados e Desempregados (CAGED) revelam que ocorreu novamente redu\u00e7\u00e3o no n\u00famero de empregos no mercado de trabalho do varejo de material de constru\u00e7\u00e3o da Regi\u00e3o Metropolitana de S\u00e3o Paulo (RMSP) em julho. Foram 64 vagas extintas no per\u00edodo, ap\u00f3s outras 87 a menos registradas em junho. Ao todo, nesta \u00faltima edi\u00e7\u00e3o do indicador, houve 3.708 admiss\u00f5es contra 3.772 desligamentos, formando um estoque de cerca de 96,5 mil v\u00ednculos ativos. O resultado da Grande S\u00e3o Paulo se mostra completamente influenciado pelos n\u00fameros da capital paulista, cidade na qual o setor perdeu 111 vagas neste s\u00e9timo m\u00eas do ano.&nbsp;<\/p>\n\n\n\n<h2 class=\"wp-block-heading has-text-align-center\"><strong>Evolu\u00e7\u00e3o do saldo de empregos do varejo de materiais de constru\u00e7\u00e3o \u2013 RMSP e S\u00e3o Paulo\/SP<\/strong><\/h2>\n\n\n\n<p class=\"has-text-align-center\"><img loading=\"lazy\" decoding=\"async\" src=\"https:\/\/lh7-rt.googleusercontent.com\/docsz\/AD_4nXfwV5NO4lDO4ldcG80Is8Z1VMrs6iFioMSp_fyY0Hhpm68qv6JW6t8CFV03U5XMJgDVNQgm-O8VZCi-W6If2lStLDm2K6HTnAF4GIRgQpn5IBEFRjdiiIAirUGjdRP-TBm4GoBhzr77qyZEg8DvYfw?key=hcBt8MWETiVCRpVAuKeOOg\" width=\"558\" height=\"355\"><\/p>\n\n\n\n<p class=\"has-text-align-right\"><strong>Fonte: Novo Caged<\/strong><\/p>\n\n\n\n<p>\u00c9 importante ressaltar que desde que o Novo Caged foi institu\u00eddo, em 2020, em nenhum ano o m\u00eas de julho foi marcado por mais desligamentos que admiss\u00f5es de trabalhadores, com exce\u00e7\u00e3o de 2025, com as atuais 64 vagas perdidas.&nbsp;<\/p>\n\n\n\n<h2 class=\"wp-block-heading has-text-align-center\"><strong>Evolu\u00e7\u00e3o do saldo de empregos do varejo de materiais de constru\u00e7\u00e3o na RMSP \u2013 Meses de julho\u00a0<\/strong><\/h2>\n\n\n\n<p class=\"has-text-align-center\"><img loading=\"lazy\" decoding=\"async\" width=\"454\" height=\"272\" src=\"https:\/\/lh7-rt.googleusercontent.com\/docsz\/AD_4nXfQNdOz0ZfIWtbosVwBrwPiwTsP05V4cfImDNPFJXD0JX-H7P5C04d-EcAyDV4O0XJzbESno7bxrOXvi6zaebWh8jxPZe0aV7cLgRr7Mr7_h2TrcJ_xndqyPkzfLdntj6stT0LjqC5MlQZ57k2xT9I?key=hcBt8MWETiVCRpVAuKeOOg\"><\/p>\n\n\n\n<p class=\"has-text-align-right\"><strong>Fonte: Novo Caged<\/strong><\/p>\n\n\n\n<p>Os segmentos com maiores desempenhos opostos em julho foram o de material de constru\u00e7\u00e3o em geral, com extin\u00e7\u00e3o de 162 postos de trabalho, e o varejista de material el\u00e9trico, que criou 77 novos empregos.\u00a0<\/p>\n\n\n\n<p class=\"has-text-align-center\"><img loading=\"lazy\" decoding=\"async\" src=\"https:\/\/lh7-rt.googleusercontent.com\/docsz\/AD_4nXdys8BxlkGjIuJfhUNMEygaVBCHlX6z367nedsOLdUIh1roqCuWPJGbWBrwsE23XJqArQn7180nLJkqeQ4xtGKZNgSwS9LZ4Te6MhVm8CZW0cHU4MxpkMs9SbS0gdDYsd-t8xy8XPo-Rgn63IMznts?key=hcBt8MWETiVCRpVAuKeOOg\" width=\"567\" height=\"280\"><\/p>\n\n\n\n<p>Com esta nova retra\u00e7\u00e3o de empregabilidade, o setor marca uma cria\u00e7\u00e3o de apenas 753 vagas no acumulado dos primeiros sete meses do ano. Ainda assim, os melhores resultados absolutos est\u00e3o nos estabelecimentos do varejo de material el\u00e9trico (+271 vagas), de ferragens e ferramentas (+194 vagas) e de tintas e materiais para a pintura (+136 vagas).<\/p>\n\n\n\n<p class=\"has-text-align-center\"><img loading=\"lazy\" decoding=\"async\" width=\"567\" height=\"300\" src=\"https:\/\/lh7-rt.googleusercontent.com\/docsz\/AD_4nXemiSI8G_hFfyUD4ulV_PK6s3K2QZP70ZeyV7jjFI1OIACkYua6aVj7CX1SOtXTzAdOndyk1shbpn6SUp1_BOrUUDrztnZlm38-nHAB9Brd-KiKEQIlYDXXL5YUSqeSIvCSCraj0A4FGZmyBVqWDTI?key=hcBt8MWETiVCRpVAuKeOOg\"><\/p>\n\n\n\n<p>O economista Jaime Vasconcellos comenta que, em julho, manteve-se a trajet\u00f3ria descendente do ritmo do mercado de trabalho do varejo de material de constru\u00e7\u00e3o e dos demais segmentos desta cadeia varejista da Grande S\u00e3o Paulo. E no caso do \u00faltimo bimestre, n\u00e3o houve repeti\u00e7\u00e3o de um ritmo menor de expans\u00e3o, como o visto no acumulado do ano, mas sim retra\u00e7\u00f5es reais dos n\u00edveis de empregabilidade.&nbsp;<\/p>\n\n\n\n<p>\u201cEm uma vis\u00e3o macro, e considerando o acumulado de 2025, h\u00e1 sim um alinhamento deste processo de arrefecimento setorial em quest\u00e3o com o pr\u00f3prio ritmo do mercado de trabalho em geral e pelo pa\u00eds, que o Novo Caged j\u00e1 vem explicitando\u201d, avalia. No entanto, ele lembra que o segmento de material de constru\u00e7\u00e3o, muitas vezes considerado de consumo adi\u00e1vel e dependente do ritmo de expans\u00e3o do cr\u00e9dito ao consumidor, tem sentido antes essa conjuntura que j\u00e1 se mostrava e ser\u00e1 ainda mais desafiadora ao consumo e, consequentemente, \u00e0 performance e aos n\u00edveis de emprego formal do setor.\u00a0<\/p>\n\n\n\n<hr class=\"wp-block-separator has-alpha-channel-opacity is-style-default\"\/>\n","protected":false},"excerpt":{"rendered":"<p>Dados do Novo Cadastro Geral de Empregados e Desempregados (CAGED) revelam que ocorreu novamente redu\u00e7\u00e3o no n\u00famero de empregos no mercado de trabalho do varejo de material de constru\u00e7\u00e3o da Regi\u00e3o Metropolitana de S\u00e3o Paulo (RMSP) em julho. Foram 64 vagas extintas no per\u00edodo, ap\u00f3s outras 87 a menos registradas em junho. Ao todo, nesta [&hellip;]<\/p>\n","protected":false},"author":1,"featured_media":14324,"comment_status":"closed","ping_status":"open","sticky":false,"template":"","format":"standard","meta":{"tdm_status":"","tdm_grid_status":"","footnotes":""},"categories":[153],"tags":[89,199,156,53,632,620,158,694,160,200],"class_list":["post-14323","post","type-post","status-publish","format-standard","has-post-thumbnail","hentry","category-noticias","tag-caged","tag-comercio","tag-economia","tag-emprego","tag-estudo-setorial","tag-levantamento","tag-material-de-construcao","tag-mercado-de-trabalho","tag-pesquisa","tag-varejo"],"amp_enabled":true,"_links":{"self":[{"href":"https:\/\/sincomavi.org.br\/index.php?rest_route=\/wp\/v2\/posts\/14323","targetHints":{"allow":["GET"]}}],"collection":[{"href":"https:\/\/sincomavi.org.br\/index.php?rest_route=\/wp\/v2\/posts"}],"about":[{"href":"https:\/\/sincomavi.org.br\/index.php?rest_route=\/wp\/v2\/types\/post"}],"author":[{"embeddable":true,"href":"https:\/\/sincomavi.org.br\/index.php?rest_route=\/wp\/v2\/users\/1"}],"replies":[{"embeddable":true,"href":"https:\/\/sincomavi.org.br\/index.php?rest_route=%2Fwp%2Fv2%2Fcomments&post=14323"}],"version-history":[{"count":1,"href":"https:\/\/sincomavi.org.br\/index.php?rest_route=\/wp\/v2\/posts\/14323\/revisions"}],"predecessor-version":[{"id":14325,"href":"https:\/\/sincomavi.org.br\/index.php?rest_route=\/wp\/v2\/posts\/14323\/revisions\/14325"}],"wp:featuredmedia":[{"embeddable":true,"href":"https:\/\/sincomavi.org.br\/index.php?rest_route=\/wp\/v2\/media\/14324"}],"wp:attachment":[{"href":"https:\/\/sincomavi.org.br\/index.php?rest_route=%2Fwp%2Fv2%2Fmedia&parent=14323"}],"wp:term":[{"taxonomy":"category","embeddable":true,"href":"https:\/\/sincomavi.org.br\/index.php?rest_route=%2Fwp%2Fv2%2Fcategories&post=14323"},{"taxonomy":"post_tag","embeddable":true,"href":"https:\/\/sincomavi.org.br\/index.php?rest_route=%2Fwp%2Fv2%2Ftags&post=14323"}],"curies":[{"name":"wp","href":"https:\/\/api.w.org\/{rel}","templated":true}]}}