{"id":14319,"date":"2025-08-28T09:25:25","date_gmt":"2025-08-28T12:25:25","guid":{"rendered":"https:\/\/sincomavi.org.br\/?p=14319"},"modified":"2025-08-28T09:29:26","modified_gmt":"2025-08-28T12:29:26","slug":"confianca-do-comercio-e-da-industria-recua-em-agosto","status":"publish","type":"post","link":"https:\/\/sincomavi.org.br\/?p=14319","title":{"rendered":"Confian\u00e7a do com\u00e9rcio e da ind\u00fastria recua em agosto"},"content":{"rendered":"\n<hr class=\"wp-block-separator has-alpha-channel-opacity is-style-default\"\/>\n\n\n<div class=\"wp-block-post-date\"><time datetime=\"2025-08-28T09:25:25-03:00\">28 de agosto de 2025<\/time><\/div>\n\n\n<p>A confian\u00e7a dos empres\u00e1rios voltou a cair em agosto, refletindo a piora na avalia\u00e7\u00e3o da economia e das perspectivas futuras. No com\u00e9rcio, o \u00cdndice de Confian\u00e7a do Empres\u00e1rio do Com\u00e9rcio (Icec), medido pela Confedera\u00e7\u00e3o Nacional do Com\u00e9rcio de Bens, Servi\u00e7os e Turismo (CNC), recuou 3,1% em rela\u00e7\u00e3o a julho. J\u00e1 a ind\u00fastria registrou a maior retra\u00e7\u00e3o desde a pandemia, com queda de 4,4 pontos no \u00cdndice de Confian\u00e7a da Ind\u00fastria (ICI), calculado pelo Instituto Brasileiro de Economia da Funda\u00e7\u00e3o Getulio Vargas (FGV IBRE).<\/p>\n\n\n\n<p>No setor de com\u00e9rcio, a redu\u00e7\u00e3o foi puxada principalmente pelo pessimismo em rela\u00e7\u00e3o ao cen\u00e1rio econ\u00f4mico. Os itens que medem a percep\u00e7\u00e3o sobre as condi\u00e7\u00f5es atuais e as expectativas futuras ca\u00edram 3,5% e 3,9%, respectivamente. \u201cA confian\u00e7a do com\u00e9rcio \u00e9 um reflexo da economia. Juros altos e um cen\u00e1rio de incertezas mant\u00eam os empres\u00e1rios cautelosos. \u00c9 preciso sinalizar reformas estruturais e uma agenda econ\u00f4mica consistente para estimular novos aportes e empregos\u201d, avalia Jos\u00e9 Roberto Tadros, presidente do Sistema CNC-Sesc-Senac.<\/p>\n\n\n\n<p>A an\u00e1lise por segmentos mostrou que os empres\u00e1rios de bens dur\u00e1veis, como eletrodom\u00e9sticos, ve\u00edculos e materiais de constru\u00e7\u00e3o, sentiram mais fortemente os efeitos da alta dos juros, com queda de 8,8% na compara\u00e7\u00e3o anual. O recuo tamb\u00e9m atingiu setores ligados a bens essenciais, como supermercados e farm\u00e1cias, o que refor\u00e7a a percep\u00e7\u00e3o de perda generalizada de confian\u00e7a.<\/p>\n\n\n\n<p>Na ind\u00fastria, o resultado tamb\u00e9m foi negativo em todas as categorias avaliadas. A sondagem indicou preocupa\u00e7\u00e3o com o ac\u00famulo de estoques e maior pessimismo em rela\u00e7\u00e3o ao horizonte de seis meses. \u201cA queda da confian\u00e7a da ind\u00fastria em agosto refor\u00e7a a tend\u00eancia de inseguran\u00e7a entre os empres\u00e1rios. O resultado da sondagem est\u00e1 em linha com a complexidade da macroeconomia para o setor industrial no segundo semestre\u201d, ressalta St\u00e9fano Pacini, economista do FGV IBRE.<\/p>\n\n\n\n<p>Com\u00e9rcio e ind\u00fastria compartilham um cen\u00e1rio de cautela diante da pol\u00edtica monet\u00e1ria restritiva e das incertezas externas, especialmente nas rela\u00e7\u00f5es entre Brasil e Estados Unidos. A combina\u00e7\u00e3o de juros elevados e menor confian\u00e7a tende a impactar investimentos, contrata\u00e7\u00f5es e o ritmo de recupera\u00e7\u00e3o da economia no segundo semestre.<\/p>\n\n\n\n<hr class=\"wp-block-separator has-alpha-channel-opacity is-style-default\"\/>\n","protected":false},"excerpt":{"rendered":"<p>A confian\u00e7a dos empres\u00e1rios voltou a cair em agosto, refletindo a piora na avalia\u00e7\u00e3o da economia e das perspectivas futuras. No com\u00e9rcio, o \u00cdndice de Confian\u00e7a do Empres\u00e1rio do Com\u00e9rcio (Icec), medido pela Confedera\u00e7\u00e3o Nacional do Com\u00e9rcio de Bens, Servi\u00e7os e Turismo (CNC), recuou 3,1% em rela\u00e7\u00e3o a julho. J\u00e1 a ind\u00fastria registrou a maior [&hellip;]<\/p>\n","protected":false},"author":1,"featured_media":14322,"comment_status":"closed","ping_status":"open","sticky":false,"template":"","format":"standard","meta":{"tdm_status":"","tdm_grid_status":"","footnotes":""},"categories":[153],"tags":[288,199,204,156,966,442,620,158,160,200],"class_list":["post-14319","post","type-post","status-publish","format-standard","has-post-thumbnail","hentry","category-noticias","tag-cnc","tag-comercio","tag-confianca","tag-economia","tag-fgv-ibre-2","tag-industria","tag-levantamento","tag-material-de-construcao","tag-pesquisa","tag-varejo"],"amp_enabled":true,"_links":{"self":[{"href":"https:\/\/sincomavi.org.br\/index.php?rest_route=\/wp\/v2\/posts\/14319","targetHints":{"allow":["GET"]}}],"collection":[{"href":"https:\/\/sincomavi.org.br\/index.php?rest_route=\/wp\/v2\/posts"}],"about":[{"href":"https:\/\/sincomavi.org.br\/index.php?rest_route=\/wp\/v2\/types\/post"}],"author":[{"embeddable":true,"href":"https:\/\/sincomavi.org.br\/index.php?rest_route=\/wp\/v2\/users\/1"}],"replies":[{"embeddable":true,"href":"https:\/\/sincomavi.org.br\/index.php?rest_route=%2Fwp%2Fv2%2Fcomments&post=14319"}],"version-history":[{"count":1,"href":"https:\/\/sincomavi.org.br\/index.php?rest_route=\/wp\/v2\/posts\/14319\/revisions"}],"predecessor-version":[{"id":14321,"href":"https:\/\/sincomavi.org.br\/index.php?rest_route=\/wp\/v2\/posts\/14319\/revisions\/14321"}],"wp:featuredmedia":[{"embeddable":true,"href":"https:\/\/sincomavi.org.br\/index.php?rest_route=\/wp\/v2\/media\/14322"}],"wp:attachment":[{"href":"https:\/\/sincomavi.org.br\/index.php?rest_route=%2Fwp%2Fv2%2Fmedia&parent=14319"}],"wp:term":[{"taxonomy":"category","embeddable":true,"href":"https:\/\/sincomavi.org.br\/index.php?rest_route=%2Fwp%2Fv2%2Fcategories&post=14319"},{"taxonomy":"post_tag","embeddable":true,"href":"https:\/\/sincomavi.org.br\/index.php?rest_route=%2Fwp%2Fv2%2Ftags&post=14319"}],"curies":[{"name":"wp","href":"https:\/\/api.w.org\/{rel}","templated":true}]}}