{"id":14246,"date":"2025-08-18T15:25:00","date_gmt":"2025-08-18T18:25:00","guid":{"rendered":"https:\/\/sincomavi.org.br\/?p=14246"},"modified":"2025-08-18T11:41:12","modified_gmt":"2025-08-18T14:41:12","slug":"varejo-matcons-crescimento-modesto-em-agosto-aponta-ibevar-fia","status":"publish","type":"post","link":"https:\/\/sincomavi.org.br\/?p=14246","title":{"rendered":"Varejo matcons: crescimento modesto em agosto, aponta IBEVAR-FIA"},"content":{"rendered":"\n<hr class=\"wp-block-separator has-alpha-channel-opacity is-style-default\"\/>\n\n\n<div class=\"wp-block-post-date\"><time datetime=\"2025-08-18T15:25:00-03:00\">18 de agosto de 2025<\/time><\/div>\n\n\n<p>A proje\u00e7\u00e3o mais recente do Instituto Brasileiro de Executivos de Varejo (IBEVAR), em parceria com a FIA Business School, indica avan\u00e7o de 0,92% nas vendas do setor de material de constru\u00e7\u00e3o em agosto de 2025, na compara\u00e7\u00e3o com o mesmo per\u00edodo do ano anterior. Apesar de t\u00edmido, o desempenho refor\u00e7a uma trajet\u00f3ria de estabilidade para o segmento, mesmo diante de um cen\u00e1rio de desacelera\u00e7\u00e3o gradual no varejo como um todo.<\/p>\n\n\n\n<p>No varejo ampliado, que inclui ve\u00edculos, materiais de constru\u00e7\u00e3o e atacado aliment\u00edcio, a expectativa \u00e9 de crescimento de 3,99% em agosto. O setor de material de constru\u00e7\u00e3o, contudo, ficou atr\u00e1s de outros segmentos como artigos de uso pessoal (+8,09%) e vestu\u00e1rio (+4,88%), refletindo um ritmo mais cauteloso por parte dos consumidores. A proje\u00e7\u00e3o foi elaborada com base em s\u00e9ries temporais da Pesquisa Mensal do Com\u00e9rcio (PMC\/IBGE) e an\u00e1lise econom\u00e9trica.<\/p>\n\n\n\n<p>O levantamento tamb\u00e9m aponta para uma perda de f\u00f4lego nos meses seguintes. A expectativa \u00e9 que o crescimento do varejo ampliado desacelere para 3,72% em setembro e 3,27% em outubro, sinalizando um ambiente de maior cautela nas decis\u00f5es de consumo e investimento, o que pode afetar diretamente setores mais sens\u00edveis \u00e0 confian\u00e7a e ao cr\u00e9dito, como o de materiais de constru\u00e7\u00e3o.<\/p>\n\n\n\n<p>Para Claudio Felisoni, presidente do IBEVAR e professor da FIA, os dados demonstram resili\u00eancia no varejo, mas com forte heterogeneidade. \u201cEnquanto segmentos ligados ao consumo pessoal e sa\u00fade mant\u00eam trajet\u00f3ria positiva, setores tradicionais enfrentam press\u00f5es estruturais\u201d, avalia. O acumulado do ano at\u00e9 agosto projeta alta de 1,42% no varejo ampliado.<\/p>\n\n\n\n<hr class=\"wp-block-separator has-alpha-channel-opacity is-style-default\"\/>\n","protected":false},"excerpt":{"rendered":"<p>A proje\u00e7\u00e3o mais recente do Instituto Brasileiro de Executivos de Varejo (IBEVAR), em parceria com a FIA Business School, indica avan\u00e7o de 0,92% nas vendas do setor de material de constru\u00e7\u00e3o em agosto de 2025, na compara\u00e7\u00e3o com o mesmo per\u00edodo do ano anterior. Apesar de t\u00edmido, o desempenho refor\u00e7a uma trajet\u00f3ria de estabilidade para [&hellip;]<\/p>\n","protected":false},"author":1,"featured_media":14248,"comment_status":"closed","ping_status":"open","sticky":false,"template":"","format":"standard","meta":{"tdm_status":"","tdm_grid_status":"","footnotes":""},"categories":[153],"tags":[199,156,632,620,158,160,200,75],"class_list":["post-14246","post","type-post","status-publish","format-standard","has-post-thumbnail","hentry","category-noticias","tag-comercio","tag-economia","tag-estudo-setorial","tag-levantamento","tag-material-de-construcao","tag-pesquisa","tag-varejo","tag-vendas"],"amp_enabled":true,"_links":{"self":[{"href":"https:\/\/sincomavi.org.br\/index.php?rest_route=\/wp\/v2\/posts\/14246","targetHints":{"allow":["GET"]}}],"collection":[{"href":"https:\/\/sincomavi.org.br\/index.php?rest_route=\/wp\/v2\/posts"}],"about":[{"href":"https:\/\/sincomavi.org.br\/index.php?rest_route=\/wp\/v2\/types\/post"}],"author":[{"embeddable":true,"href":"https:\/\/sincomavi.org.br\/index.php?rest_route=\/wp\/v2\/users\/1"}],"replies":[{"embeddable":true,"href":"https:\/\/sincomavi.org.br\/index.php?rest_route=%2Fwp%2Fv2%2Fcomments&post=14246"}],"version-history":[{"count":1,"href":"https:\/\/sincomavi.org.br\/index.php?rest_route=\/wp\/v2\/posts\/14246\/revisions"}],"predecessor-version":[{"id":14247,"href":"https:\/\/sincomavi.org.br\/index.php?rest_route=\/wp\/v2\/posts\/14246\/revisions\/14247"}],"wp:featuredmedia":[{"embeddable":true,"href":"https:\/\/sincomavi.org.br\/index.php?rest_route=\/wp\/v2\/media\/14248"}],"wp:attachment":[{"href":"https:\/\/sincomavi.org.br\/index.php?rest_route=%2Fwp%2Fv2%2Fmedia&parent=14246"}],"wp:term":[{"taxonomy":"category","embeddable":true,"href":"https:\/\/sincomavi.org.br\/index.php?rest_route=%2Fwp%2Fv2%2Fcategories&post=14246"},{"taxonomy":"post_tag","embeddable":true,"href":"https:\/\/sincomavi.org.br\/index.php?rest_route=%2Fwp%2Fv2%2Ftags&post=14246"}],"curies":[{"name":"wp","href":"https:\/\/api.w.org\/{rel}","templated":true}]}}