{"id":14241,"date":"2025-08-18T11:20:00","date_gmt":"2025-08-18T14:20:00","guid":{"rendered":"https:\/\/sincomavi.org.br\/?p=14241"},"modified":"2025-08-18T10:13:26","modified_gmt":"2025-08-18T13:13:26","slug":"confianca-do-empresario-do-comercio-sobe-em-julho","status":"publish","type":"post","link":"https:\/\/sincomavi.org.br\/?p=14241","title":{"rendered":"Confian\u00e7a do empres\u00e1rio do com\u00e9rcio sobe em julho"},"content":{"rendered":"\n<hr class=\"wp-block-separator has-alpha-channel-opacity is-style-default\"\/>\n\n\n<div class=\"wp-block-post-date\"><time datetime=\"2025-08-18T11:20:00-03:00\">18 de agosto de 2025<\/time><\/div>\n\n\n<p>O \u00cdndice de Confian\u00e7a do Empres\u00e1rio do Com\u00e9rcio (ICEC), calculado pela Federa\u00e7\u00e3o do Com\u00e9rcio de Bens, Servi\u00e7os e Turismo do Estado de S\u00e3o Paulo (FecomercioSP), apresentou alta de 1,8% em julho, em compara\u00e7\u00e3o com o m\u00eas anterior. No entanto, em rela\u00e7\u00e3o ao mesmo per\u00edodo de 2024, houve queda de 3,7%, evidenciando que a pol\u00edtica econ\u00f4mica atual ainda gera cautela entre os empres\u00e1rios.<\/p>\n\n\n\n<p class=\"has-text-align-center\"><strong>\u00cdndice de Confian\u00e7a do Empres\u00e1rio do Com\u00e9rcio (ICEC)<\/strong><br>Julho de 2024 a julho de 2025<\/p>\n\n\n<style>.kb-image14241_88061e-31 .kb-image-has-overlay:after{opacity:0.3;}<\/style>\n<div class=\"wp-block-kadence-image kb-image14241_88061e-31\"><figure class=\"aligncenter size-full\"><img loading=\"lazy\" decoding=\"async\" width=\"573\" height=\"306\" src=\"https:\/\/sincomavi.org.br\/wp-content\/uploads\/2025\/08\/feco-julho.jpg\" alt=\"\" class=\"kb-img wp-image-14242\" srcset=\"https:\/\/sincomavi.org.br\/wp-content\/uploads\/2025\/08\/feco-julho.jpg 573w, https:\/\/sincomavi.org.br\/wp-content\/uploads\/2025\/08\/feco-julho-300x160.jpg 300w\" sizes=\"auto, (max-width: 573px) 100vw, 573px\" \/><\/figure><\/div>\n\n\n\n<p class=\"has-text-align-right\"><strong>Fonte: FecomercioSP<\/strong><\/p>\n\n\n\n<p>Ap\u00f3s cinco quedas consecutivas entre dezembro e abril, que levaram o ICEC ao menor n\u00edvel em quase quatro anos, o indicador acumula tr\u00eas altas seguidas e atingiu 102,8 pontos em julho, numa escala de 0 a 200, em que valores acima de 100 demonstram otimismo.<\/p>\n\n\n\n<p>Entre os componentes do ICEC, o \u00cdndice das Condi\u00e7\u00f5es Atuais do Empres\u00e1rio do Com\u00e9rcio (ICAEC) foi o que mais cresceu no m\u00eas, com alta de 3,8%. Mesmo assim, na compara\u00e7\u00e3o anual, a queda foi de 6,3%. O indicador est\u00e1 em 76,3 pontos e permanece abaixo da linha do otimismo h\u00e1 29 meses consecutivos, refletindo a percep\u00e7\u00e3o negativa sobre a rentabilidade, os custos e os juros.<\/p>\n\n\n\n<p>A FecomercioSP avalia que, embora as vendas recentes tenham ajudado a melhorar o desempenho, o ambiente de neg\u00f3cios continua pressionado por margens estreitas, cr\u00e9dito caro e d\u00edvidas ainda contra\u00eddas no per\u00edodo da pandemia.<\/p>\n\n\n\n<h2 class=\"wp-block-heading\">Expectativas e investimentos<\/h2>\n\n\n\n<p>O \u00cdndice de Expectativa do Empres\u00e1rio do Com\u00e9rcio (IEEC) voltou a cair em julho, ap\u00f3s tr\u00eas meses de crescimento. Houve retra\u00e7\u00e3o de 0,8% em rela\u00e7\u00e3o a junho e de 5,8% no comparativo anual, alcan\u00e7ando 128,4 pontos. J\u00e1 o \u00cdndice de Investimento do Empres\u00e1rio do Com\u00e9rcio (IIEC) apresentou alta mensal de 3,7% e anual de 1,1%, chegando a 103,7 pontos.<\/p>\n\n\n\n<p>Apesar de permanecer na zona de otimismo, o indicador revela que os empres\u00e1rios mant\u00eam postura cautelosa em rela\u00e7\u00e3o a novos investimentos, especialmente diante da combina\u00e7\u00e3o de incertezas econ\u00f4micas e juros elevados.<\/p>\n\n\n\n<p>O \u00cdndice de Expans\u00e3o do Com\u00e9rcio (IEC) cresceu 5,5% em julho, em rela\u00e7\u00e3o ao m\u00eas anterior, e 2,3% na compara\u00e7\u00e3o anual, alcan\u00e7ando 107,7 pontos. O avan\u00e7o foi puxado pelo aumento da expectativa de contrata\u00e7\u00e3o de funcion\u00e1rios (ECF), que subiu 3,6% e atingiu 118,4 pontos, e pelo N\u00edvel de Investimento das Empresas (NIE), que teve eleva\u00e7\u00e3o de 7,9%, mas segue no campo do pessimismo, com 97,1 pontos.<\/p>\n\n\n\n<p>Esse resultado reflete uma recupera\u00e7\u00e3o parcial ap\u00f3s seis quedas seguidas do indicador entre novembro e maio. Ainda assim, os empres\u00e1rios permanecem conservadores quanto a investimentos em estrutura, equipamentos e expans\u00e3o de lojas.<\/p>\n\n\n\n<hr class=\"wp-block-separator has-alpha-channel-opacity is-style-default\"\/>\n","protected":false},"excerpt":{"rendered":"<p>O \u00cdndice de Confian\u00e7a do Empres\u00e1rio do Com\u00e9rcio (ICEC), calculado pela Federa\u00e7\u00e3o do Com\u00e9rcio de Bens, Servi\u00e7os e Turismo do Estado de S\u00e3o Paulo (FecomercioSP), apresentou alta de 1,8% em julho, em compara\u00e7\u00e3o com o m\u00eas anterior. No entanto, em rela\u00e7\u00e3o ao mesmo per\u00edodo de 2024, houve queda de 3,7%, evidenciando que a pol\u00edtica econ\u00f4mica [&hellip;]<\/p>\n","protected":false},"author":1,"featured_media":14243,"comment_status":"closed","ping_status":"open","sticky":false,"template":"","format":"standard","meta":{"tdm_status":"","tdm_grid_status":"","footnotes":""},"categories":[153],"tags":[199,204,156,580,620,160,200],"class_list":["post-14241","post","type-post","status-publish","format-standard","has-post-thumbnail","hentry","category-noticias","tag-comercio","tag-confianca","tag-economia","tag-fecomerciosp","tag-levantamento","tag-pesquisa","tag-varejo"],"amp_enabled":true,"_links":{"self":[{"href":"https:\/\/sincomavi.org.br\/index.php?rest_route=\/wp\/v2\/posts\/14241","targetHints":{"allow":["GET"]}}],"collection":[{"href":"https:\/\/sincomavi.org.br\/index.php?rest_route=\/wp\/v2\/posts"}],"about":[{"href":"https:\/\/sincomavi.org.br\/index.php?rest_route=\/wp\/v2\/types\/post"}],"author":[{"embeddable":true,"href":"https:\/\/sincomavi.org.br\/index.php?rest_route=\/wp\/v2\/users\/1"}],"replies":[{"embeddable":true,"href":"https:\/\/sincomavi.org.br\/index.php?rest_route=%2Fwp%2Fv2%2Fcomments&post=14241"}],"version-history":[{"count":2,"href":"https:\/\/sincomavi.org.br\/index.php?rest_route=\/wp\/v2\/posts\/14241\/revisions"}],"predecessor-version":[{"id":14245,"href":"https:\/\/sincomavi.org.br\/index.php?rest_route=\/wp\/v2\/posts\/14241\/revisions\/14245"}],"wp:featuredmedia":[{"embeddable":true,"href":"https:\/\/sincomavi.org.br\/index.php?rest_route=\/wp\/v2\/media\/14243"}],"wp:attachment":[{"href":"https:\/\/sincomavi.org.br\/index.php?rest_route=%2Fwp%2Fv2%2Fmedia&parent=14241"}],"wp:term":[{"taxonomy":"category","embeddable":true,"href":"https:\/\/sincomavi.org.br\/index.php?rest_route=%2Fwp%2Fv2%2Fcategories&post=14241"},{"taxonomy":"post_tag","embeddable":true,"href":"https:\/\/sincomavi.org.br\/index.php?rest_route=%2Fwp%2Fv2%2Ftags&post=14241"}],"curies":[{"name":"wp","href":"https:\/\/api.w.org\/{rel}","templated":true}]}}