{"id":14221,"date":"2025-08-15T09:57:55","date_gmt":"2025-08-15T12:57:55","guid":{"rendered":"https:\/\/sincomavi.org.br\/?p=14221"},"modified":"2025-08-15T09:58:57","modified_gmt":"2025-08-15T12:58:57","slug":"vendas-de-material-de-construcao-caem-66-em-junho-no-estado-de-sao-paulo","status":"publish","type":"post","link":"https:\/\/sincomavi.org.br\/?p=14221","title":{"rendered":"Vendas de matcons caem 6,6% em junho no Estado de S\u00e3o Paulo"},"content":{"rendered":"\n<hr class=\"wp-block-separator has-alpha-channel-opacity is-style-default\"\/>\n\n\n<div class=\"wp-block-post-date\"><time datetime=\"2025-08-15T09:57:55-03:00\">15 de agosto de 2025<\/time><\/div>\n\n\n<p>A Pesquisa Mensal do Com\u00e9rcio (PMC), do Instituto Brasileiro de Geografia e Estat\u00edstica (IBGE), revela que em junho o volume de vendas do com\u00e9rcio paulista de material de constru\u00e7\u00e3o apresentou retra\u00e7\u00e3o de 6,6% em rela\u00e7\u00e3o ao mesmo m\u00eas do ano passado. A queda ocorreu ap\u00f3s uma breve recupera\u00e7\u00e3o das vendas em maio, resultado que foi precedido por recuo em abril. Em territ\u00f3rio nacional o cen\u00e1rio se mostra tamb\u00e9m negativo, por\u00e9m n\u00e3o t\u00e3o agudo quanto no Estado de S\u00e3o Paulo. O volume de vendas do com\u00e9rcio brasileiro de material de constru\u00e7\u00e3o apresentou baixa de 3,6% em compara\u00e7\u00e3o a junho de 2024, depois de um avan\u00e7o de 5,1% em maio, tamb\u00e9m na compara\u00e7\u00e3o anual.&nbsp;<\/p>\n\n\n\n<h2 class=\"wp-block-heading has-text-align-center\">Evolu\u00e7\u00e3o mensal do \u00edndice de volume de vendas do com\u00e9rcio de material de constru\u00e7\u00e3o \u2013 M\u00eas contra mesmo m\u00eas do ano anterior<\/h2>\n\n\n\n<p class=\"has-text-align-center\"><img loading=\"lazy\" decoding=\"async\" width=\"568\" height=\"362\" src=\"https:\/\/lh7-rt.googleusercontent.com\/docsz\/AD_4nXfuz8j0IJ8n_VzwY_8_UXLGpdBPtS1U1DY718pW21sSNxrdUNiU8q3U4Gnj7-izCpoVZUk7q57Rxxoy1r4NsFBwmhkB-aLJMaff0DdWwmVw_lz8vJ45xuF-OJborDwA6AoVVFR4OQY6E7svRD6dOso?key=82G916GbWdAaIUrclb0CyQ\"><\/p>\n\n\n\n<p class=\"has-text-align-right\"><strong>Fonte: PMC \u2013 IBGE<\/strong><\/p>\n\n\n\n<p>Com o resultado ruim em junho, as vendas acumuladas no primeiro semestre do ano passaram a registrar um avan\u00e7o de apenas 1,4% &#8211; menos da metade do que era acumulado nos cinco primeiros meses do ano, que era de aumento de 3,1%. No pa\u00eds, o setor acumulou eleva\u00e7\u00e3o de 2,7% nesta primeira metade de 2025.<\/p>\n\n\n\n<p>J\u00e1 em doze meses, como pode ser observado no gr\u00e1fico abaixo, ocorreu uma desacelera\u00e7\u00e3o do indicador paulista, que chegou a marcar em mar\u00e7o eleva\u00e7\u00e3o de 7,1% e agora alcan\u00e7a 4,3%. Novamente o dado estadual se mostra menor que o do desempenho nacional, que avan\u00e7a 5,1%.<\/p>\n\n\n\n<h2 class=\"wp-block-heading has-text-align-center\">Evolu\u00e7\u00e3o do \u00edndice de volume de vendas do com\u00e9rcio de material de constru\u00e7\u00e3o do Estado de S\u00e3o Paulo \u2013 Taxa acumulada de 12 meses<\/h2>\n\n\n\n<p class=\"has-text-align-center\"><img loading=\"lazy\" decoding=\"async\" width=\"561\" height=\"361\" src=\"https:\/\/lh7-rt.googleusercontent.com\/docsz\/AD_4nXcPAWM3sLe-3rWUdexN4wdvxsFrqFDf-ytufunFOAvTCVHrqEQ4FuRcS3_yywxI-edDKmWHp8JPAQ8TKXtPRSySTH8O0HZmW9zUeeIvix7NgBknU2RT3e9hVRXfWB0NRA8S2Gt-O40yWv97RsNjRA?key=82G916GbWdAaIUrclb0CyQ\"><\/p>\n\n\n\n<p class=\"has-text-align-right\"><strong>Fonte: PMC \u2013 IBGE<\/strong><\/p>\n\n\n\n<p>O economista Jaime Vasconcellos comenta que j\u00e1 era esperado para junho n\u00fameros realmente mais t\u00edmidos que os de maio, at\u00e9 pelos desafios conjunturais ao consumo e, consequentemente, ao varejo de material de constru\u00e7\u00e3o, em especial pelos efeitos de juros elevados, endividamento e inadimpl\u00eancia altos e infla\u00e7\u00e3o persistente. \u201cTodavia, a retra\u00e7\u00e3o de mais de 6% em junho chama a aten\u00e7\u00e3o e foi auxiliada at\u00e9 mesmo pelo efeito do calend\u00e1rio, devido a menos dias \u00fateis em tal m\u00eas em 2025, em rela\u00e7\u00e3o a 2024, causado pelo feriado de Corpus Christi\u201d, avalia.&nbsp;<\/p>\n\n\n\n<p>Em sua opini\u00e3o, ainda assim, o que salta aos olhos \u00e9 a perda de ritmo do volume de vendas do setor neste segundo trimestre do ano e aqui, novamente, n\u00e3o se pode deixar de citar os efeitos diretos e negativos da conjuntura atual da economia brasileira. \u201cA tend\u00eancia \u00e9 de manuten\u00e7\u00e3o da tal trajet\u00f3ria mais fraca, cabendo a expectativa quanto \u00e0 sua profundidade para este segundo semestre\u201d, alerta.&nbsp;<\/p>\n\n\n\n<p class=\"has-small-font-size\">OBS: O Volume de Vendas observado pela PMC resulta da defla\u00e7\u00e3o dos valores nominais correntes da receita bruta de revenda por \u00edndices de pre\u00e7os espec\u00edficos para cada grupo de atividade, e para cada Unidade da Federa\u00e7\u00e3o, constru\u00eddos a partir dos relativos de pre\u00e7os do IPCA e do Sistema Nacional de Pesquisa de Custos e \u00cdndices da Constru\u00e7\u00e3o Civil \u2013 SINAPI. A pesquisa tamb\u00e9m avalia apenas empresas com 20 ocupados ou mais.<\/p>\n\n\n\n<hr class=\"wp-block-separator has-alpha-channel-opacity is-style-default\"\/>\n","protected":false},"excerpt":{"rendered":"<p>A Pesquisa Mensal do Com\u00e9rcio (PMC), do Instituto Brasileiro de Geografia e Estat\u00edstica (IBGE), revela que em junho o volume de vendas do com\u00e9rcio paulista de material de constru\u00e7\u00e3o apresentou retra\u00e7\u00e3o de 6,6% em rela\u00e7\u00e3o ao mesmo m\u00eas do ano passado. A queda ocorreu ap\u00f3s uma breve recupera\u00e7\u00e3o das vendas em maio, resultado que foi [&hellip;]<\/p>\n","protected":false},"author":1,"featured_media":14222,"comment_status":"closed","ping_status":"open","sticky":false,"template":"","format":"standard","meta":{"tdm_status":"","tdm_grid_status":"","footnotes":""},"categories":[153],"tags":[199,156,632,620,158,160,665,1319,200,75],"class_list":["post-14221","post","type-post","status-publish","format-standard","has-post-thumbnail","hentry","category-noticias","tag-comercio","tag-economia","tag-estudo-setorial","tag-levantamento","tag-material-de-construcao","tag-pesquisa","tag-pesquisa-mensal-do-comercio","tag-pmc-ibge","tag-varejo","tag-vendas"],"amp_enabled":true,"_links":{"self":[{"href":"https:\/\/sincomavi.org.br\/index.php?rest_route=\/wp\/v2\/posts\/14221","targetHints":{"allow":["GET"]}}],"collection":[{"href":"https:\/\/sincomavi.org.br\/index.php?rest_route=\/wp\/v2\/posts"}],"about":[{"href":"https:\/\/sincomavi.org.br\/index.php?rest_route=\/wp\/v2\/types\/post"}],"author":[{"embeddable":true,"href":"https:\/\/sincomavi.org.br\/index.php?rest_route=\/wp\/v2\/users\/1"}],"replies":[{"embeddable":true,"href":"https:\/\/sincomavi.org.br\/index.php?rest_route=%2Fwp%2Fv2%2Fcomments&post=14221"}],"version-history":[{"count":2,"href":"https:\/\/sincomavi.org.br\/index.php?rest_route=\/wp\/v2\/posts\/14221\/revisions"}],"predecessor-version":[{"id":14224,"href":"https:\/\/sincomavi.org.br\/index.php?rest_route=\/wp\/v2\/posts\/14221\/revisions\/14224"}],"wp:featuredmedia":[{"embeddable":true,"href":"https:\/\/sincomavi.org.br\/index.php?rest_route=\/wp\/v2\/media\/14222"}],"wp:attachment":[{"href":"https:\/\/sincomavi.org.br\/index.php?rest_route=%2Fwp%2Fv2%2Fmedia&parent=14221"}],"wp:term":[{"taxonomy":"category","embeddable":true,"href":"https:\/\/sincomavi.org.br\/index.php?rest_route=%2Fwp%2Fv2%2Fcategories&post=14221"},{"taxonomy":"post_tag","embeddable":true,"href":"https:\/\/sincomavi.org.br\/index.php?rest_route=%2Fwp%2Fv2%2Ftags&post=14221"}],"curies":[{"name":"wp","href":"https:\/\/api.w.org\/{rel}","templated":true}]}}