{"id":14202,"date":"2025-08-20T09:08:00","date_gmt":"2025-08-20T12:08:00","guid":{"rendered":"https:\/\/sincomavi.org.br\/?p=14202"},"modified":"2025-08-13T15:12:09","modified_gmt":"2025-08-13T18:12:09","slug":"sincomavi-divulga-video-explicativo-sobre-o-processo-das-ccts","status":"publish","type":"post","link":"https:\/\/sincomavi.org.br\/?p=14202","title":{"rendered":"Sincomavi divulga v\u00eddeo explicativo sobre o processo das CCTs"},"content":{"rendered":"\n<hr class=\"wp-block-separator has-alpha-channel-opacity is-style-default\"\/>\n\n\n<div class=\"wp-block-post-date\"><time datetime=\"2025-08-20T09:08:00-03:00\">20 de agosto de 2025<\/time><\/div>\n\n\n<p>O Sincomavi produziu e disponibilizou um v\u00eddeo com o objetivo de esclarecer, de forma objetiva, como funciona o processo de negocia\u00e7\u00e3o das <strong>Conven\u00e7\u00f5es Coletivas de Trabalho (CCTs)<\/strong>. O material apresenta, passo a passo, as etapas que definem o reajuste salarial e demais cl\u00e1usulas que regulam as rela\u00e7\u00f5es de trabalho no setor.<\/p>\n\n\n\n<p>A cada ciclo anual de negocia\u00e7\u00f5es, o sindicato dos empregados encaminha ao Sincomavi uma pauta de reivindica\u00e7\u00f5es. Ap\u00f3s o recebimento do documento, a entidade patronal convoca uma <strong>Assembleia Geral Extraordin\u00e1ria (AGE)<\/strong> para apresentar o conte\u00fado aos empres\u00e1rios representados e ouvir suas considera\u00e7\u00f5es. A assembleia \u00e9 respons\u00e1vel por definir os par\u00e2metros que orientar\u00e3o as tratativas com o sindicato laboral, sendo soberana em suas decis\u00f5es.<\/p>\n\n\n\n<p>Com as diretrizes aprovadas, o Sincomavi d\u00e1 in\u00edcio \u00e0s negocia\u00e7\u00f5es, que podem ser conclu\u00eddas rapidamente ou demandar diversas rodadas, dependendo do cen\u00e1rio econ\u00f4mico. Em muitos casos, diferentes conven\u00e7\u00f5es s\u00e3o discutidas simultaneamente.<\/p>\n\n\n\n<p>A filosofia adotada pela entidade \u00e9 manter as cl\u00e1usulas da conven\u00e7\u00e3o claras, objetivas e vi\u00e1veis para empresas de todos os portes. O conte\u00fado da CCT n\u00e3o se limita ao reajuste salarial, abrangendo tamb\u00e9m direitos sociais e outras disposi\u00e7\u00f5es que buscam equil\u00edbrio nas rela\u00e7\u00f5es de trabalho.<\/p>\n\n\n\n<p>O Sincomavi ressalta que esse trabalho de representa\u00e7\u00e3o e negocia\u00e7\u00e3o s\u00f3 \u00e9 poss\u00edvel devido aos recursos provenientes da <strong>Contribui\u00e7\u00e3o Assistencial Patronal<\/strong>, recolhida anualmente em novembro. Essa receita viabiliza a atua\u00e7\u00e3o da entidade na defesa dos interesses do com\u00e9rcio varejista e na busca por condi\u00e7\u00f5es justas para todo o segmento.<\/p>\n\n\n\n<h3 class=\"wp-block-heading\">Confira o v\u00eddeo no bot\u00e3o abaixo.<\/h3>\n\n\n\n<div class=\"wp-block-buttons is-layout-flex wp-block-buttons-is-layout-flex\">\n<div class=\"wp-block-button\"><a class=\"wp-block-button__link wp-element-button\" href=\"https:\/\/sincomavi.org.br\/wp-content\/uploads\/2025\/08\/VIDEO-CCT-2025.mp4\" target=\"_blank\" rel=\"noreferrer noopener\">CLIQUE AQUI<\/a><\/div>\n<\/div>\n\n\n\n<hr class=\"wp-block-separator has-alpha-channel-opacity is-style-default\"\/>\n","protected":false},"excerpt":{"rendered":"<p>O Sincomavi produziu e disponibilizou um v\u00eddeo com o objetivo de esclarecer, de forma objetiva, como funciona o processo de negocia\u00e7\u00e3o das Conven\u00e7\u00f5es Coletivas de Trabalho (CCTs). O material apresenta, passo a passo, as etapas que definem o reajuste salarial e demais cl\u00e1usulas que regulam as rela\u00e7\u00f5es de trabalho no setor. A cada ciclo anual [&hellip;]<\/p>\n","protected":false},"author":1,"featured_media":14203,"comment_status":"closed","ping_status":"open","sticky":false,"template":"","format":"standard","meta":{"tdm_status":"","tdm_grid_status":"","footnotes":""},"categories":[153],"tags":[199,747,363,200],"class_list":["post-14202","post","type-post","status-publish","format-standard","has-post-thumbnail","hentry","category-noticias","tag-comercio","tag-convencoes-coletivas-de-trabalho","tag-relacoes-trabalhistas","tag-varejo"],"amp_enabled":true,"_links":{"self":[{"href":"https:\/\/sincomavi.org.br\/index.php?rest_route=\/wp\/v2\/posts\/14202","targetHints":{"allow":["GET"]}}],"collection":[{"href":"https:\/\/sincomavi.org.br\/index.php?rest_route=\/wp\/v2\/posts"}],"about":[{"href":"https:\/\/sincomavi.org.br\/index.php?rest_route=\/wp\/v2\/types\/post"}],"author":[{"embeddable":true,"href":"https:\/\/sincomavi.org.br\/index.php?rest_route=\/wp\/v2\/users\/1"}],"replies":[{"embeddable":true,"href":"https:\/\/sincomavi.org.br\/index.php?rest_route=%2Fwp%2Fv2%2Fcomments&post=14202"}],"version-history":[{"count":1,"href":"https:\/\/sincomavi.org.br\/index.php?rest_route=\/wp\/v2\/posts\/14202\/revisions"}],"predecessor-version":[{"id":14204,"href":"https:\/\/sincomavi.org.br\/index.php?rest_route=\/wp\/v2\/posts\/14202\/revisions\/14204"}],"wp:featuredmedia":[{"embeddable":true,"href":"https:\/\/sincomavi.org.br\/index.php?rest_route=\/wp\/v2\/media\/14203"}],"wp:attachment":[{"href":"https:\/\/sincomavi.org.br\/index.php?rest_route=%2Fwp%2Fv2%2Fmedia&parent=14202"}],"wp:term":[{"taxonomy":"category","embeddable":true,"href":"https:\/\/sincomavi.org.br\/index.php?rest_route=%2Fwp%2Fv2%2Fcategories&post=14202"},{"taxonomy":"post_tag","embeddable":true,"href":"https:\/\/sincomavi.org.br\/index.php?rest_route=%2Fwp%2Fv2%2Ftags&post=14202"}],"curies":[{"name":"wp","href":"https:\/\/api.w.org\/{rel}","templated":true}]}}