{"id":1420,"date":"2019-10-03T08:34:49","date_gmt":"2019-10-03T11:34:49","guid":{"rendered":"https:\/\/sincomavi.org.br\/?p=1420"},"modified":"2019-10-07T08:44:27","modified_gmt":"2019-10-07T11:44:27","slug":"novas-regras-para-a-publicacao-de-atos-de-companhias-fechadas","status":"publish","type":"post","link":"https:\/\/sincomavi.org.br\/?p=1420","title":{"rendered":"Novas regras para a publica\u00e7\u00e3o de atos de companhias fechadas"},"content":{"rendered":"\n<p>Publicada no DOU de 30\/09\/2019 a Portaria n\u00ba 529, de 26 de setembro de 2019, que regulamenta o \u00a74\u00ba do art. 289 da\u00a0<a rel=\"noreferrer noopener\" href=\"http:\/\/www.planalto.gov.br\/ccivil_03\/leis\/L6404consol.htm\" target=\"_blank\"><strong>Lei n\u00ba 6.404\/1976<\/strong><\/a>\u00a0\u2013\u00a0 Lei das Sociedades por A\u00e7\u00f5es (S.A.) \u2013 que disp\u00f5e sobre a forma de publica\u00e7\u00e3o e de divulga\u00e7\u00e3o dos atos relativos \u00e0s companhias fechadas.\u00a0<\/p>\n\n\n\n<p>A portaria estabelece que sociedades\nan\u00f4nimas fechadas publicar\u00e3o gratuitamente seus atos societ\u00e1rios na Central de\nBalan\u00e7os do Sistema P\u00fablico de Escritura\u00e7\u00e3o Digital (SPED).<\/p>\n\n\n\n<h2 class=\"wp-block-heading\"><strong>O que muda<\/strong><\/h2>\n\n\n\n<p>A Central de Balan\u00e7os, que entrar\u00e1 em\nopera\u00e7\u00e3o a partir do dia 14 de outubro, contar\u00e1 com certifica\u00e7\u00e3o digital de\nautenticidade dos documentos no padr\u00e3o ICP-Brasil, al\u00e9m de permitir a emiss\u00e3o\nde&nbsp;documentos que comprovem a autenticidade, a inalterabilidade e a data\nde publica\u00e7\u00e3o de atos empresariais exigidos pela Lei das S.A.&nbsp;<\/p>\n\n\n\n<p>O sistema prover\u00e1 acesso\ncentralizado, r\u00e1pido, p\u00fablico e gratuito aos arquivos, com garantia de\ninalterabilidade e versionamento desses documentos. Dentre os impactos\npositivos do processo de digitaliza\u00e7\u00e3o desses dados est\u00e3o a desburocratiza\u00e7\u00e3o e\na redu\u00e7\u00e3o do custo Brasil. A Central de Balan\u00e7os se tornar\u00e1 o reposit\u00f3rio\ngratuito de divulga\u00e7\u00e3o de demonstra\u00e7\u00f5es cont\u00e1beis e demais atos societ\u00e1rios de\nS.A. fechadas, eliminando-se os custos com a publica\u00e7\u00e3o em jornais ou di\u00e1rios\noficiais.&nbsp;<\/p>\n\n\n\n<p>A medida tamb\u00e9m modernizar\u00e1 a forma\nde acesso aos dados cont\u00e1beis de companhias fechadas, que estar\u00e3o dispon\u00edveis \u00e0\nsociedade pela Internet, de forma mais r\u00e1pida, gratuita e simples. O\ncertificado digital garantir\u00e1 a integridade e a autenticidade dessas\ninforma\u00e7\u00f5es.&nbsp;<\/p>\n\n\n\n<p>Empresas de menor porte ter\u00e3o mais\nfacilidade de acesso ao mercado de capitais pela redu\u00e7\u00e3o dos custos de\nconformidade com a lei que rege as sociedades an\u00f4nimas. As informa\u00e7\u00f5es\ncont\u00e1beis tamb\u00e9m ficar\u00e3o mais acess\u00edveis \u00e0s institui\u00e7\u00f5es financeiras,\ndiminuindo poss\u00edveis assimetrias de informa\u00e7\u00e3o em opera\u00e7\u00f5es de cr\u00e9dito.<\/p>\n\n\n\n<h2 class=\"wp-block-heading\">\u00cdntegra da portaria. \u00a0<\/h2>\n\n\n\n<h3 class=\"wp-block-heading\">Di\u00e1rio\nOficial da Uni\u00e3o \u2013 Se\u00e7\u00e3o 1 &#8211; N\u00ba 189, segunda-feira, 30 de setembro de\n2019&nbsp;<\/h3>\n\n\n\n<p><em>MINIST\u00c9RIO DA ECONOMIA\u00a0&#8211; GABINETE DO MINISTRO<\/em><\/p>\n\n\n\n<h4 class=\"wp-block-heading\">PORTARIA\nN\u00ba 529, DE 26 DE SETEMBRO DE 2019<\/h4>\n\n\n\n<p style=\"text-align:center\"><em>Disp\u00f5e sobre a publica\u00e7\u00e3o e divulga\u00e7\u00e3o dos atos das companhias fechadas, ordenadas pela Lei n\u00ba 6.404, de 15 de dezembro de 1976, na Central de Balan\u00e7os (CB) do Sistema P\u00fablico de Escritura\u00e7\u00e3o Digital (SPED).<\/em><\/p>\n\n\n\n<p>O MINISTRO DE ESTADO DA ECONOMIA, no\nuso das atribui\u00e7\u00f5es que lhe conferem os incisos I e IV do par\u00e1grafo \u00fanico do\nart. 87 da Constitui\u00e7\u00e3o; e considerando o disposto no \u00a7 4\u00ba do art. 289 da Lei\nn\u00ba 6.404, de 15 de dezembro de 1976, com reda\u00e7\u00e3o dada pela Medida Provis\u00f3ria n\u00ba\n892, de 5 de agosto de 2019, resolve:<\/p>\n\n\n\n<p>Art. 1\u00ba A publica\u00e7\u00e3o dos atos de companhias fechadas e a divulga\u00e7\u00e3o de suas informa\u00e7\u00f5es, ordenadas pela\u00a0<a rel=\"noreferrer noopener\" href=\"http:\/\/www.planalto.gov.br\/ccivil_03\/leis\/L6404consol.htm\" target=\"_blank\"><strong>Lei n\u00ba 6.404, de 15 de dezembro de 1976<\/strong><\/a>, ser\u00e3o feitas na Central de Balan\u00e7os (CB) do Sistema P\u00fablico de Escritura\u00e7\u00e3o Digital (SPED), institu\u00edda pelo\u00a0<a rel=\"noreferrer noopener\" href=\"http:\/\/www.planalto.gov.br\/ccivil_03\/_ato2007-2010\/2007\/Decreto\/D6022.htm\" target=\"_blank\"><strong>Decreto n\u00ba 6.022, de 22 de janeiro de 2007.<\/strong><\/a><\/p>\n\n\n\n<p>\u00a7 1\u00ba A publica\u00e7\u00e3o e a divulga\u00e7\u00e3o de\nque trata o caput contar\u00e3o com a certifica\u00e7\u00e3o digital da autenticidade dos\ndocumentos mantidos em s\u00edtio eletr\u00f4nico por meio de autoridade certificadora\ncredenciada pela Infraestrutura de Chaves P\u00fablicas Brasileira &#8211; ICPBrasil.<\/p>\n\n\n\n<p>\u00a7 2\u00ba Sem preju\u00edzo do disposto no\ncaput, as companhias fechadas disponibilizar\u00e3o as publica\u00e7\u00f5es e divulga\u00e7\u00f5es\nordenadas pela Lei n\u00ba 6.404, de 1976, em seu s\u00edtio eletr\u00f4nico, observado o\ndisposto no \u00a7 1\u00ba.<\/p>\n\n\n\n<p>\u00a7 3\u00ba O SPED permitir\u00e1 a emiss\u00e3o de\ndocumentos que comprovem a autenticidade, a inalterabilidade e a data de\npublica\u00e7\u00e3o dos atos tratados no caput.<\/p>\n\n\n\n<p>\u00a7 4\u00ba N\u00e3o ser\u00e3o cobradas taxas para as\npublica\u00e7\u00f5es e divulga\u00e7\u00f5es de que tratam este artigo.<\/p>\n\n\n\n<p>Art. 2\u00ba A publica\u00e7\u00e3o e a divulga\u00e7\u00e3o\nde que trata o art. 1\u00ba n\u00e3o est\u00e3o sujeitas ao disposto no art. 4\u00ba do Decreto n\u00ba\n6.022, de 2007.<\/p>\n\n\n\n<p>Art. 3\u00ba A disponibiliza\u00e7\u00e3o da CB do\nSPED, para promover o disposto no art. 1\u00ba, ocorrer\u00e1 em 14 de outubro de 2019.<\/p>\n\n\n\n<p>Art. 4\u00ba Esta Portaria entra em vigor\nna data de sua publica\u00e7\u00e3o.<\/p>\n\n\n\n<p>PAULO GUEDES<\/p>\n\n\n\n<p><em>Fonte: FecomercioSP<\/em><\/p>\n","protected":false},"excerpt":{"rendered":"<p>Publicada no DOU de 30\/09\/2019 a Portaria n\u00ba 529, de 26 de setembro de 2019, que regulamenta o \u00a74\u00ba do art. 289 da\u00a0Lei n\u00ba 6.404\/1976\u00a0\u2013\u00a0 Lei das Sociedades por A\u00e7\u00f5es (S.A.) \u2013 que disp\u00f5e sobre a forma de publica\u00e7\u00e3o e de divulga\u00e7\u00e3o dos atos relativos \u00e0s companhias fechadas.\u00a0 A portaria estabelece que sociedades an\u00f4nimas fechadas [&hellip;]<\/p>\n","protected":false},"author":1,"featured_media":1421,"comment_status":"closed","ping_status":"open","sticky":false,"template":"","format":"standard","meta":{"tdm_status":"","tdm_grid_status":"","footnotes":""},"categories":[153],"tags":[257,125],"class_list":["post-1420","post","type-post","status-publish","format-standard","has-post-thumbnail","hentry","category-noticias","tag-lei-das-sociedades-fechadas","tag-sped"],"amp_enabled":true,"_links":{"self":[{"href":"https:\/\/sincomavi.org.br\/index.php?rest_route=\/wp\/v2\/posts\/1420","targetHints":{"allow":["GET"]}}],"collection":[{"href":"https:\/\/sincomavi.org.br\/index.php?rest_route=\/wp\/v2\/posts"}],"about":[{"href":"https:\/\/sincomavi.org.br\/index.php?rest_route=\/wp\/v2\/types\/post"}],"author":[{"embeddable":true,"href":"https:\/\/sincomavi.org.br\/index.php?rest_route=\/wp\/v2\/users\/1"}],"replies":[{"embeddable":true,"href":"https:\/\/sincomavi.org.br\/index.php?rest_route=%2Fwp%2Fv2%2Fcomments&post=1420"}],"version-history":[{"count":1,"href":"https:\/\/sincomavi.org.br\/index.php?rest_route=\/wp\/v2\/posts\/1420\/revisions"}],"predecessor-version":[{"id":1422,"href":"https:\/\/sincomavi.org.br\/index.php?rest_route=\/wp\/v2\/posts\/1420\/revisions\/1422"}],"wp:featuredmedia":[{"embeddable":true,"href":"https:\/\/sincomavi.org.br\/index.php?rest_route=\/wp\/v2\/media\/1421"}],"wp:attachment":[{"href":"https:\/\/sincomavi.org.br\/index.php?rest_route=%2Fwp%2Fv2%2Fmedia&parent=1420"}],"wp:term":[{"taxonomy":"category","embeddable":true,"href":"https:\/\/sincomavi.org.br\/index.php?rest_route=%2Fwp%2Fv2%2Fcategories&post=1420"},{"taxonomy":"post_tag","embeddable":true,"href":"https:\/\/sincomavi.org.br\/index.php?rest_route=%2Fwp%2Fv2%2Ftags&post=1420"}],"curies":[{"name":"wp","href":"https:\/\/api.w.org\/{rel}","templated":true}]}}