{"id":14181,"date":"2025-08-11T17:25:00","date_gmt":"2025-08-11T20:25:00","guid":{"rendered":"https:\/\/sincomavi.org.br\/?p=14181"},"modified":"2025-08-11T15:31:36","modified_gmt":"2025-08-11T18:31:36","slug":"confianca-do-consumidor-recua-e-pressiona-consumo-em-sp-aponta-fecomerciosp","status":"publish","type":"post","link":"https:\/\/sincomavi.org.br\/?p=14181","title":{"rendered":"Confian\u00e7a do consumidor recua e pressiona consumo em SP, aponta FecomercioSP"},"content":{"rendered":"\n<hr class=\"wp-block-separator has-alpha-channel-opacity is-style-default\"\/>\n\n\n<div class=\"wp-block-post-date\"><time datetime=\"2025-08-11T17:25:00-03:00\">11 de agosto de 2025<\/time><\/div>\n\n\n<p>A instabilidade econ\u00f4mica continua a afetar a confian\u00e7a e o consumo dos paulistanos. Segundo pesquisa da Federa\u00e7\u00e3o do Com\u00e9rcio de Bens, Servi\u00e7os e Turismo do Estado de S\u00e3o Paulo (FecomercioSP), em julho, o \u00cdndice de Confian\u00e7a do Consumidor (ICC) caiu 3,5% em rela\u00e7\u00e3o a junho, alcan\u00e7ando 108,9 pontos, enquanto a Inten\u00e7\u00e3o de Consumo das Fam\u00edlias (ICF) manteve-se est\u00e1vel, em 105,1 pontos. Apesar da queda, ambos permanecem acima da linha de otimismo (100 pontos).<\/p>\n\n\n\n<h2 class=\"wp-block-heading has-text-align-center\"><strong>\u00cdndice de Confian\u00e7a do Consumidor (ICC)<\/strong><br><em>S\u00e9rie hist\u00f3rica (13 meses)<\/em><\/h2>\n\n\n<style>.kb-image14181_77e7f7-b0 .kb-image-has-overlay:after{opacity:0.3;}<\/style>\n<div class=\"wp-block-kadence-image kb-image14181_77e7f7-b0\"><figure class=\"aligncenter size-full\"><img loading=\"lazy\" decoding=\"async\" width=\"559\" height=\"269\" src=\"https:\/\/sincomavi.org.br\/wp-content\/uploads\/2025\/08\/FECO1.jpg\" alt=\"\" class=\"kb-img wp-image-14182\" srcset=\"https:\/\/sincomavi.org.br\/wp-content\/uploads\/2025\/08\/FECO1.jpg 559w, https:\/\/sincomavi.org.br\/wp-content\/uploads\/2025\/08\/FECO1-300x144.jpg 300w\" sizes=\"auto, (max-width: 559px) 100vw, 559px\" \/><figcaption><strong>Fonte: FecomercioSP<\/strong><\/figcaption><\/figure><\/div>\n\n\n\n<p>Na compara\u00e7\u00e3o com julho de 2024, o ICC acumula retra\u00e7\u00e3o de 14,7%, registrando 12 meses consecutivos de baixa. O ICF recuou 1% no mesmo per\u00edodo. Para a FecomercioSP, o cen\u00e1rio \u00e9 influenciado por fatores como a taxa b\u00e1sica de juros (Selic) elevada em 15%, o aumento do IOF e restri\u00e7\u00f5es comerciais impostas pelos Estados Unidos. O com\u00e9rcio tamb\u00e9m enfrenta custos operacionais altos, cr\u00e9dito restrito e demanda contida, o que deve tornar a recupera\u00e7\u00e3o da confian\u00e7a gradativa.<\/p>\n\n\n\n<p>Entre os sete componentes do ICF, cinco avan\u00e7aram no m\u00eas: perspectiva profissional (1,7%), momento para dur\u00e1veis (1,7%), perspectiva de consumo (1,2%), n\u00edvel de consumo atual (1%) e acesso ao cr\u00e9dito (0,5%). Houve queda nos itens emprego atual (-0,8%) e renda atual (-0,6%). O indicador \u201cmomento para dur\u00e1veis\u201d registrou a maior baixa anual (-13,4%), permanecendo na zona de pessimismo, com 69,8 pontos.<\/p>\n\n\n\n<h2 class=\"wp-block-heading has-text-align-center\"><strong>Inten\u00e7\u00e3o de Consumo das Fam\u00edlias \u2013 vari\u00e1veis<\/strong><\/h2>\n\n\n<style>.kb-image14181_d91b3d-4c .kb-image-has-overlay:after{opacity:0.3;}<\/style>\n<div class=\"wp-block-kadence-image kb-image14181_d91b3d-4c\"><figure class=\"aligncenter size-full\"><img loading=\"lazy\" decoding=\"async\" width=\"604\" height=\"214\" src=\"https:\/\/sincomavi.org.br\/wp-content\/uploads\/2025\/08\/feco2.jpg\" alt=\"\" class=\"kb-img wp-image-14183\" srcset=\"https:\/\/sincomavi.org.br\/wp-content\/uploads\/2025\/08\/feco2.jpg 604w, https:\/\/sincomavi.org.br\/wp-content\/uploads\/2025\/08\/feco2-300x106.jpg 300w\" sizes=\"auto, (max-width: 604px) 100vw, 604px\" \/><\/figure><\/div>\n\n\n\n<p>O levantamento mostra que, entre fam\u00edlias com renda acima de dez sal\u00e1rios m\u00ednimos, o ICF recuou 1,2% no m\u00eas e 4,2% no ano, refletindo cautela diante da incerteza fiscal, mesmo com renda est\u00e1vel e cr\u00e9dito dispon\u00edvel. J\u00e1 entre fam\u00edlias com renda de at\u00e9 dez sal\u00e1rios m\u00ednimos, houve alta de 1,2% no m\u00eas e estabilidade no ano (0,2%), sustentada pela melhora na perspectiva profissional e no acesso ao cr\u00e9dito.<\/p>\n\n\n\n<p>No ICC, o \u00cdndice das Condi\u00e7\u00f5es Econ\u00f4micas Atuais (ICEA) caiu 4,8%, para 102,7 pontos, e o \u00cdndice de Expectativas do Consumidor (IEC) recuou 2,7% no m\u00eas e 15,9% em 12 meses, atingindo 113,1 pontos. Apenas mulheres (1,6%) e consumidores com 35 anos ou mais (3,2%) registraram avan\u00e7o na confian\u00e7a.<\/p>\n\n\n\n<p>Na composi\u00e7\u00e3o dos pre\u00e7os, o grupo habita\u00e7\u00e3o subiu 0,99% no m\u00eas, puxado pela alta de 2,96% na energia el\u00e9trica, enquanto alimenta\u00e7\u00e3o e bebidas tiveram leve defla\u00e7\u00e3o (-0,18%). Mesmo assim, a infla\u00e7\u00e3o elevada e os juros altos seguem limitando o poder de compra e o acesso ao cr\u00e9dito, aumentando o endividamento e a vulnerabilidade financeira das fam\u00edlias.<\/p>\n\n\n\n<hr class=\"wp-block-separator has-alpha-channel-opacity is-style-default\"\/>\n","protected":false},"excerpt":{"rendered":"<p>A instabilidade econ\u00f4mica continua a afetar a confian\u00e7a e o consumo dos paulistanos. Segundo pesquisa da Federa\u00e7\u00e3o do Com\u00e9rcio de Bens, Servi\u00e7os e Turismo do Estado de S\u00e3o Paulo (FecomercioSP), em julho, o \u00cdndice de Confian\u00e7a do Consumidor (ICC) caiu 3,5% em rela\u00e7\u00e3o a junho, alcan\u00e7ando 108,9 pontos, enquanto a Inten\u00e7\u00e3o de Consumo das Fam\u00edlias [&hellip;]<\/p>\n","protected":false},"author":1,"featured_media":14184,"comment_status":"closed","ping_status":"open","sticky":false,"template":"","format":"standard","meta":{"tdm_status":"","tdm_grid_status":"","footnotes":""},"categories":[153],"tags":[204,205,156,1417,620,773,160,383,200,75],"class_list":["post-14181","post","type-post","status-publish","format-standard","has-post-thumbnail","hentry","category-noticias","tag-confianca","tag-consumidor","tag-economia","tag-expectativa","tag-levantamento","tag-perspectiva","tag-pesquisa","tag-relacoes-de-consumo","tag-varejo","tag-vendas"],"amp_enabled":true,"_links":{"self":[{"href":"https:\/\/sincomavi.org.br\/index.php?rest_route=\/wp\/v2\/posts\/14181","targetHints":{"allow":["GET"]}}],"collection":[{"href":"https:\/\/sincomavi.org.br\/index.php?rest_route=\/wp\/v2\/posts"}],"about":[{"href":"https:\/\/sincomavi.org.br\/index.php?rest_route=\/wp\/v2\/types\/post"}],"author":[{"embeddable":true,"href":"https:\/\/sincomavi.org.br\/index.php?rest_route=\/wp\/v2\/users\/1"}],"replies":[{"embeddable":true,"href":"https:\/\/sincomavi.org.br\/index.php?rest_route=%2Fwp%2Fv2%2Fcomments&post=14181"}],"version-history":[{"count":1,"href":"https:\/\/sincomavi.org.br\/index.php?rest_route=\/wp\/v2\/posts\/14181\/revisions"}],"predecessor-version":[{"id":14185,"href":"https:\/\/sincomavi.org.br\/index.php?rest_route=\/wp\/v2\/posts\/14181\/revisions\/14185"}],"wp:featuredmedia":[{"embeddable":true,"href":"https:\/\/sincomavi.org.br\/index.php?rest_route=\/wp\/v2\/media\/14184"}],"wp:attachment":[{"href":"https:\/\/sincomavi.org.br\/index.php?rest_route=%2Fwp%2Fv2%2Fmedia&parent=14181"}],"wp:term":[{"taxonomy":"category","embeddable":true,"href":"https:\/\/sincomavi.org.br\/index.php?rest_route=%2Fwp%2Fv2%2Fcategories&post=14181"},{"taxonomy":"post_tag","embeddable":true,"href":"https:\/\/sincomavi.org.br\/index.php?rest_route=%2Fwp%2Fv2%2Ftags&post=14181"}],"curies":[{"name":"wp","href":"https:\/\/api.w.org\/{rel}","templated":true}]}}