{"id":1417,"date":"2019-10-07T08:32:49","date_gmt":"2019-10-07T11:32:49","guid":{"rendered":"https:\/\/sincomavi.org.br\/?p=1417"},"modified":"2019-10-17T08:00:04","modified_gmt":"2019-10-17T11:00:04","slug":"fator-acidentario-de-prevencao-2020-portaria-no-1-079","status":"publish","type":"post","link":"https:\/\/sincomavi.org.br\/?p=1417","title":{"rendered":"Fator Acident\u00e1rio de Preven\u00e7\u00e3o 2020 &#8211; Portaria N\u00ba 1.079"},"content":{"rendered":"\n<p>Divulgada, em 26 de\nsetembro de 2019, a Portaria n\u00ba 1.079 da Secretaria de Previd\u00eancia e Trabalho \u2013\nMinist\u00e9rio da Economia, que disp\u00f5e sobre a publica\u00e7\u00e3o dos \u00edndices de\nfrequ\u00eancia, gravidade e custo, por atividade econ\u00f4mica, considerados para o\nc\u00e1lculo do Fator Acident\u00e1rio de Preven\u00e7\u00e3o (FAP) do ano de 2019, com vig\u00eancia\npara o ano de 2020, considerando informa\u00e7\u00f5es dos bancos de dados da previd\u00eancia\nsocial relativas aos anos de 2017 e 2018.<\/p>\n\n\n\n<p>O Fator Acident\u00e1rio de\nPreven\u00e7\u00e3o, em vigor desde janeiro de 2010, \u00e9 um multiplicador vari\u00e1vel num\nintervalo cont\u00ednuo de 0,5000 a 2,0000, a ser aplicado \u00e0 respectiva al\u00edquota dos\nRiscos Ambientais do Trabalho &#8211; RAT, que pode ser reduzida pela metade ou\nduplicada. Cria um ajuste \u00e0 al\u00edquota do RAT atrav\u00e9s de um tratamento\nestat\u00edstico da gravidade, frequ\u00eancia e custo dos acidentes relativos \u00e0 empresa.\nPortanto, na pr\u00e1tica, o FAP amplia as al\u00edquotas do RAT de 1% a 3% para 0,5% a\n6%.<\/p>\n\n\n\n<p>S\u00e3o considerados no\nc\u00e1lculo os benef\u00edcios acident\u00e1rios e os \u00f3bitos registrados pela Comunica\u00e7\u00e3o de\nAcidentes do Trabalho \u2013 CAT. S\u00e3o exclu\u00eddos do c\u00e1lculo os acidentes que resultem\nem incapacidade inferiores a 16 dias, e a morte e benef\u00edcios acident\u00e1rios\ndecorrentes do trajeto na ida ou retorno do trabalho.<\/p>\n\n\n\n<h2 class=\"wp-block-heading\">Consulta do Fator\nAcident\u00e1rio de Preven\u00e7\u00e3o 2020<\/h2>\n\n\n\n<p>A consulta do FAP 2020 da empresa estar\u00e1 dispon\u00edvel\u00a0a partir do dia 30 de setembro de 2019, mediante acesso por senha pessoal, nos s\u00edtios da <a rel=\"noreferrer noopener\" aria-label=\"Previd\u00eancia  (abre numa nova aba)\" href=\"http:\/\/www.previdencia.gov.br\" target=\"_blank\"><strong>Previd\u00eancia <\/strong><\/a>e da <a rel=\"noreferrer noopener\" aria-label=\"Receita Federal (abre numa nova aba)\" href=\"http:\/\/www.receita.economia.gov.br\" target=\"_blank\"><strong>Receita Federal<\/strong><\/a>.<\/p>\n\n\n\n<h2 class=\"wp-block-heading\">Contesta\u00e7\u00e3o do FAP 2020<\/h2>\n\n\n\n<p>As empresas poder\u00e3o\napresentar contesta\u00e7\u00e3o dos elementos do c\u00e1lculo do FAP 2020 atrav\u00e9s do&nbsp;formul\u00e1rio\neletr\u00f4nico de contesta\u00e7\u00e3o&nbsp;no per\u00edodo de&nbsp;01 de novembro de 2019 a 30\nde novembro de 2019. Os argumentos devem ser exclusivamente relativos \u00e0s\ndiverg\u00eancias quanto aos elementos previdenci\u00e1rios que comp\u00f5em o c\u00e1lculo do FAP.<\/p>\n\n\n\n<p>Da decis\u00e3o proferida\ncaber\u00e1 recurso eletr\u00f4nico, no prazo de trinta dias, contado da data da\npublica\u00e7\u00e3o do resultado no Di\u00e1rio Oficial da Uni\u00e3o.<\/p>\n\n\n\n<p><em>Fonte: Assessoria t\u00e9cnica da FecomercioSP<\/em><\/p>\n","protected":false},"excerpt":{"rendered":"<p>Divulgada, em 26 de setembro de 2019, a Portaria n\u00ba 1.079 da Secretaria de Previd\u00eancia e Trabalho \u2013 Minist\u00e9rio da Economia, que disp\u00f5e sobre a publica\u00e7\u00e3o dos \u00edndices de frequ\u00eancia, gravidade e custo, por atividade econ\u00f4mica, considerados para o c\u00e1lculo do Fator Acident\u00e1rio de Preven\u00e7\u00e3o (FAP) do ano de 2019, com vig\u00eancia para o ano [&hellip;]<\/p>\n","protected":false},"author":1,"featured_media":1418,"comment_status":"closed","ping_status":"open","sticky":false,"template":"","format":"standard","meta":{"tdm_status":"","tdm_grid_status":"","footnotes":""},"categories":[153],"tags":[255,256],"class_list":["post-1417","post","type-post","status-publish","format-standard","has-post-thumbnail","hentry","category-noticias","tag-fap","tag-portaria"],"amp_enabled":true,"_links":{"self":[{"href":"https:\/\/sincomavi.org.br\/index.php?rest_route=\/wp\/v2\/posts\/1417","targetHints":{"allow":["GET"]}}],"collection":[{"href":"https:\/\/sincomavi.org.br\/index.php?rest_route=\/wp\/v2\/posts"}],"about":[{"href":"https:\/\/sincomavi.org.br\/index.php?rest_route=\/wp\/v2\/types\/post"}],"author":[{"embeddable":true,"href":"https:\/\/sincomavi.org.br\/index.php?rest_route=\/wp\/v2\/users\/1"}],"replies":[{"embeddable":true,"href":"https:\/\/sincomavi.org.br\/index.php?rest_route=%2Fwp%2Fv2%2Fcomments&post=1417"}],"version-history":[{"count":1,"href":"https:\/\/sincomavi.org.br\/index.php?rest_route=\/wp\/v2\/posts\/1417\/revisions"}],"predecessor-version":[{"id":1419,"href":"https:\/\/sincomavi.org.br\/index.php?rest_route=\/wp\/v2\/posts\/1417\/revisions\/1419"}],"wp:featuredmedia":[{"embeddable":true,"href":"https:\/\/sincomavi.org.br\/index.php?rest_route=\/wp\/v2\/media\/1418"}],"wp:attachment":[{"href":"https:\/\/sincomavi.org.br\/index.php?rest_route=%2Fwp%2Fv2%2Fmedia&parent=1417"}],"wp:term":[{"taxonomy":"category","embeddable":true,"href":"https:\/\/sincomavi.org.br\/index.php?rest_route=%2Fwp%2Fv2%2Fcategories&post=1417"},{"taxonomy":"post_tag","embeddable":true,"href":"https:\/\/sincomavi.org.br\/index.php?rest_route=%2Fwp%2Fv2%2Ftags&post=1417"}],"curies":[{"name":"wp","href":"https:\/\/api.w.org\/{rel}","templated":true}]}}