{"id":14162,"date":"2025-08-12T09:55:53","date_gmt":"2025-08-12T12:55:53","guid":{"rendered":"https:\/\/sincomavi.org.br\/?p=14162"},"modified":"2025-08-11T13:57:05","modified_gmt":"2025-08-11T16:57:05","slug":"sincomavi-reforca-pedido-de-aprovacao-do-pl-6-005-23-para-protecao-do-comercio-varejista","status":"publish","type":"post","link":"https:\/\/sincomavi.org.br\/?p=14162","title":{"rendered":"Sincomavi refor\u00e7a pedido de aprova\u00e7\u00e3o do PL 6.005\/23 para prote\u00e7\u00e3o do com\u00e9rcio varejista"},"content":{"rendered":"\n<hr class=\"wp-block-separator has-alpha-channel-opacity is-style-default\"\/>\n\n\n<div class=\"wp-block-post-date\"><time datetime=\"2025-08-12T09:55:53-03:00\">12 de agosto de 2025<\/time><\/div>\n\n\n<p>O Sincomavi encaminhou of\u00edcio ao Presidente da C\u00e2mara dos Deputados solicitando a aprova\u00e7\u00e3o c\u00e9lere do Projeto de Lei 6.005\/2023 (confira no bot\u00e3o abaixo). O mesmo pedido foi encaminhado aos presidentes das comiss\u00f5es de Ind\u00fastria, Com\u00e9rcio e Servi\u00e7os, deputado federal Beto Richa, e da de Constitui\u00e7\u00e3o e Justi\u00e7a e de Cidadania, deputado federal Paulo Azi. A proposta busca estabelecer regras que evitem a concorr\u00eancia desleal da ind\u00fastria com o com\u00e9rcio varejista, pr\u00e1tica que amea\u00e7a a sustentabilidade de milhares de empresas do setor.<\/p>\n\n\n\n<p>No documento a entidade destaca que a competi\u00e7\u00e3o direta dos fornecedores com os revendedores desequilibra o mercado, favorece o abuso de posi\u00e7\u00e3o dominante, estimula dumping interno e prejudica a livre concorr\u00eancia. Essa pr\u00e1tica resulta no fechamento de estabelecimentos, perda de empregos e enfraquecimento da economia local.<\/p>\n\n\n\n<h2 class=\"wp-block-heading\"><strong>N\u00e3o se esque\u00e7a<\/strong><\/h2>\n\n\n\n<p>Esse tipo de a\u00e7\u00e3o s\u00f3 acontece em raz\u00e3o dos recursos angariados pela contribui\u00e7\u00e3o assistencial patronal do Sincomavi com vencimento anual em novembro. Sem recursos, n\u00e3o h\u00e1 of\u00edcio, n\u00e3o h\u00e1 press\u00e3o no Congresso, n\u00e3o h\u00e1 defesa. <strong>Sem contribui\u00e7\u00e3o, sem representa\u00e7\u00e3o.<\/strong> Resultado: voc\u00ea fica sozinho diante da concorr\u00eancia desleal.<\/p>\n\n\n\n<p>Os recursos obtidos com a contribui\u00e7\u00e3o assistencial, garantem na pr\u00e1tica:<\/p>\n\n\n\n<ul class=\"wp-block-list\">\n<li>Defesa legislativa e press\u00e3o institucional em Bras\u00edlia: Sincomavi, FecomercioSP e CNC trabalhando juntos por voc\u00ea.<\/li>\n\n\n\n<li>Negocia\u00e7\u00f5es coletivas mais equilibradas.<\/li>\n\n\n\n<li>Orienta\u00e7\u00e3o jur\u00eddica e regulat\u00f3ria para evitar multas e preju\u00edzos.<\/li>\n\n\n\n<li>Comunica\u00e7\u00e3o e mobiliza\u00e7\u00e3o do setor contra pr\u00e1ticas predat\u00f3rias.<\/li>\n<\/ul>\n\n\n\n<p>A\u00e7\u00e3o imediata: <strong>mantenha sua contribui\u00e7\u00e3o em dia<\/strong> e fortale\u00e7a a \u00fanica barreira entre o seu neg\u00f3cio e a concorr\u00eancia desleal. Ou voc\u00ea financia a sua defesa \u2014 ou financia o problema.<\/p>\n\n\n\n<div class=\"wp-block-buttons is-layout-flex wp-block-buttons-is-layout-flex\">\n<div class=\"wp-block-button\"><a class=\"wp-block-button__link wp-element-button\" href=\"https:\/\/sincomavi.org.br\/wp-content\/uploads\/2025\/08\/OFICIO-PRES.-CAMARA-PARA-APROVACAO-DO-PL-no-6.005_2023-min-scaled.jpg\" target=\"_blank\" rel=\"noreferrer noopener\">OF\u00cdCIO<\/a><\/div>\n<\/div>\n\n\n\n<div style=\"height:27px\" aria-hidden=\"true\" class=\"wp-block-spacer\"><\/div>\n\n\n\n<p><strong>PARTICIPE:<\/strong> envie um e-mail para o Presidente da C\u00e2mara, aos presidentes das comiss\u00f5es de Ind\u00fastria, Com\u00e9rcio e Servi\u00e7os e da de Constitui\u00e7\u00e3o e Justi\u00e7a e de Cidadania e ao deputado federal que voc\u00ea votou, demonstrando que o nosso setor exige essa prote\u00e7\u00e3o.<\/p>\n\n\n\n<p><a href=\"https:\/\/docs.google.com\/document\/d\/1lCowjr9uauydcHoj6SDetQy5Vil3I7NaZbyi9gMm9D0\/\" target=\"_blank\" rel=\"noreferrer noopener\"><strong>\ud83d\udd17 CLIQUE AQUI E ENVIE SUA MENSAGEM AGORA<\/strong><\/a><\/p>\n\n\n\n<hr class=\"wp-block-separator has-alpha-channel-opacity is-style-default\"\/>\n","protected":false},"excerpt":{"rendered":"<p>O Sincomavi encaminhou of\u00edcio ao Presidente da C\u00e2mara dos Deputados solicitando a aprova\u00e7\u00e3o c\u00e9lere do Projeto de Lei 6.005\/2023 (confira no bot\u00e3o abaixo). O mesmo pedido foi encaminhado aos presidentes das comiss\u00f5es de Ind\u00fastria, Com\u00e9rcio e Servi\u00e7os, deputado federal Beto Richa, e da de Constitui\u00e7\u00e3o e Justi\u00e7a e de Cidadania, deputado federal Paulo Azi. A [&hellip;]<\/p>\n","protected":false},"author":1,"featured_media":14164,"comment_status":"closed","ping_status":"open","sticky":false,"template":"","format":"standard","meta":{"tdm_status":"","tdm_grid_status":"","footnotes":""},"categories":[157],"tags":[199,200],"class_list":["post-14162","post","type-post","status-publish","format-standard","has-post-thumbnail","hentry","category-alerta","tag-comercio","tag-varejo"],"amp_enabled":true,"_links":{"self":[{"href":"https:\/\/sincomavi.org.br\/index.php?rest_route=\/wp\/v2\/posts\/14162","targetHints":{"allow":["GET"]}}],"collection":[{"href":"https:\/\/sincomavi.org.br\/index.php?rest_route=\/wp\/v2\/posts"}],"about":[{"href":"https:\/\/sincomavi.org.br\/index.php?rest_route=\/wp\/v2\/types\/post"}],"author":[{"embeddable":true,"href":"https:\/\/sincomavi.org.br\/index.php?rest_route=\/wp\/v2\/users\/1"}],"replies":[{"embeddable":true,"href":"https:\/\/sincomavi.org.br\/index.php?rest_route=%2Fwp%2Fv2%2Fcomments&post=14162"}],"version-history":[{"count":5,"href":"https:\/\/sincomavi.org.br\/index.php?rest_route=\/wp\/v2\/posts\/14162\/revisions"}],"predecessor-version":[{"id":14173,"href":"https:\/\/sincomavi.org.br\/index.php?rest_route=\/wp\/v2\/posts\/14162\/revisions\/14173"}],"wp:featuredmedia":[{"embeddable":true,"href":"https:\/\/sincomavi.org.br\/index.php?rest_route=\/wp\/v2\/media\/14164"}],"wp:attachment":[{"href":"https:\/\/sincomavi.org.br\/index.php?rest_route=%2Fwp%2Fv2%2Fmedia&parent=14162"}],"wp:term":[{"taxonomy":"category","embeddable":true,"href":"https:\/\/sincomavi.org.br\/index.php?rest_route=%2Fwp%2Fv2%2Fcategories&post=14162"},{"taxonomy":"post_tag","embeddable":true,"href":"https:\/\/sincomavi.org.br\/index.php?rest_route=%2Fwp%2Fv2%2Ftags&post=14162"}],"curies":[{"name":"wp","href":"https:\/\/api.w.org\/{rel}","templated":true}]}}