{"id":14160,"date":"2025-08-11T09:03:27","date_gmt":"2025-08-11T12:03:27","guid":{"rendered":"https:\/\/sincomavi.org.br\/?p=14160"},"modified":"2025-08-11T09:03:27","modified_gmt":"2025-08-11T12:03:27","slug":"varejo-conta-com-alta-de-14-em-julho-segundo-o-iget","status":"publish","type":"post","link":"https:\/\/sincomavi.org.br\/?p=14160","title":{"rendered":"Varejo conta com alta de 1,4% em julho, segundo o IGet"},"content":{"rendered":"\n<hr class=\"wp-block-separator has-alpha-channel-opacity is-style-default\"\/>\n\n\n<div class=\"wp-block-post-date\"><time datetime=\"2025-08-11T09:03:27-03:00\">11 de agosto de 2025<\/time><\/div>\n\n\n<p>O indicador desenvolvido pelo Santander em parceria com a Getnet, o IGet, registrou uma eleva\u00e7\u00e3o de 1,4% em julho no \u00edndice do varejo ampliado. Esse resultado ocorre depois de tr\u00eas quedas consecutivas. Na compara\u00e7\u00e3o interanual, o crescimento foi de 6,3%. O setor de material de constru\u00e7\u00e3o apresentou na varia\u00e7\u00e3o mensal estabilidade de 0,3%.<\/p>\n\n\n\n<p>&nbsp;J\u00e1 o \u00edndice restrito variou positivamente em 1,1% no m\u00eas. Entre os destaques em desempenho est\u00e3o as categorias&nbsp; m\u00f3veis e eletrodom\u00e9sticos (+4,5%), artigos farmac\u00eauticos (+2,1%), outros artigos de uso pessoal (+2,0%) e supermercados (+0,9%). Os segmentos que recuaram&nbsp; foram vestu\u00e1rio, com -6,4% e combust\u00edveis, -0,5%.&nbsp;<\/p>\n\n\n\n<p>O economista Gabriel Couto comenta que a expectativa \u00e9 de desacelera\u00e7\u00e3o em raz\u00e3o dos impactos da pol\u00edtica monet\u00e1ria restritiva, embora, segundo ele, o mercado de trabalho aquecido siga impedindo uma perda de ritmo mais forte e repentina. \u201cAdicionalmente, novos impulsos como a linha de cr\u00e9dito consignado para trabalhadores do setor privado e o pagamento de precat\u00f3rios s\u00e3o fatores adicionais de sustenta\u00e7\u00e3o&#8221;, finaliza.<\/p>\n\n\n\n<hr class=\"wp-block-separator has-alpha-channel-opacity is-style-default\"\/>\n","protected":false},"excerpt":{"rendered":"<p>O indicador desenvolvido pelo Santander em parceria com a Getnet, o IGet, registrou uma eleva\u00e7\u00e3o de 1,4% em julho no \u00edndice do varejo ampliado. Esse resultado ocorre depois de tr\u00eas quedas consecutivas. Na compara\u00e7\u00e3o interanual, o crescimento foi de 6,3%. O setor de material de constru\u00e7\u00e3o apresentou na varia\u00e7\u00e3o mensal estabilidade de 0,3%. &nbsp;J\u00e1 o [&hellip;]<\/p>\n","protected":false},"author":1,"featured_media":5931,"comment_status":"closed","ping_status":"open","sticky":false,"template":"","format":"standard","meta":{"tdm_status":"","tdm_grid_status":"","footnotes":""},"categories":[153],"tags":[199,156,620,158,160,200,75],"class_list":["post-14160","post","type-post","status-publish","format-standard","has-post-thumbnail","hentry","category-noticias","tag-comercio","tag-economia","tag-levantamento","tag-material-de-construcao","tag-pesquisa","tag-varejo","tag-vendas"],"amp_enabled":true,"_links":{"self":[{"href":"https:\/\/sincomavi.org.br\/index.php?rest_route=\/wp\/v2\/posts\/14160","targetHints":{"allow":["GET"]}}],"collection":[{"href":"https:\/\/sincomavi.org.br\/index.php?rest_route=\/wp\/v2\/posts"}],"about":[{"href":"https:\/\/sincomavi.org.br\/index.php?rest_route=\/wp\/v2\/types\/post"}],"author":[{"embeddable":true,"href":"https:\/\/sincomavi.org.br\/index.php?rest_route=\/wp\/v2\/users\/1"}],"replies":[{"embeddable":true,"href":"https:\/\/sincomavi.org.br\/index.php?rest_route=%2Fwp%2Fv2%2Fcomments&post=14160"}],"version-history":[{"count":1,"href":"https:\/\/sincomavi.org.br\/index.php?rest_route=\/wp\/v2\/posts\/14160\/revisions"}],"predecessor-version":[{"id":14161,"href":"https:\/\/sincomavi.org.br\/index.php?rest_route=\/wp\/v2\/posts\/14160\/revisions\/14161"}],"wp:featuredmedia":[{"embeddable":true,"href":"https:\/\/sincomavi.org.br\/index.php?rest_route=\/wp\/v2\/media\/5931"}],"wp:attachment":[{"href":"https:\/\/sincomavi.org.br\/index.php?rest_route=%2Fwp%2Fv2%2Fmedia&parent=14160"}],"wp:term":[{"taxonomy":"category","embeddable":true,"href":"https:\/\/sincomavi.org.br\/index.php?rest_route=%2Fwp%2Fv2%2Fcategories&post=14160"},{"taxonomy":"post_tag","embeddable":true,"href":"https:\/\/sincomavi.org.br\/index.php?rest_route=%2Fwp%2Fv2%2Ftags&post=14160"}],"curies":[{"name":"wp","href":"https:\/\/api.w.org\/{rel}","templated":true}]}}