{"id":14147,"date":"2025-08-11T09:12:00","date_gmt":"2025-08-11T12:12:00","guid":{"rendered":"https:\/\/sincomavi.org.br\/?p=14147"},"modified":"2025-08-08T10:40:32","modified_gmt":"2025-08-08T13:40:32","slug":"livro-de-flavio-picchi-sobre-pensamento-lean-sera-lancado-no-lean-summit-2025","status":"publish","type":"post","link":"https:\/\/sincomavi.org.br\/?p=14147","title":{"rendered":"Livro de Fl\u00e1vio Picchi sobre pensamento lean ser\u00e1 lan\u00e7ado no Lean Summit 2025"},"content":{"rendered":"\n<hr class=\"wp-block-separator has-alpha-channel-opacity is-style-default\"\/>\n\n\n<div class=\"wp-block-post-date\"><time datetime=\"2025-08-11T09:12:00-03:00\">11 de agosto de 2025<\/time><\/div>\n\n\n<p>O Lean Institute Brasil (LIB) lan\u00e7ar\u00e1, no dia 26 de agosto, o livro <em>O poder do pensamento lean \u2013 como desenvolver solucionadores de problemas que melhoram processos e superam metas<\/em>, de Fl\u00e1vio Augusto Picchi, engenheiro e professor Livre Docente da Unicamp. A obra ser\u00e1 apresentada durante o Lean Summit 2025, no Distrito Anhembi, em S\u00e3o Paulo, evento que reunir\u00e1 mais de 120 executivos de mais de 100 empresas adeptas da gest\u00e3o lean.<\/p>\n\n\n\n<p>Com 185 p\u00e1ginas, a publica\u00e7\u00e3o traz 68 textos que explicam de forma objetiva e aprofundada os fundamentos do sistema lean, modelo de gest\u00e3o originado no m\u00e9todo Toyota. O conte\u00fado \u00e9 dividido em nove cap\u00edtulos que abordam lideran\u00e7a, pessoas, clientes, estrat\u00e9gia, sistema de gest\u00e3o, fluxos de valor, ferramentas lean, m\u00e9todos de melhoria e cultura organizacional. A estrutura do livro permite leitura linear ou por temas espec\u00edficos.<\/p>\n\n\n\n<p>A obra re\u00fane colunas publicadas por Picchi na <em>\u00c9poca NEG\u00d3CIOS<\/em> entre 2017 e 2024, revisadas e atualizadas, al\u00e9m de textos in\u00e9ditos que introduzem e conectam os cap\u00edtulos. Cada artigo conta com infogr\u00e1ficos que sintetizam os principais pontos, e cada cap\u00edtulo \u00e9 encerrado com um resumo visual das li\u00e7\u00f5es apresentadas.<\/p>\n\n\n\n<p>Picchi atua h\u00e1 mais de 25 anos no LIB, apoiando organiza\u00e7\u00f5es de diferentes setores na implementa\u00e7\u00e3o da gest\u00e3o lean, com destaque para ind\u00fastrias, empresas de servi\u00e7os e constru\u00e7\u00e3o civil. O autor \u00e9 Mestre e Doutor pela Escola Polit\u00e9cnica da USP e j\u00e1 presidiu o LIB, onde hoje \u00e9 senior advisor.<\/p>\n\n\n\n<p>O livro traz pref\u00e1cios de Lu\u00eds Carlos Marinho da Silva, vice-presidente Executivo de Opera\u00e7\u00f5es da Embraer, e de Elisa Campos, editora-chefe da <em>\u00c9poca NEG\u00d3CIOS<\/em>. Ambos ressaltam a import\u00e2ncia do pensamento lean para a constru\u00e7\u00e3o de empresas mais eficientes, sustent\u00e1veis e centradas nas pessoas.<\/p>\n\n\n\n<p>Segundo Picchi, o objetivo \u00e9 oferecer ao leitor ferramentas conceituais e pr\u00e1ticas para aplicar o pensamento lean no dia a dia, estimulando melhorias cont\u00ednuas em processos, equipes e resultados. A vers\u00e3o impressa estar\u00e1 dispon\u00edvel no lan\u00e7amento e posteriormente em outros canais de distribui\u00e7\u00e3o.<\/p>\n","protected":false},"excerpt":{"rendered":"<p>O Lean Institute Brasil (LIB) lan\u00e7ar\u00e1, no dia 26 de agosto, o livro O poder do pensamento lean \u2013 como desenvolver solucionadores de problemas que melhoram processos e superam metas, de Fl\u00e1vio Augusto Picchi, engenheiro e professor Livre Docente da Unicamp. A obra ser\u00e1 apresentada durante o Lean Summit 2025, no Distrito Anhembi, em S\u00e3o [&hellip;]<\/p>\n","protected":false},"author":1,"featured_media":14148,"comment_status":"closed","ping_status":"open","sticky":false,"template":"","format":"standard","meta":{"tdm_status":"","tdm_grid_status":"","footnotes":""},"categories":[153],"tags":[1611,1329],"class_list":["post-14147","post","type-post","status-publish","format-standard","has-post-thumbnail","hentry","category-noticias","tag-lean","tag-livro"],"amp_enabled":true,"_links":{"self":[{"href":"https:\/\/sincomavi.org.br\/index.php?rest_route=\/wp\/v2\/posts\/14147","targetHints":{"allow":["GET"]}}],"collection":[{"href":"https:\/\/sincomavi.org.br\/index.php?rest_route=\/wp\/v2\/posts"}],"about":[{"href":"https:\/\/sincomavi.org.br\/index.php?rest_route=\/wp\/v2\/types\/post"}],"author":[{"embeddable":true,"href":"https:\/\/sincomavi.org.br\/index.php?rest_route=\/wp\/v2\/users\/1"}],"replies":[{"embeddable":true,"href":"https:\/\/sincomavi.org.br\/index.php?rest_route=%2Fwp%2Fv2%2Fcomments&post=14147"}],"version-history":[{"count":1,"href":"https:\/\/sincomavi.org.br\/index.php?rest_route=\/wp\/v2\/posts\/14147\/revisions"}],"predecessor-version":[{"id":14149,"href":"https:\/\/sincomavi.org.br\/index.php?rest_route=\/wp\/v2\/posts\/14147\/revisions\/14149"}],"wp:featuredmedia":[{"embeddable":true,"href":"https:\/\/sincomavi.org.br\/index.php?rest_route=\/wp\/v2\/media\/14148"}],"wp:attachment":[{"href":"https:\/\/sincomavi.org.br\/index.php?rest_route=%2Fwp%2Fv2%2Fmedia&parent=14147"}],"wp:term":[{"taxonomy":"category","embeddable":true,"href":"https:\/\/sincomavi.org.br\/index.php?rest_route=%2Fwp%2Fv2%2Fcategories&post=14147"},{"taxonomy":"post_tag","embeddable":true,"href":"https:\/\/sincomavi.org.br\/index.php?rest_route=%2Fwp%2Fv2%2Ftags&post=14147"}],"curies":[{"name":"wp","href":"https:\/\/api.w.org\/{rel}","templated":true}]}}