{"id":14138,"date":"2025-08-06T09:23:00","date_gmt":"2025-08-06T12:23:00","guid":{"rendered":"https:\/\/sincomavi.org.br\/?p=14138"},"modified":"2025-08-05T16:34:12","modified_gmt":"2025-08-05T19:34:12","slug":"emprego-no-varejo-matcons-da-rmsp-tem-o-pior-1-semestre-desde-2020","status":"publish","type":"post","link":"https:\/\/sincomavi.org.br\/?p=14138","title":{"rendered":"Emprego no varejo Matcons da RMSP tem o pior 1\u00b0 semestre desde 2020"},"content":{"rendered":"\n<hr class=\"wp-block-separator has-alpha-channel-opacity is-style-default\"\/>\n\n\n<div class=\"wp-block-post-date\"><time datetime=\"2025-08-06T09:23:00-03:00\">6 de agosto de 2025<\/time><\/div>\n\n\n<p>Depois de dois avan\u00e7os mensais seguidos, o varejo de material de constru\u00e7\u00e3o da Regi\u00e3o Metropolitana de S\u00e3o Paulo voltou a apresentar redu\u00e7\u00e3o de empregabilidade, segundo o Novo Caged. Em junho, foram 76 vagas perdidas, ap\u00f3s o registro de 3.592 admiss\u00f5es e 3.668 desligamentos, considerando um total de 96,6 mil v\u00ednculos empregat\u00edcios ativos. Tal resultado n\u00e3o apenas contrasta com os saldos positivos de abril e maio, como inverte tamb\u00e9m o resultado de junho de 2024, quando 201 vagas haviam sido geradas na Grande S\u00e3o Paulo.<\/p>\n\n\n\n<h2 class=\"wp-block-heading has-text-align-center\"><strong>Evolu\u00e7\u00e3o do saldo de empregos do varejo de materiais de constru\u00e7\u00e3o \u2013 RMSP e S\u00e3o Paulo\/SP<\/strong><\/h2>\n\n\n\n<p class=\"has-text-align-center\"><img loading=\"lazy\" decoding=\"async\" width=\"553\" height=\"352\" src=\"https:\/\/lh7-rt.googleusercontent.com\/docsz\/AD_4nXfvBWFOOk7glPifXv-gRtmkv8scdJ6BNuNtecTdvl8sktmM420yw-zksspbDlJ7xZiyD4M-_5vjKZ9QhqY1eQR56-jMK33_galwGGHrIPGI3D_p5lUMlj9BAMXvrW-hYVEn3VLQ9bykZEJpOYkybWk?key=CJY22J6ut18hYjEzp82Y6A\"><\/p>\n\n\n\n<p class=\"has-text-align-right\"><strong>Fonte: Novo Caged<\/strong><\/p>\n\n\n\n<p>Dentre as atividades avaliadas mais profundamente, vemos que a do varejo de \u201cmaterial de constru\u00e7\u00e3o em geral\u201d foi quem mais puxou o desempenho setorial para baixo, ap\u00f3s apresentar um saldo negativo de 98 postos de trabalho neste sexto m\u00eas do ano. Por outro lado, em n\u00fameros absolutos, o maior avan\u00e7o ficou com os estabelecimentos do varejo de material el\u00e9trico, que criaram 27 empregos.<\/p>\n\n\n\n<p class=\"has-text-align-center\"><img loading=\"lazy\" decoding=\"async\" src=\"https:\/\/lh7-rt.googleusercontent.com\/docsz\/AD_4nXfMW44LIMVzy6Kh8A7ewTtbsYqeG7e8E_c19QTZWzfypa5DNjwJeQ0344CWpOgVWw8HAI8cEIxtEL6T8KPZ7AvrfUzDt_YFfGRnqoipN017CXv_fWwypdok1MPJaYb5tj-ZO4QylafFZwkLfp5M75A?key=CJY22J6ut18hYjEzp82Y6A\" width=\"536\" height=\"265\"><\/p>\n\n\n\n<p>No ano, 845 empregos foram gerados, novamente com influ\u00eancia positiva do ramo de material el\u00e9trico (+202 vagas), seguido por ferragens e ferramentas (+199 vagas) e pelos estabelecimentos de tintas e material para pintura (+131 vagas).<\/p>\n\n\n\n<p class=\"has-text-align-center\"><img loading=\"lazy\" decoding=\"async\" src=\"https:\/\/lh7-rt.googleusercontent.com\/docsz\/AD_4nXeVA1HFklq4MKPLpI_TLJf6XA026H4EIYTcxpNTxL0j6M4VQMsLAqzyZsLBwB1uVXv3kdV30AeiExxNz8rV6bATTjzYpdp5CpwpPHz9cwFQ9qjrwlxJx6JVCCPVGbcQ4um_B0AC5KNS9-D6KsmZ3zQ?key=CJY22J6ut18hYjEzp82Y6A\" width=\"534\" height=\"283\"><\/p>\n\n\n\n<p>O economista Jaime Vasconcellos, veja a an\u00e1lise completa abaixo, ressalta que as 845 vagas a mais no primeiro semestre de 2025 representaram o resultado mais fraco do mercado de trabalho do varejo de material de constru\u00e7\u00e3o da RMSP desde 2020, quando, devido \u00e0 pandemia, mais de 4,5 mil empregos com carteira assinada acabaram cortados na regi\u00e3o.<\/p>\n\n\n\n<h2 class=\"wp-block-heading has-text-align-center\"><strong>Evolu\u00e7\u00e3o do saldo de empregos do varejo de materiais de constru\u00e7\u00e3o na RMSP, nos primeiros semestres \u2013 2020 a 2025<\/strong><\/h2>\n\n\n\n<p class=\"has-text-align-center\"><img loading=\"lazy\" decoding=\"async\" width=\"480\" height=\"288\" src=\"https:\/\/lh7-rt.googleusercontent.com\/docsz\/AD_4nXfa8SM3FRIaGj_lpBOqihYHrXpJwQ2xLivr3cfXeeV4B-sEh3xCUv12pI3RqHuE2KyoelinoQqxysQub8gyZriTgxvhfvABBlNXz412YhjevXP0Br456pYYzosBl-k5yvGwrTvM1NIA1BXoH5u9LCg?key=CJY22J6ut18hYjEzp82Y6A\"><\/p>\n\n\n\n<p class=\"has-text-align-right\"><strong>Fonte: Novo Caged<\/strong><\/p>\n\n\n\n<p><strong>AN\u00c1LISE<\/strong><strong><br><\/strong><strong>Por Jaime Vasconcellos, economista.<\/strong><\/p>\n\n\n\n<p>O primeiro semestre de 2025 terminou de forma arrefecida no mercado de trabalho do varejo de material de constru\u00e7\u00e3o da Grande S\u00e3o Paulo. Al\u00e9m de diminutos saldos em maio e junho, terminamos a primeira metade do ano com o \u201cpior\u201d saldo acumulado para os seis primeiros meses de um ano desde 2020, primeiro ano do Novo Caged e de forte impacto da primeira onda da Covid-19.<\/p>\n\n\n\n<p>A realidade atual demonstra que h\u00e1 uma tend\u00eancia consolidada de esgotamento do ritmo mais forte de expans\u00e3o deste mercado de trabalho, depois de um relevante crescimento consequente dos primeiros impactos da pandemia, considerando a segunda metade de 2020 e o ano de 2021, passando por sucessivos saldos positivos mais fracos nos anos seguintes. E para 2025 se consolidar\u00e1 mais um cap\u00edtulo deste cen\u00e1rio, no qual se v\u00ea o mercado de trabalho aumentando, mas em um ritmo ainda menor. A tend\u00eancia \u00e9, inclusive, ficarmos com desempenho anual acumulado abaixo dos cerca de 1,2 mil vagas, saldo final do ano passado.<\/p>\n\n\n\n<p>Os motivos para esta trajet\u00f3ria de desacelera\u00e7\u00e3o s\u00e3o v\u00e1rios. H\u00e1 o natural esgotamento de um ritmo mais forte do mercado de trabalho, dado que n\u00e3o se consegue setorialmente sustentar tamanhos avan\u00e7os por tanto tempo at\u00e9 por parte da oferta de m\u00e3o de obra. Al\u00e9m disso, ou principalmente, temos um cen\u00e1rio econ\u00f4mico geral que tamb\u00e9m \u00e9 de desacelera\u00e7\u00e3o, o que acaba refletindo no pr\u00f3prio mercado de trabalho, em especial em segmentos muitas vezes considerados de consumo adi\u00e1vel. Em um per\u00edodo de infla\u00e7\u00e3o resistente e juros altos, tal realidade \u00e9 ainda mais desafiadora, come\u00e7ando no or\u00e7amento das fam\u00edlias, passando para a performance de vendas deste varejo, at\u00e9 impactar a capacidade empresarial de novos investimentos, como \u00e9 a gera\u00e7\u00e3o de empregos celetista.<\/p>\n\n\n\n<hr class=\"wp-block-separator has-alpha-channel-opacity is-style-default\"\/>\n","protected":false},"excerpt":{"rendered":"<p>Depois de dois avan\u00e7os mensais seguidos, o varejo de material de constru\u00e7\u00e3o da Regi\u00e3o Metropolitana de S\u00e3o Paulo voltou a apresentar redu\u00e7\u00e3o de empregabilidade, segundo o Novo Caged. Em junho, foram 76 vagas perdidas, ap\u00f3s o registro de 3.592 admiss\u00f5es e 3.668 desligamentos, considerando um total de 96,6 mil v\u00ednculos empregat\u00edcios ativos. Tal resultado n\u00e3o [&hellip;]<\/p>\n","protected":false},"author":1,"featured_media":14139,"comment_status":"closed","ping_status":"open","sticky":false,"template":"","format":"standard","meta":{"tdm_status":"","tdm_grid_status":"","footnotes":""},"categories":[153],"tags":[89,199,156,53,632,620,158,160,363,200],"class_list":["post-14138","post","type-post","status-publish","format-standard","has-post-thumbnail","hentry","category-noticias","tag-caged","tag-comercio","tag-economia","tag-emprego","tag-estudo-setorial","tag-levantamento","tag-material-de-construcao","tag-pesquisa","tag-relacoes-trabalhistas","tag-varejo"],"amp_enabled":true,"_links":{"self":[{"href":"https:\/\/sincomavi.org.br\/index.php?rest_route=\/wp\/v2\/posts\/14138","targetHints":{"allow":["GET"]}}],"collection":[{"href":"https:\/\/sincomavi.org.br\/index.php?rest_route=\/wp\/v2\/posts"}],"about":[{"href":"https:\/\/sincomavi.org.br\/index.php?rest_route=\/wp\/v2\/types\/post"}],"author":[{"embeddable":true,"href":"https:\/\/sincomavi.org.br\/index.php?rest_route=\/wp\/v2\/users\/1"}],"replies":[{"embeddable":true,"href":"https:\/\/sincomavi.org.br\/index.php?rest_route=%2Fwp%2Fv2%2Fcomments&post=14138"}],"version-history":[{"count":1,"href":"https:\/\/sincomavi.org.br\/index.php?rest_route=\/wp\/v2\/posts\/14138\/revisions"}],"predecessor-version":[{"id":14140,"href":"https:\/\/sincomavi.org.br\/index.php?rest_route=\/wp\/v2\/posts\/14138\/revisions\/14140"}],"wp:featuredmedia":[{"embeddable":true,"href":"https:\/\/sincomavi.org.br\/index.php?rest_route=\/wp\/v2\/media\/14139"}],"wp:attachment":[{"href":"https:\/\/sincomavi.org.br\/index.php?rest_route=%2Fwp%2Fv2%2Fmedia&parent=14138"}],"wp:term":[{"taxonomy":"category","embeddable":true,"href":"https:\/\/sincomavi.org.br\/index.php?rest_route=%2Fwp%2Fv2%2Fcategories&post=14138"},{"taxonomy":"post_tag","embeddable":true,"href":"https:\/\/sincomavi.org.br\/index.php?rest_route=%2Fwp%2Fv2%2Ftags&post=14138"}],"curies":[{"name":"wp","href":"https:\/\/api.w.org\/{rel}","templated":true}]}}