{"id":14107,"date":"2025-07-31T10:34:27","date_gmt":"2025-07-31T13:34:27","guid":{"rendered":"https:\/\/sincomavi.org.br\/?p=14107"},"modified":"2025-07-31T10:34:28","modified_gmt":"2025-07-31T13:34:28","slug":"queda-nos-niveis-de-confianca-do-empresario","status":"publish","type":"post","link":"https:\/\/sincomavi.org.br\/?p=14107","title":{"rendered":"Queda nos n\u00edveis de confian\u00e7a do empres\u00e1rio"},"content":{"rendered":"\n<hr class=\"wp-block-separator has-alpha-channel-opacity is-style-default\"\/>\n\n\n<div class=\"wp-block-post-date\"><time datetime=\"2025-07-31T10:34:27-03:00\">31 de julho de 2025<\/time><\/div>\n\n\n<p>Ap\u00f3s tr\u00eas altas consecutivas, o \u00edndice de Confian\u00e7a do Com\u00e9rcio (ICOM), medido pelo Instituto Brasileiro de Economia da Funda\u00e7\u00e3o Getulio Vargas (FGV IBRE), sofreu um recuo de 2,2 pontos em julho, atingindo com esse resultado os 87,1 pontos. Houve queda tamb\u00e9m de 0,1% (88,4 pontos) tendo como refer\u00eancia as m\u00e9dias m\u00f3veis trimestrais.<br>&nbsp;<\/p>\n\n\n\n<p>A economista Ge\u00f3rgia Veloso comenta que a trajet\u00f3ria dos \u00faltimos meses j\u00e1 dava sinais de desacelera\u00e7\u00e3o. \u201cTodos os componentes do \u00edndice apresentam resultados abaixo dos 90 pontos, o que indica que, apesar do cen\u00e1rio favor\u00e1vel de renda e emprego, o setor ainda n\u00e3o observa uma recupera\u00e7\u00e3o consistente do consumo\u201d. Em sua opini\u00e3o, a confian\u00e7a baixa e disseminada entre todos os tipos de consumo evidencia que a recupera\u00e7\u00e3o do setor n\u00e3o depende de um \u00fanico fator, mas de uma melhora ampla e sustentada do cen\u00e1rio macroecon\u00f4mico, que segue desafiador.<br>&nbsp;<\/p>\n\n\n\n<p>O setor de servi\u00e7os tamb\u00e9m seguiu o mesmo movimento de pessimismo, com o \u00edndice setorial registrando queda de 1,0 ponto em julho, alcan\u00e7ando os 89,7 pontos. Tal desempenho representa o menor n\u00edvel desde maio de 2021 (87,1 pontos). O indicador tamb\u00e9m caiu na m\u00e9dia m\u00f3vel trimestral: -0,2 ponto.<br>&nbsp;<\/p>\n\n\n\n<p>Para o economista Stefano Pacini, \u201co resultado de julho da confian\u00e7a de servi\u00e7os refor\u00e7a a tend\u00eancia de desacelera\u00e7\u00e3o observada ao longo do ano\u201d. Ele avalia que, apesar de uma leve melhora na percep\u00e7\u00e3o sobre demanda presente, as avalia\u00e7\u00f5es sobre a situa\u00e7\u00e3o atual dos neg\u00f3cios s\u00e3o negativas entre os empres\u00e1rios. \u201cEm rela\u00e7\u00e3o ao futuro, os empres\u00e1rios t\u00eam um olhar mais pessimista para o segundo semestre na maioria dos segmentos da pesquisa\u201d, destaca. E complementa: \u201cA conjuntura macroecon\u00f4mica \u00e9 complexa com o aumento da incerteza e uma expectativa geral de desacelera\u00e7\u00e3o da atividade. A pol\u00edtica monet\u00e1ria segue restritiva com o intuito de evitar futuras press\u00f5es de pre\u00e7os e uma mudan\u00e7a de sentimento dos empres\u00e1rios n\u00e3o parece estar pr\u00f3xima.\u201d<\/p>\n\n\n\n<hr class=\"wp-block-separator has-alpha-channel-opacity is-style-default\"\/>\n","protected":false},"excerpt":{"rendered":"<p>Ap\u00f3s tr\u00eas altas consecutivas, o \u00edndice de Confian\u00e7a do Com\u00e9rcio (ICOM), medido pelo Instituto Brasileiro de Economia da Funda\u00e7\u00e3o Getulio Vargas (FGV IBRE), sofreu um recuo de 2,2 pontos em julho, atingindo com esse resultado os 87,1 pontos. Houve queda tamb\u00e9m de 0,1% (88,4 pontos) tendo como refer\u00eancia as m\u00e9dias m\u00f3veis trimestrais.&nbsp; A economista Ge\u00f3rgia [&hellip;]<\/p>\n","protected":false},"author":1,"featured_media":14108,"comment_status":"closed","ping_status":"open","sticky":false,"template":"","format":"standard","meta":{"tdm_status":"","tdm_grid_status":"","footnotes":""},"categories":[153],"tags":[199,204,156,632,754,620,160,200],"class_list":["post-14107","post","type-post","status-publish","format-standard","has-post-thumbnail","hentry","category-noticias","tag-comercio","tag-confianca","tag-economia","tag-estudo-setorial","tag-fgv-ibre","tag-levantamento","tag-pesquisa","tag-varejo"],"amp_enabled":true,"_links":{"self":[{"href":"https:\/\/sincomavi.org.br\/index.php?rest_route=\/wp\/v2\/posts\/14107","targetHints":{"allow":["GET"]}}],"collection":[{"href":"https:\/\/sincomavi.org.br\/index.php?rest_route=\/wp\/v2\/posts"}],"about":[{"href":"https:\/\/sincomavi.org.br\/index.php?rest_route=\/wp\/v2\/types\/post"}],"author":[{"embeddable":true,"href":"https:\/\/sincomavi.org.br\/index.php?rest_route=\/wp\/v2\/users\/1"}],"replies":[{"embeddable":true,"href":"https:\/\/sincomavi.org.br\/index.php?rest_route=%2Fwp%2Fv2%2Fcomments&post=14107"}],"version-history":[{"count":1,"href":"https:\/\/sincomavi.org.br\/index.php?rest_route=\/wp\/v2\/posts\/14107\/revisions"}],"predecessor-version":[{"id":14109,"href":"https:\/\/sincomavi.org.br\/index.php?rest_route=\/wp\/v2\/posts\/14107\/revisions\/14109"}],"wp:featuredmedia":[{"embeddable":true,"href":"https:\/\/sincomavi.org.br\/index.php?rest_route=\/wp\/v2\/media\/14108"}],"wp:attachment":[{"href":"https:\/\/sincomavi.org.br\/index.php?rest_route=%2Fwp%2Fv2%2Fmedia&parent=14107"}],"wp:term":[{"taxonomy":"category","embeddable":true,"href":"https:\/\/sincomavi.org.br\/index.php?rest_route=%2Fwp%2Fv2%2Fcategories&post=14107"},{"taxonomy":"post_tag","embeddable":true,"href":"https:\/\/sincomavi.org.br\/index.php?rest_route=%2Fwp%2Fv2%2Ftags&post=14107"}],"curies":[{"name":"wp","href":"https:\/\/api.w.org\/{rel}","templated":true}]}}