{"id":14098,"date":"2025-07-29T10:47:14","date_gmt":"2025-07-29T13:47:14","guid":{"rendered":"https:\/\/sincomavi.org.br\/?p=14098"},"modified":"2025-07-29T10:47:16","modified_gmt":"2025-07-29T13:47:16","slug":"autobiografia-relata-desafios-recomecos-e-espiritualidade","status":"publish","type":"post","link":"https:\/\/sincomavi.org.br\/?p=14098","title":{"rendered":"Autobiografia relata desafios, recome\u00e7os e espiritualidade"},"content":{"rendered":"\n<hr class=\"wp-block-separator has-alpha-channel-opacity is-style-default\"\/>\n\n\n<div class=\"wp-block-post-date\"><time datetime=\"2025-07-29T10:47:14-03:00\">29 de julho de 2025<\/time><\/div>\n\n\n<p>O empres\u00e1rio Renaato Ferreira lan\u00e7a no dia 31 de julho, em S\u00e3o Paulo, o livro <em>A Ficha Caiu \u2013 Uma Vida de Li\u00e7\u00f5es, Lutas e Lendas<\/em>, publicado pela editora Estrela da Manh\u00e3. O evento ser\u00e1 realizado na Livraria da Vila do Shopping Eldorado, das 18h \u00e0s 21h, e contar\u00e1 com sess\u00e3o de aut\u00f3grafos aberta ao p\u00fablico.<\/p>\n\n\n\n<p>Com 258 p\u00e1ginas, a obra marca a estreia liter\u00e1ria do autor e re\u00fane seis d\u00e9cadas de experi\u00eancias pessoais e profissionais. Ferreira aborda momentos de ascens\u00e3o e fal\u00eancia empresarial, perdas familiares, reconstru\u00e7\u00f5es espirituais e reconex\u00e3o com a f\u00e9.<\/p>\n\n\n\n<p>A ideia do livro surgiu durante a pandemia de Covid-19 e ganhou forma ap\u00f3s uma peregrina\u00e7\u00e3o solit\u00e1ria realizada pelo autor no Caminho de Santiago, na Espanha, em 2024. \u201cEssa obra n\u00e3o \u00e9 s\u00f3 sobre mim. \u00c9 sobre o leitor, sobre quem j\u00e1 se sentiu perdido, derrotado ou que busca recome\u00e7ar com prop\u00f3sito\u201d, afirma Ferreira.<\/p>\n\n\n\n<p>Fundador da Lobraus, o empres\u00e1rio atua h\u00e1 mais de 30 anos nos setores de log\u00edstica internacional, concess\u00f5es portu\u00e1rias e marketing global, com passagem por diferentes pa\u00edses. Em 46 cap\u00edtulos, Ferreira prop\u00f5e reflex\u00f5es sobre lideran\u00e7a, espiritualidade pr\u00e1tica, intelig\u00eancia emocional, paternidade, mentoria e legado, incluindo tarefas ao final de cada cap\u00edtulo.<\/p>\n\n\n\n<p>\u201cA ficha cai quando paramos de fingir. Quando entendemos que somos os protagonistas da nossa hist\u00f3ria\u201d, destaca o autor, que atualmente vive entre Miami e Montevid\u00e9u.<\/p>\n\n\n\n<p><strong>T\u00edtulo:<\/strong>\u00a0<em>A Ficha Caiu \u2013 Uma Vida de Li\u00e7\u00f5es, Lutas e Lendas<\/em><br><strong>Autor:<\/strong>\u00a0Renaato Ferreira<br><strong>Editora:<\/strong>\u00a0Estrela da Manh\u00e3<br><strong>Ano:<\/strong>\u00a02025<br><strong>P\u00e1ginas:<\/strong>\u00a0258<br><strong>ISBN:<\/strong>\u00a0978-65-01-44957-9<\/p>\n\n\n\n<hr class=\"wp-block-separator has-alpha-channel-opacity is-style-default\"\/>\n","protected":false},"excerpt":{"rendered":"<p>O empres\u00e1rio Renaato Ferreira lan\u00e7a no dia 31 de julho, em S\u00e3o Paulo, o livro A Ficha Caiu \u2013 Uma Vida de Li\u00e7\u00f5es, Lutas e Lendas, publicado pela editora Estrela da Manh\u00e3. O evento ser\u00e1 realizado na Livraria da Vila do Shopping Eldorado, das 18h \u00e0s 21h, e contar\u00e1 com sess\u00e3o de aut\u00f3grafos aberta ao [&hellip;]<\/p>\n","protected":false},"author":1,"featured_media":14099,"comment_status":"closed","ping_status":"open","sticky":false,"template":"","format":"standard","meta":{"tdm_status":"","tdm_grid_status":"","footnotes":""},"categories":[153],"tags":[1429,1329,1606],"class_list":["post-14098","post","type-post","status-publish","format-standard","has-post-thumbnail","hentry","category-noticias","tag-empreededorismo","tag-livro","tag-resiliencia"],"amp_enabled":true,"_links":{"self":[{"href":"https:\/\/sincomavi.org.br\/index.php?rest_route=\/wp\/v2\/posts\/14098","targetHints":{"allow":["GET"]}}],"collection":[{"href":"https:\/\/sincomavi.org.br\/index.php?rest_route=\/wp\/v2\/posts"}],"about":[{"href":"https:\/\/sincomavi.org.br\/index.php?rest_route=\/wp\/v2\/types\/post"}],"author":[{"embeddable":true,"href":"https:\/\/sincomavi.org.br\/index.php?rest_route=\/wp\/v2\/users\/1"}],"replies":[{"embeddable":true,"href":"https:\/\/sincomavi.org.br\/index.php?rest_route=%2Fwp%2Fv2%2Fcomments&post=14098"}],"version-history":[{"count":1,"href":"https:\/\/sincomavi.org.br\/index.php?rest_route=\/wp\/v2\/posts\/14098\/revisions"}],"predecessor-version":[{"id":14100,"href":"https:\/\/sincomavi.org.br\/index.php?rest_route=\/wp\/v2\/posts\/14098\/revisions\/14100"}],"wp:featuredmedia":[{"embeddable":true,"href":"https:\/\/sincomavi.org.br\/index.php?rest_route=\/wp\/v2\/media\/14099"}],"wp:attachment":[{"href":"https:\/\/sincomavi.org.br\/index.php?rest_route=%2Fwp%2Fv2%2Fmedia&parent=14098"}],"wp:term":[{"taxonomy":"category","embeddable":true,"href":"https:\/\/sincomavi.org.br\/index.php?rest_route=%2Fwp%2Fv2%2Fcategories&post=14098"},{"taxonomy":"post_tag","embeddable":true,"href":"https:\/\/sincomavi.org.br\/index.php?rest_route=%2Fwp%2Fv2%2Ftags&post=14098"}],"curies":[{"name":"wp","href":"https:\/\/api.w.org\/{rel}","templated":true}]}}