{"id":14082,"date":"2025-07-23T07:02:27","date_gmt":"2025-07-23T10:02:27","guid":{"rendered":"https:\/\/sincomavi.org.br\/?p=14082"},"modified":"2025-07-23T07:02:28","modified_gmt":"2025-07-23T10:02:28","slug":"matcons-numero-de-trabalhadores-50-no-varejo-da-rmsp-cresceu-425-desde-2019","status":"publish","type":"post","link":"https:\/\/sincomavi.org.br\/?p=14082","title":{"rendered":"Matcons: N\u00famero de trabalhadores 50+ no varejo da RMSP cresceu 42,5% desde 2019"},"content":{"rendered":"\n<hr class=\"wp-block-separator has-alpha-channel-opacity is-style-default\"\/>\n\n\n<div class=\"wp-block-post-date\"><time datetime=\"2025-07-23T07:02:27-03:00\">23 de julho de 2025<\/time><\/div>\n\n\n<p>Dados da Rela\u00e7\u00e3o Anual de Informa\u00e7\u00f5es Sociais (RAIS \u2013 Minist\u00e9rio do Trabalho) revelam que o n\u00famero de trabalhadores do com\u00e9rcio varejista de materiais de constru\u00e7\u00e3o com mais de 50 anos na Regi\u00e3o Metropolitana de S\u00e3o Paulo (RMSP) aumentou 42,5% entre 2019 e 2024. Tal percentual significou um avan\u00e7o absoluto de 5.721 empregos formais a mais, quando observamos que o total de v\u00ednculos nesta faixa et\u00e1ria passou de 13.450, em 31\/12\/2019, para 19.171, em 31\/12\/2024. Para este c\u00e1lculo, utilizou-se, al\u00e9m do pr\u00f3prio segmento de materiais de constru\u00e7\u00e3o, informa\u00e7\u00f5es dos ramos de tintas, vidros, materiais el\u00e9tricos, ferragens, ferramentas, madeira, entre outros.<\/p>\n\n\n\n<h2 class=\"wp-block-heading has-text-align-center\"><strong>Estoque de empregos formais no varejo de materiais de constru\u00e7\u00e3o* da RMSP preenchidos por popula\u00e7\u00e3o com 50 anos ou mais: 2019 <\/strong><strong><em>versus <\/em><\/strong><strong>2024<\/strong><\/h2>\n\n\n\n<p class=\"has-text-align-center\"><strong><img loading=\"lazy\" decoding=\"async\" width=\"510\" height=\"271\" src=\"https:\/\/lh7-rt.googleusercontent.com\/docsz\/AD_4nXfjvyRel7_MvNLsIHJ8ZnOvD82uO6AknSXF6yTCjwpIv0KDrTOp94LJUCrm0uq-wC1DfvGFKLFr-O3KYEOoTTzQ3SzKRrvesSNua5wNzcloIAFEns_FfNRLwNvzLEabzQFEE7EHfupQCkbNHFzpeOI?key=FVzafudnb9h7wXQNCj_HRA\"><\/strong><\/p>\n\n\n\n<p class=\"has-text-align-right has-small-font-size\">Fonte: RAIS<br>Elabora\u00e7\u00e3o e c\u00e1lculos: Sincomavi<br>*Incluem-se os segmentos de tintas, vidros, materiais el\u00e9tricos, ferragens, ferramentas, madeira, entre outros<\/p>\n\n\n\n<p>\u00c9 importante ressaltar que, dentre as faixas et\u00e1rias dos trabalhadores deste segmento, todas avan\u00e7aram seu n\u00edvel de empregabilidade entre 2019 e 2024 (conforme tabela abaixo).\u00a0<\/p>\n\n\n\n<p class=\"has-text-align-center\"><img loading=\"lazy\" decoding=\"async\" width=\"517\" height=\"275\" src=\"https:\/\/lh7-rt.googleusercontent.com\/docsz\/AD_4nXcVpIjWvtjaSHE8XTMPCEh0gmovS54CL1gfYgGf20BKfqbUmjBMAdDGs878c4lu6pchertbCj-YFBkpq0I6n1pmObLtEVbKIV1lRVdCRy_K3sJbfAvTRP8I5wKYmLw8uE3PQ_7e63jBfMoXRJIgmXM?key=FVzafudnb9h7wXQNCj_HRA\"><\/p>\n\n\n\n<p class=\"has-text-align-right has-small-font-size\">Fonte: RAIS<br>Elabora\u00e7\u00e3o e c\u00e1lculos: Sincomavi<br>*Incluem-se os segmentos de tintas, vidros, materiais el\u00e9tricos, ferragens, ferramentas, madeira, entre outros<\/p>\n\n\n\n<p>\u00c9 a soma destas \u00faltimas duas faixas et\u00e1rias que resultam no aumento de 5,7 mil empregos a mais da popula\u00e7\u00e3o de 50 anos ou mais no varejo de materiais de constru\u00e7\u00e3o da RMSP, significando uma eleva\u00e7\u00e3o em conjunto de 42,5% deste mercado de trabalho formal. Essas 5,7 mil novas vagas preenchidas representam 42,6% de todo o saldo positivo que o total do mercado de trabalho do setor possuiu neste per\u00edodo, isto \u00e9, das 13.415 vagas criadas nos \u00faltimos cinco anos.&nbsp;<\/p>\n\n\n\n<p>\u201cO aumento do n\u00famero de trabalhadores com 50 anos ou mais no varejo de materiais de constru\u00e7\u00e3o e segmentos semelhantes na Regi\u00e3o Metropolitana de S\u00e3o Paulo evidencia uma tend\u00eancia j\u00e1 observada no setor, agora confirmada por dados compilados pelo Sincomavi\u201d, comenta o economista Jaime Vasconcellos. Ele refor\u00e7a ainda o impacto dessa faixa da popula\u00e7\u00e3o na empregabilidade do setor: \u201cNos \u00faltimos cinco anos, foram criados mais de 5,7 mil empregos para esse grupo et\u00e1rio, o que representa um crescimento de 42,5% no total de trabalhadores ativos dessa faixa\u201d. E complementa: \u201cEntre os profissionais com 65 anos ou mais, o crescimento foi ainda maior, atingindo 70,8% no mesmo per\u00edodo\u201d.<\/p>\n\n\n\n<p>A eleva\u00e7\u00e3o da participa\u00e7\u00e3o desse segmento et\u00e1rio no mercado de trabalho n\u00e3o se deve apenas a fatores conjunturais. Para Jaime, o aumento da expectativa de vida tem ampliado a propor\u00e7\u00e3o dessas faixas et\u00e1rias na popula\u00e7\u00e3o. Somado a isso, o adiamento das aposentadorias contribui para uma participa\u00e7\u00e3o mais ativa nesse mercado, especialmente em momentos de expans\u00e3o de vagas formais, como o ocorrido ap\u00f3s a pandemia, quando a demanda por m\u00e3o de obra favoreceu tamb\u00e9m os trabalhadores mais experientes.<\/p>\n\n\n\n<p>O setor varejista continua sendo uma op\u00e7\u00e3o de primeiro emprego para muitos, mas diversas fun\u00e7\u00f5es exigem caracter\u00edsticas pessoais associadas \u00e0 responsabilidade, maturidade, estabilidade emocional, comprometimento e aten\u00e7\u00e3o ao atendimento ao p\u00fablico, o que tende a valorizar profissionais de faixas et\u00e1rias mais altas. \u201cAl\u00e9m disso, muitos desses trabalhadores possuem n\u00edveis mais elevados de escolaridade e qualifica\u00e7\u00e3o profissional\u201d, ressalta.<\/p>\n\n\n\n<p>E um dado adicional ao recorte deste estudo: Em termos quantitativos absolutos, a participa\u00e7\u00e3o do grupo 50+ passou de aproximadamente 16,6% do total de postos de trabalho em 2019 para cerca de 20,3% em 2024, representando um aumento de 3,7 pontos percentuais ou relevantes 22,2% em sua participa\u00e7\u00e3o relativa.<\/p>\n\n\n\n<p>\u201cEsses dados indicam que as mudan\u00e7as demogr\u00e1ficas da popula\u00e7\u00e3o tamb\u00e9m se refletem no mercado de trabalho\u201d, avalia. \u201cAssim, adapta\u00e7\u00f5es por parte dos empregadores na abertura de vagas, bem como dos consumidores, tornam-se relevantes diante dessa realidade\u201d. A tend\u00eancia observada da chamada \u201c<em>silver economy<\/em>\u201d ou \u201ceconomia prateada\u201d \u00e9 consistente e tende a se fortalecer nos pr\u00f3ximos anos, seja com mercado consumidor, seja como ofertas de vagas de trabalho.<\/p>\n\n\n\n<hr class=\"wp-block-separator has-alpha-channel-opacity is-style-default\"\/>\n","protected":false},"excerpt":{"rendered":"<p>Dados da Rela\u00e7\u00e3o Anual de Informa\u00e7\u00f5es Sociais (RAIS \u2013 Minist\u00e9rio do Trabalho) revelam que o n\u00famero de trabalhadores do com\u00e9rcio varejista de materiais de constru\u00e7\u00e3o com mais de 50 anos na Regi\u00e3o Metropolitana de S\u00e3o Paulo (RMSP) aumentou 42,5% entre 2019 e 2024. Tal percentual significou um avan\u00e7o absoluto de 5.721 empregos formais a mais, [&hellip;]<\/p>\n","protected":false},"author":1,"featured_media":14083,"comment_status":"closed","ping_status":"open","sticky":false,"template":"","format":"standard","meta":{"tdm_status":"","tdm_grid_status":"","footnotes":""},"categories":[153],"tags":[199,156,632,620,158,694,160,363,200],"class_list":["post-14082","post","type-post","status-publish","format-standard","has-post-thumbnail","hentry","category-noticias","tag-comercio","tag-economia","tag-estudo-setorial","tag-levantamento","tag-material-de-construcao","tag-mercado-de-trabalho","tag-pesquisa","tag-relacoes-trabalhistas","tag-varejo"],"amp_enabled":true,"_links":{"self":[{"href":"https:\/\/sincomavi.org.br\/index.php?rest_route=\/wp\/v2\/posts\/14082","targetHints":{"allow":["GET"]}}],"collection":[{"href":"https:\/\/sincomavi.org.br\/index.php?rest_route=\/wp\/v2\/posts"}],"about":[{"href":"https:\/\/sincomavi.org.br\/index.php?rest_route=\/wp\/v2\/types\/post"}],"author":[{"embeddable":true,"href":"https:\/\/sincomavi.org.br\/index.php?rest_route=\/wp\/v2\/users\/1"}],"replies":[{"embeddable":true,"href":"https:\/\/sincomavi.org.br\/index.php?rest_route=%2Fwp%2Fv2%2Fcomments&post=14082"}],"version-history":[{"count":1,"href":"https:\/\/sincomavi.org.br\/index.php?rest_route=\/wp\/v2\/posts\/14082\/revisions"}],"predecessor-version":[{"id":14084,"href":"https:\/\/sincomavi.org.br\/index.php?rest_route=\/wp\/v2\/posts\/14082\/revisions\/14084"}],"wp:featuredmedia":[{"embeddable":true,"href":"https:\/\/sincomavi.org.br\/index.php?rest_route=\/wp\/v2\/media\/14083"}],"wp:attachment":[{"href":"https:\/\/sincomavi.org.br\/index.php?rest_route=%2Fwp%2Fv2%2Fmedia&parent=14082"}],"wp:term":[{"taxonomy":"category","embeddable":true,"href":"https:\/\/sincomavi.org.br\/index.php?rest_route=%2Fwp%2Fv2%2Fcategories&post=14082"},{"taxonomy":"post_tag","embeddable":true,"href":"https:\/\/sincomavi.org.br\/index.php?rest_route=%2Fwp%2Fv2%2Ftags&post=14082"}],"curies":[{"name":"wp","href":"https:\/\/api.w.org\/{rel}","templated":true}]}}