{"id":14042,"date":"2025-07-16T08:26:00","date_gmt":"2025-07-16T11:26:00","guid":{"rendered":"https:\/\/sincomavi.org.br\/?p=14042"},"modified":"2025-07-15T14:29:31","modified_gmt":"2025-07-15T17:29:31","slug":"lei-18-175-uma-vitoria-construida-com-perseveranca","status":"publish","type":"post","link":"https:\/\/sincomavi.org.br\/?p=14042","title":{"rendered":"Lei 18.175: uma vit\u00f3ria constru\u00edda com perseveran\u00e7a"},"content":{"rendered":"\n<hr class=\"wp-block-separator has-alpha-channel-opacity is-style-default\"\/>\n\n\n<div class=\"wp-block-post-date\"><time datetime=\"2025-07-16T08:26:00-03:00\">16 de julho de 2025<\/time><\/div>\n\n\n<p>A san\u00e7\u00e3o da Lei 18.175 (publicada no DOE em 08.07.25) no Estado de S\u00e3o Paulo representa um divisor de \u00e1guas na rela\u00e7\u00e3o entre o poder p\u00fablico e o setor comercial, estabelecendo a fiscaliza\u00e7\u00e3o orientadora e o crit\u00e9rio de dupla visita em atividades econ\u00f4micas legalmente classificadas como de baixo risco, no \u00e2mbito das rela\u00e7\u00f5es de consumo.<\/p>\n\n\n\n<p>Esta conquista, resultado de uma jornada iniciada em 2019 pelo Sincomavi, com apoio da FecomercioSP, estabelece marcos fundamentais para uma fiscaliza\u00e7\u00e3o mais justa e educativa, especialmente voltada \u00e0 prote\u00e7\u00e3o das micro e pequenas empresas que movimentam a economia paulista.<\/p>\n\n\n\n<p>A mobiliza\u00e7\u00e3o teve origem na necessidade de combater os efeitos prejudiciais das normas at\u00e9 ent\u00e3o existentes, que desconsideravam princ\u00edpios b\u00e1sicos de prote\u00e7\u00e3o empresarial estabelecidos em diversos instrumentos legais. O cen\u00e1rio anterior caracterizava-se por uma <a href=\"https:\/\/sincomavi.org.br\/?p=6813\"><strong>abordagem punitiva imediata<\/strong><\/a>, onde simples infra\u00e7\u00f5es de natureza formal geravam autua\u00e7\u00f5es sem qualquer processo educativo precedente, criando um ambiente de inseguran\u00e7a jur\u00eddica para os comerciantes.<\/p>\n\n\n\n<p>O processo de mudan\u00e7a exigiu uma estrat\u00e9gia ampla de articula\u00e7\u00e3o pol\u00edtica e t\u00e9cnica. O Sincomavi estruturou seu Comit\u00ea de Fiscaliza\u00e7\u00e3o como instrumento permanente de di\u00e1logo e promoveu na \u00e9poca encontros com parlamentares e lideran\u00e7as empresariais. Este trabalho cont\u00ednuo de sensibiliza\u00e7\u00e3o e constru\u00e7\u00e3o de consensos envolveu figuras importantes do cen\u00e1rio pol\u00edtico estadual, incluindo os <a href=\"https:\/\/sincomavi.org.br\/?p=1575\" target=\"_blank\" rel=\"noreferrer noopener\"><strong>deputados Itamar Borges<\/strong><\/a>, que posteriormente se tornou um dos autores do PL 18.175\/2025, e <a href=\"https:\/\/sincomavi.org.br\/?p=1259\" target=\"_blank\" rel=\"noreferrer noopener\"><strong>S<\/strong><\/a><a href=\"https:\/\/sincomavi.org.br\/?p=1259\"><strong>\u00e9rgio Victor<\/strong><\/a>, atualmente prefeito de Trememb\u00e9 (SP).\u00a0<\/p>\n\n\n<style>.kb-image14042_4a8df7-7e .kb-image-has-overlay:after{opacity:0.3;}<\/style>\n<figure class=\"wp-block-kadence-image kb-image14042_4a8df7-7e size-large\"><img decoding=\"async\" src=\"https:\/\/sincomavi.org.br\/wp-content\/uploads\/2019\/10\/IMG_20191016_155056938_BURST000_COVER_TOP-1024x757.jpg\" alt=\"\" class=\"kb-img\"\/><\/figure>\n\n\n\n<h2 class=\"wp-block-heading\">Avan\u00e7os conquistados<\/h2>\n\n\n\n<p>A Lei 18.175 introduz uma nova filosofia na rela\u00e7\u00e3o entre fiscaliza\u00e7\u00e3o e empresariado. O princ\u00edpio da fiscaliza\u00e7\u00e3o orientadora torna-se obrigat\u00f3rio para atividades legalmente classificadas como de baixo risco, estabelecendo que a primeira abordagem deve ter car\u00e1ter educativo e preventivo. O processo prev\u00ea a emiss\u00e3o de auto de constata\u00e7\u00e3o acompanhado de prazo adequado para corre\u00e7\u00e3o das irregularidades identificadas.&nbsp; Eventuais san\u00e7\u00f5es somente poder\u00e3o ser aplicadas em caso de persist\u00eancia das falhas na segunda visita.<\/p>\n\n\n\n<p>A lei prev\u00ea que n\u00e3o ser\u00e1 observado o crit\u00e9rio da dupla visita quando a conduta ou situa\u00e7\u00e3o for incompat\u00edvel com a fiscaliza\u00e7\u00e3o orientadora, tais como aquelas que afetem a seguran\u00e7a ou a sa\u00fade do consumidor ou caracterize reincid\u00eancia, fraude, resist\u00eancia ou embara\u00e7o \u00e0 fiscaliza\u00e7\u00e3o.<\/p>\n\n\n\n<p>Esta mudan\u00e7a representa mais que uma altera\u00e7\u00e3o procedimental: constitui o reconhecimento de que a fun\u00e7\u00e3o do Estado inclui orientar e capacitar os agentes econ\u00f4micos, especialmente aqueles de menor porte e recursos limitados. A norma tamb\u00e9m promove maior harmoniza\u00e7\u00e3o entre as esferas estadual e municipal na defini\u00e7\u00e3o de crit\u00e9rios para atividades de baixo risco, reduzindo conflitos interpretativos e proporcionando maior seguran\u00e7a regulat\u00f3ria.<\/p>\n\n\n\n<p>Reinaldo Pedro Correa, presidente do Sincomavi, comenta que essa conquista refor\u00e7a a import\u00e2ncia do trabalho institucional realizado pela entidade. \u201cRepresentar o setor exige resili\u00eancia, articula\u00e7\u00e3o permanente com o poder p\u00fablico e aten\u00e7\u00e3o t\u00e9cnica \u00e0s demandas das empresas\u201d, ressalta. O Sincomavi reafirma seu compromisso de continuar atuando em defesa do varejo, mas lembra que isso s\u00f3 \u00e9 poss\u00edvel gra\u00e7as \u00e0 contribui\u00e7\u00e3o daqueles que acreditam na for\u00e7a da representatividade. Sem o apoio financeiro das empresas do setor se torna imposs\u00edvel realizar esse tipo de trabalho que exige muito tempo e paci\u00eancia.<\/p>\n\n\n\n<hr class=\"wp-block-separator has-alpha-channel-opacity is-style-default\"\/>\n","protected":false},"excerpt":{"rendered":"<p>A san\u00e7\u00e3o da Lei 18.175 (publicada no DOE em 08.07.25) no Estado de S\u00e3o Paulo representa um divisor de \u00e1guas na rela\u00e7\u00e3o entre o poder p\u00fablico e o setor comercial, estabelecendo a fiscaliza\u00e7\u00e3o orientadora e o crit\u00e9rio de dupla visita em atividades econ\u00f4micas legalmente classificadas como de baixo risco, no \u00e2mbito das rela\u00e7\u00f5es de consumo. [&hellip;]<\/p>\n","protected":false},"author":1,"featured_media":1576,"comment_status":"closed","ping_status":"open","sticky":false,"template":"","format":"standard","meta":{"tdm_status":"","tdm_grid_status":"","footnotes":""},"categories":[153],"tags":[199,1155,96,1599,71,200],"class_list":["post-14042","post","type-post","status-publish","format-standard","has-post-thumbnail","hentry","category-noticias","tag-comercio","tag-dupla-visita","tag-fiscalizacao","tag-lei-18175-2025","tag-procon","tag-varejo"],"amp_enabled":true,"_links":{"self":[{"href":"https:\/\/sincomavi.org.br\/index.php?rest_route=\/wp\/v2\/posts\/14042","targetHints":{"allow":["GET"]}}],"collection":[{"href":"https:\/\/sincomavi.org.br\/index.php?rest_route=\/wp\/v2\/posts"}],"about":[{"href":"https:\/\/sincomavi.org.br\/index.php?rest_route=\/wp\/v2\/types\/post"}],"author":[{"embeddable":true,"href":"https:\/\/sincomavi.org.br\/index.php?rest_route=\/wp\/v2\/users\/1"}],"replies":[{"embeddable":true,"href":"https:\/\/sincomavi.org.br\/index.php?rest_route=%2Fwp%2Fv2%2Fcomments&post=14042"}],"version-history":[{"count":2,"href":"https:\/\/sincomavi.org.br\/index.php?rest_route=\/wp\/v2\/posts\/14042\/revisions"}],"predecessor-version":[{"id":14045,"href":"https:\/\/sincomavi.org.br\/index.php?rest_route=\/wp\/v2\/posts\/14042\/revisions\/14045"}],"wp:featuredmedia":[{"embeddable":true,"href":"https:\/\/sincomavi.org.br\/index.php?rest_route=\/wp\/v2\/media\/1576"}],"wp:attachment":[{"href":"https:\/\/sincomavi.org.br\/index.php?rest_route=%2Fwp%2Fv2%2Fmedia&parent=14042"}],"wp:term":[{"taxonomy":"category","embeddable":true,"href":"https:\/\/sincomavi.org.br\/index.php?rest_route=%2Fwp%2Fv2%2Fcategories&post=14042"},{"taxonomy":"post_tag","embeddable":true,"href":"https:\/\/sincomavi.org.br\/index.php?rest_route=%2Fwp%2Fv2%2Ftags&post=14042"}],"curies":[{"name":"wp","href":"https:\/\/api.w.org\/{rel}","templated":true}]}}