{"id":1404,"date":"2019-10-04T09:17:22","date_gmt":"2019-10-04T12:17:22","guid":{"rendered":"https:\/\/sincomavi.org.br\/?p=1404"},"modified":"2019-10-04T09:18:16","modified_gmt":"2019-10-04T12:18:16","slug":"sucesso-da-organizacao-depende-do-capital-humano","status":"publish","type":"post","link":"https:\/\/sincomavi.org.br\/?p=1404","title":{"rendered":"Sucesso da organiza\u00e7\u00e3o depende do capital humano"},"content":{"rendered":"\n<p><em>Por Ana Penarotti<\/em>.<\/p>\n\n\n\n<p>Quando falamos em produtividade, logo pensamos como a tecnologia pode contribuir para aumentar ou melhorar os resultados da organiza\u00e7\u00e3o. E de fato a cada dia surge uma nova ferramenta que automatiza tarefas manuais que facilitam a vida das pessoas e melhoram os resultados da organiza\u00e7\u00e3o.<\/p>\n\n\n\n<p>Aumentar\na produtividade tornou-se uma quest\u00e3o de sobreviv\u00eancia para os neg\u00f3cios e ter a\ntecnologia aliada aos neg\u00f3cios \u00e9 um importante caminho, mas n\u00e3o \u00e9 o \u00fanico! Isso\nporque os fatores relacionados ao capital humano pesam muito. S\u00e3o as pessoas,\nquando realmente engajadas, comprometidas e motivadas, al\u00e9m de alinhadas ao\nprop\u00f3sito da organiza\u00e7\u00e3o, que t\u00eam grandes chances de garantir o resultado\nalmejado.<\/p>\n\n\n\n<p>De acordo com uma pesquisa da <a rel=\"noreferrer noopener\" aria-label=\"SocialBase (abre numa nova aba)\" href=\"https:\/\/socialbase.com.br\" target=\"_blank\"><strong>SocialBase<\/strong><\/a>, 20% dos profissionais n\u00e3o est\u00e3o felizes onde trabalham e buscam por novas oportunidades. O estudo Tend\u00eancias mundiais para o capital humano, da consultoria Deloitte, revela que apenas 13% dos colaboradores est\u00e3o realmente engajados.<\/p>\n\n\n\n<p>E\ncomo saber se seus colaboradores est\u00e3o realmente engajados?&nbsp; Confira:<\/p>\n\n\n\n<h2 class=\"wp-block-heading\">O prop\u00f3sito:<\/h2>\n\n\n\n<p>A empresa deve ter um prop\u00f3sito claro, saber exatamente por que existe e o que quer levar para seus clientes e consumidores. <\/p>\n\n\n\n<h2 class=\"wp-block-heading\">Engajamento<\/h2>\n\n\n\n<p>Uma importante forma de estimular o engajamento do colaborador \u00e9 encorajar sua criatividade, seu esp\u00edrito de colabora\u00e7\u00e3o e o trabalho em equipe, assim como valoriz\u00e1-lo e reconhec\u00ea-lo de forma justa. <\/p>\n\n\n\n<h2 class=\"wp-block-heading\">Pesquisas e feedback<\/h2>\n\n\n\n<p>A realiza\u00e7\u00e3o de programas de assessment que d\u00e3o a devida aten\u00e7\u00e3o ao comportamento de seus colaboradores promovem a melhor aloca\u00e7\u00e3o, o preenchimento adequado e sustent\u00e1vel de posi\u00e7\u00f5es e alavancam os resultados. <\/p>\n\n\n\n<h2 class=\"wp-block-heading\">Capacita\u00e7\u00e3o<\/h2>\n\n\n\n<p>Levar a s\u00e9rio o desenvolvimento de seus colaboradores \u00e9 essencial para garantir a produtividade e alcan\u00e7ar os objetivos estrat\u00e9gicos. \u00c9 importante refor\u00e7ar que o principal respons\u00e1vel pela carreira \u00e9 o pr\u00f3prio profissional e n\u00e3o o RH.<\/p>\n\n\n\n<h2 class=\"wp-block-heading\">O papel do l\u00edder<\/h2>\n\n\n\n<p>Ele precisa conhecer sua equipe de forma \u00fanica, saber seus anseios, prop\u00f3sitos, pontos fortes e a desenvolver, assim como o alinhamento e sentimento que cada um tem em rela\u00e7\u00e3o \u00e0 organiza\u00e7\u00e3o. <\/p>\n\n\n\n<p>Para\nque exista essa aproxima\u00e7\u00e3o entre l\u00edderes e colaboradores, \u00e9 necess\u00e1rio que\nsurjam iniciativas voltadas para os anseios e necessidades individuais,\ndesenvolver diretrizes e pol\u00edticas ajust\u00e1veis e amplas. Al\u00e9m disso, cabe ao\nl\u00edder, dentro da contribui\u00e7\u00e3o para a produtividade, atuar como protagonista da\ntransforma\u00e7\u00e3o digital e tecnol\u00f3gica a partir de mudan\u00e7as de mindset, capacitando\nprofissionais nas novas ferramentas dispon\u00edveis no Varejo 4.0. Hoje a\nprodutividade est\u00e1 mais relacionada a recursos humanos do que o conceito\ninicialmente estabelecido de se fazer mais com menos recursos e em menos tempo.<\/p>\n\n\n\n<p><em>Venha desenvolver estas habilidades e t\u00e9cnicas no curso <strong><a href=\"https:\/\/sincomavi.org.br\/lideranca-do-futuro\/\" target=\"_blank\" rel=\"noreferrer noopener\" aria-label=\"&quot;Lideran\u00e7a do Futuro \u2013 Como fazer a diferen\u00e7a conhecendo melhor o seu colaborador&quot; (abre numa nova aba)\">&#8220;Lideran\u00e7a do Futuro \u2013 Como fazer a diferen\u00e7a conhecendo melhor o seu colaborador&#8221;<\/a><\/strong> que ministrarei no Sincomavi, dia 08 de novembro de 2019, das\u00a009h \u00e0s 18h. Informe-se das condi\u00e7\u00f5es especiais para associados :).<\/em><\/p>\n\n\n<style>.wp-block-kadence-column.kb-section-dir-horizontal > .kt-inside-inner-col > #kt-info-box_cd2a49-11 .kt-blocks-info-box-link-wrap{max-width:unset;}#kt-info-box_cd2a49-11 .kt-blocks-info-box-link-wrap{border-color:#ffffff;border-radius:30px;border-top-width:5px;border-right-width:5px;border-bottom-width:5px;border-left-width:5px;background:#ffffff;padding-top:20px;padding-right:20px;padding-bottom:20px;padding-left:20px;}#kt-info-box_cd2a49-11 .kt-blocks-info-box-link-wrap:hover{background:#ffffff;}#kt-info-box_cd2a49-11.wp-block-kadence-infobox{max-width:100%;}#kt-info-box_cd2a49-11 .kadence-info-box-image-inner-intrisic-container{max-width:260px;}#kt-info-box_cd2a49-11 .kadence-info-box-image-inner-intrisic-container .kadence-info-box-image-intrisic{padding-bottom:65.3846%;width:260px;height:0px;max-width:100%;}#kt-info-box_cd2a49-11 .kadence-info-box-icon-container .kt-info-svg-icon, #kt-info-box_cd2a49-11 .kt-info-svg-icon-flip, #kt-info-box_cd2a49-11 .kt-blocks-info-box-number{font-size:50px;}#kt-info-box_cd2a49-11 .kt-blocks-info-box-media{background:transparent;border-color:#444444;border-radius:200px;overflow:hidden;border-top-width:0px;border-right-width:0px;border-bottom-width:0px;border-left-width:0px;padding-top:10px;padding-right:10px;padding-bottom:10px;padding-left:10px;}#kt-info-box_cd2a49-11 .kt-blocks-info-box-media-container{margin-top:0px;margin-right:15px;margin-bottom:0px;margin-left:15px;}#kt-info-box_cd2a49-11 .kt-blocks-info-box-media .kadence-info-box-image-intrisic img{border-radius:200px;}#kt-info-box_cd2a49-11 .kt-blocks-info-box-link-wrap:hover .kt-blocks-info-box-media{background:transparent;border-color:#444444;}#kt-info-box_cd2a49-11 .kt-infobox-textcontent h2.kt-blocks-info-box-title{padding-top:0px;padding-right:0px;padding-bottom:0px;padding-left:0px;margin-top:5px;margin-right:0px;margin-bottom:10px;margin-left:0px;}#kt-info-box_cd2a49-11 .kt-blocks-info-box-learnmore{color:#444444;background:#ffffff;border-color:#444444;border-width:1px 0px 0px 0px;padding-top:4px;padding-right:8px;padding-bottom:4px;padding-left:8px;margin-top:10px;margin-right:0px;margin-bottom:10px;margin-left:0px;}#kt-info-box_cd2a49-11 .kt-blocks-info-box-link-wrap:hover .kt-blocks-info-box-learnmore,#kt-info-box_cd2a49-11 .kt-blocks-info-box-link-wrap .kt-blocks-info-box-learnmore:focus{color:#222222;background:#ffffff;border-color:#222222;}<\/style>\n<div id=\"kt-info-box_cd2a49-11\" class=\"wp-block-kadence-infobox\"><a class=\"kt-blocks-info-box-link-wrap kt-blocks-info-box-media-align-top kt-info-halign-center\"><div class=\"kt-blocks-info-box-media-container\"><div class=\"kt-blocks-info-box-media kt-info-media-animate-none\"><div class=\"kadence-info-box-image-inner-intrisic-container\" style=\"max-width:260px\"><div class=\"kadence-info-box-image-intrisic kt-info-animate-none\" style=\"padding-bottom:65.38461538461539%;height:0;width:260px;max-width:100%\"><div class=\"kadence-info-box-image-inner-intrisic\"><img loading=\"lazy\" decoding=\"async\" src=\"https:\/\/sincomavi.org.br\/wp-content\/uploads\/2019\/10\/ANA.jpg\" alt=\"\" width=\"260\" height=\"170\" class=\"kt-info-box-image wp-image-1405 \"\/><\/div><\/div><\/div><\/div><\/div><div class=\"kt-infobox-textcontent\"><h2 class=\"kt-blocks-info-box-title\">Ana Penarotti<\/h2><p class=\"kt-blocks-info-box-text\">Especialista em Gest\u00e3o de Pessoas, atua no desenvolvimento de l\u00edderes, s\u00f3cia da Ciclo85, membro dos Empreendedores Compulsivos, coautora do livro PNL&amp;Coaching. Docente em cursos de p\u00f3s-gradua\u00e7\u00e3o e facilitadora de grupos de estudos na ABRH.<\/p><div class=\"kt-blocks-info-box-learnmore-wrap\"><span class=\"kt-blocks-info-box-learnmore\"><\/span><\/div><\/div><\/a><\/div>\n","protected":false},"excerpt":{"rendered":"<p>Por Ana Penarotti. Quando falamos em produtividade, logo pensamos como a tecnologia pode contribuir para aumentar ou melhorar os resultados da organiza\u00e7\u00e3o. E de fato a cada dia surge uma nova ferramenta que automatiza tarefas manuais que facilitam a vida das pessoas e melhoram os resultados da organiza\u00e7\u00e3o. Aumentar a produtividade tornou-se uma quest\u00e3o de [&hellip;]<\/p>\n","protected":false},"author":1,"featured_media":1407,"comment_status":"closed","ping_status":"open","sticky":false,"template":"","format":"standard","meta":{"tdm_status":"","tdm_grid_status":"","footnotes":""},"categories":[210],"tags":[252,209,253,178],"class_list":["post-1404","post","type-post","status-publish","format-standard","has-post-thumbnail","hentry","category-artigos","tag-capital-humano","tag-lideranca","tag-recursos-humanos","tag-treinamento"],"amp_enabled":true,"_links":{"self":[{"href":"https:\/\/sincomavi.org.br\/index.php?rest_route=\/wp\/v2\/posts\/1404","targetHints":{"allow":["GET"]}}],"collection":[{"href":"https:\/\/sincomavi.org.br\/index.php?rest_route=\/wp\/v2\/posts"}],"about":[{"href":"https:\/\/sincomavi.org.br\/index.php?rest_route=\/wp\/v2\/types\/post"}],"author":[{"embeddable":true,"href":"https:\/\/sincomavi.org.br\/index.php?rest_route=\/wp\/v2\/users\/1"}],"replies":[{"embeddable":true,"href":"https:\/\/sincomavi.org.br\/index.php?rest_route=%2Fwp%2Fv2%2Fcomments&post=1404"}],"version-history":[{"count":3,"href":"https:\/\/sincomavi.org.br\/index.php?rest_route=\/wp\/v2\/posts\/1404\/revisions"}],"predecessor-version":[{"id":1409,"href":"https:\/\/sincomavi.org.br\/index.php?rest_route=\/wp\/v2\/posts\/1404\/revisions\/1409"}],"wp:featuredmedia":[{"embeddable":true,"href":"https:\/\/sincomavi.org.br\/index.php?rest_route=\/wp\/v2\/media\/1407"}],"wp:attachment":[{"href":"https:\/\/sincomavi.org.br\/index.php?rest_route=%2Fwp%2Fv2%2Fmedia&parent=1404"}],"wp:term":[{"taxonomy":"category","embeddable":true,"href":"https:\/\/sincomavi.org.br\/index.php?rest_route=%2Fwp%2Fv2%2Fcategories&post=1404"},{"taxonomy":"post_tag","embeddable":true,"href":"https:\/\/sincomavi.org.br\/index.php?rest_route=%2Fwp%2Fv2%2Ftags&post=1404"}],"curies":[{"name":"wp","href":"https:\/\/api.w.org\/{rel}","templated":true}]}}