{"id":14013,"date":"2025-07-10T16:48:10","date_gmt":"2025-07-10T19:48:10","guid":{"rendered":"https:\/\/sincomavi.org.br\/?p=14013"},"modified":"2025-07-10T16:48:38","modified_gmt":"2025-07-10T19:48:38","slug":"os-impactos-da-sobretaxa-americana","status":"publish","type":"post","link":"https:\/\/sincomavi.org.br\/?p=14013","title":{"rendered":"Os impactos da sobretaxa americana"},"content":{"rendered":"\n<hr class=\"wp-block-separator has-alpha-channel-opacity is-style-default\"\/>\n\n\n<div class=\"wp-block-post-date\"><time datetime=\"2025-07-10T16:48:10-03:00\">10 de julho de 2025<\/time><\/div>\n\n\n<p><strong>Por Jaime Vasconcellos, economista.<\/strong><\/p>\n\n\n\n<p>N\u00e3o h\u00e1 outro assunto mais relevante na conjuntura econ\u00f4mica que a recente decis\u00e3o do governo norte-americano em aplicar uma sobretaxa de 50% nas exporta\u00e7\u00f5es brasileiras \u00e0quele pa\u00eds, com previs\u00e3o de vig\u00eancia a partir de 01\u00b0 de agosto. S\u00e3o an\u00e1lises por todo lado, sejam elas econ\u00f4micas, pol\u00edticas, geopol\u00edticas e muitas com um forte cunho ideol\u00f3gico, como a pr\u00f3pria decis\u00e3o do presidente Donald Trump.\u00a0<\/p>\n\n\n\n<p>Do ponto de vista estritamente da economia, das caracter\u00edsticas do com\u00e9rcio internacional, \u00e9 importante frisar que a balan\u00e7a comercial entre Brasil e EUA \u00e9 positiva ao pa\u00eds do hemisf\u00e9rio norte. Somente no primeiro semestre do ano, o Brasil conta com um d\u00e9ficit comercial (mais importa\u00e7\u00f5es que exporta\u00e7\u00f5es) de cerca de US$1,67 bilh\u00f5es com os Estados Unidos. E ainda assim, o Brasil foi inclu\u00eddo na mais recente atualiza\u00e7\u00e3o das na\u00e7\u00f5es sobretaxadas, sendo aquela com o maior percentual dentre os listados pelos norte-americanos, 50%.<\/p>\n\n\n\n<p>Sob a \u00f3tica empresarial, o imenso aumento tarif\u00e1rio impacta primeiramente os setores que mais exportam para os EUA \u2014 petr\u00f3leo bruto, ferro ou a\u00e7o semiacabado, caf\u00e9 n\u00e3o torrado, aeronaves e outras m\u00e1quinas e equipamentos. Se mantida, a medida pode amea\u00e7ar significativamente as empresas desses segmentos, as for\u00e7ando buscar novos mercados, um processo que est\u00e1 longe do autom\u00e1tico e que sempre \u00e9 muito custoso.<\/p>\n\n\n\n<p>No \u00e2mbito macroecon\u00f4mico, a redu\u00e7\u00e3o do com\u00e9rcio entre os dois pa\u00edses pode diminuir a oferta de d\u00f3lares na economia dom\u00e9stica, causando uma valoriza\u00e7\u00e3o da moeda estrangeira e aumentando os pre\u00e7os dos importados, o que novamente pressiona a infla\u00e7\u00e3o. Isso demonstra que medidas como esta n\u00e3o preocupam apenas as ind\u00fastrias exportadoras, mas tamb\u00e9m relevantes pilares da economia real, atingindo consumidores, empres\u00e1rios e outros agentes. Neste sentido, \u00e9 por isso que o com\u00e9rcio varejista precisa ficar atento aos desdobramentos deste cen\u00e1rio, principalmente se houver uma retalia\u00e7\u00e3o brasileira e uma escalada desta chamada \u201cguerra comercial\u201d.<\/p>\n\n\n\n<p>Por fim, cabe-nos uma reflex\u00e3o, at\u00e9 porque neste momento n\u00e3o se sabe com seguran\u00e7a quais medidas ser\u00e3o ainda tomadas por ambos os lados, bem como quais os verdadeiros impactos nos \u00e2mbitos micro e macroecon\u00f4micos. Certeza mesmo \u00e9 que, novamente, o setor produtivo nacional, que vai desde as ind\u00fastrias exportadores, passando pelas empresas que as circundam em suas localidades e de outros setores (como o pr\u00f3prio varejo), ficam \u00e0 merc\u00ea de decis\u00f5es pol\u00edtico-ideol\u00f3gicas, restando-nos apenas a apreens\u00e3o e o olhar atento aos desdobramentos deste preocupante cen\u00e1rio.<\/p>\n\n\n\n<hr class=\"wp-block-separator has-alpha-channel-opacity is-style-default\"\/>\n","protected":false},"excerpt":{"rendered":"<p>Por Jaime Vasconcellos, economista. N\u00e3o h\u00e1 outro assunto mais relevante na conjuntura econ\u00f4mica que a recente decis\u00e3o do governo norte-americano em aplicar uma sobretaxa de 50% nas exporta\u00e7\u00f5es brasileiras \u00e0quele pa\u00eds, com previs\u00e3o de vig\u00eancia a partir de 01\u00b0 de agosto. S\u00e3o an\u00e1lises por todo lado, sejam elas econ\u00f4micas, pol\u00edticas, geopol\u00edticas e muitas com um [&hellip;]<\/p>\n","protected":false},"author":1,"featured_media":14014,"comment_status":"closed","ping_status":"open","sticky":false,"template":"","format":"standard","meta":{"tdm_status":"","tdm_grid_status":"","footnotes":""},"categories":[210],"tags":[199,1592,1591,1593,200],"class_list":["post-14013","post","type-post","status-publish","format-standard","has-post-thumbnail","hentry","category-artigos","tag-comercio","tag-estados-unidos","tag-guerra-comercial","tag-trump","tag-varejo"],"amp_enabled":true,"_links":{"self":[{"href":"https:\/\/sincomavi.org.br\/index.php?rest_route=\/wp\/v2\/posts\/14013","targetHints":{"allow":["GET"]}}],"collection":[{"href":"https:\/\/sincomavi.org.br\/index.php?rest_route=\/wp\/v2\/posts"}],"about":[{"href":"https:\/\/sincomavi.org.br\/index.php?rest_route=\/wp\/v2\/types\/post"}],"author":[{"embeddable":true,"href":"https:\/\/sincomavi.org.br\/index.php?rest_route=\/wp\/v2\/users\/1"}],"replies":[{"embeddable":true,"href":"https:\/\/sincomavi.org.br\/index.php?rest_route=%2Fwp%2Fv2%2Fcomments&post=14013"}],"version-history":[{"count":2,"href":"https:\/\/sincomavi.org.br\/index.php?rest_route=\/wp\/v2\/posts\/14013\/revisions"}],"predecessor-version":[{"id":14016,"href":"https:\/\/sincomavi.org.br\/index.php?rest_route=\/wp\/v2\/posts\/14013\/revisions\/14016"}],"wp:featuredmedia":[{"embeddable":true,"href":"https:\/\/sincomavi.org.br\/index.php?rest_route=\/wp\/v2\/media\/14014"}],"wp:attachment":[{"href":"https:\/\/sincomavi.org.br\/index.php?rest_route=%2Fwp%2Fv2%2Fmedia&parent=14013"}],"wp:term":[{"taxonomy":"category","embeddable":true,"href":"https:\/\/sincomavi.org.br\/index.php?rest_route=%2Fwp%2Fv2%2Fcategories&post=14013"},{"taxonomy":"post_tag","embeddable":true,"href":"https:\/\/sincomavi.org.br\/index.php?rest_route=%2Fwp%2Fv2%2Ftags&post=14013"}],"curies":[{"name":"wp","href":"https:\/\/api.w.org\/{rel}","templated":true}]}}