{"id":13998,"date":"2025-07-10T09:07:25","date_gmt":"2025-07-10T12:07:25","guid":{"rendered":"https:\/\/sincomavi.org.br\/?p=13998"},"modified":"2025-07-10T09:07:26","modified_gmt":"2025-07-10T12:07:26","slug":"vendas-no-varejo-recuam-42-em-junho-segundo-a-stone","status":"publish","type":"post","link":"https:\/\/sincomavi.org.br\/?p=13998","title":{"rendered":"Vendas no varejo recuam -4,2% em junho, segundo a Stone"},"content":{"rendered":"\n<hr class=\"wp-block-separator has-alpha-channel-opacity is-style-default\"\/>\n\n\n<div class=\"wp-block-post-date\"><time datetime=\"2025-07-10T09:07:25-03:00\">10 de julho de 2025<\/time><\/div>\n\n\n<p>O com\u00e9rcio brasileiro amargou em junho uma queda de -4,2% nas vendas em compara\u00e7\u00e3o a maio deste ano, como mostra a varia\u00e7\u00e3o do \u00cdndice do Varejo Stone. Em rela\u00e7\u00e3o ao mesmo per\u00edodo do ano passado, o retrocesso foi de -4,6%. O acumulado do ano tamb\u00e9m apresenta n\u00fameros negativos, -0,5%.&nbsp;<\/p>\n\n\n\n<p><br>Todos os setores analisados contaram com queda no comparativo mensal, mas os destaques ficaram para M\u00f3veis e Eletrodom\u00e9sticos (-6,4%) e Material de Constru\u00e7\u00e3o (-6,3%). O estudo da Stone mostra ainda que no comparativo anual houve tamb\u00e9m recuo no varejo de material de constru\u00e7\u00e3o, com -5,8%.<\/p>\n\n\n\n<p>A queda verificada em junho atingiu tanto o com\u00e9rcio digital quanto o f\u00edsico. Enquanto as vendas do primeiro ca\u00edram -4,5%, o segundo sofreu com retra\u00e7\u00e3o de 3,4% no m\u00eas.<br><br>O economista Guilherme Freitas comenta que os dados de junho refor\u00e7am a leitura de que a economia brasileira est\u00e1 passando por um momento de perda de f\u00f4lego. \u201cApesar da taxa de desemprego continuar em queda e da cria\u00e7\u00e3o de empregos formais, os n\u00fameros j\u00e1 apontam para uma poss\u00edvel desacelera\u00e7\u00e3o no ritmo do mercado de trabalho\u201d, avalia. \u201cPor outro lado, o consumo das fam\u00edlias segue pressionado pelo alto comprometimento da renda com d\u00edvidas, o que impacta diretamente o varejo\u201d. Ele acredita ainda que a infla\u00e7\u00e3o continua em trajet\u00f3ria de desacelera\u00e7\u00e3o, mas isso parece estar mais relacionado \u00e0 fraqueza da atividade econ\u00f4mica do que a uma melhora estrutural. \u201cO conjunto dos dados sugere que o cen\u00e1rio de desacelera\u00e7\u00e3o vem se consolidando, ainda que seja necess\u00e1rio acompanhar os pr\u00f3ximos meses para confirmar essa tend\u00eancia\u201d, sugere.<\/p>\n\n\n\n<hr class=\"wp-block-separator has-alpha-channel-opacity is-style-default\"\/>\n","protected":false},"excerpt":{"rendered":"<p>O com\u00e9rcio brasileiro amargou em junho uma queda de -4,2% nas vendas em compara\u00e7\u00e3o a maio deste ano, como mostra a varia\u00e7\u00e3o do \u00cdndice do Varejo Stone. Em rela\u00e7\u00e3o ao mesmo per\u00edodo do ano passado, o retrocesso foi de -4,6%. O acumulado do ano tamb\u00e9m apresenta n\u00fameros negativos, -0,5%.&nbsp; Todos os setores analisados contaram com [&hellip;]<\/p>\n","protected":false},"author":1,"featured_media":5729,"comment_status":"closed","ping_status":"open","sticky":false,"template":"","format":"standard","meta":{"tdm_status":"","tdm_grid_status":"","footnotes":""},"categories":[153],"tags":[199,156,620,158,160,1536,200,75],"class_list":["post-13998","post","type-post","status-publish","format-standard","has-post-thumbnail","hentry","category-noticias","tag-comercio","tag-economia","tag-levantamento","tag-material-de-construcao","tag-pesquisa","tag-stone","tag-varejo","tag-vendas"],"amp_enabled":true,"_links":{"self":[{"href":"https:\/\/sincomavi.org.br\/index.php?rest_route=\/wp\/v2\/posts\/13998","targetHints":{"allow":["GET"]}}],"collection":[{"href":"https:\/\/sincomavi.org.br\/index.php?rest_route=\/wp\/v2\/posts"}],"about":[{"href":"https:\/\/sincomavi.org.br\/index.php?rest_route=\/wp\/v2\/types\/post"}],"author":[{"embeddable":true,"href":"https:\/\/sincomavi.org.br\/index.php?rest_route=\/wp\/v2\/users\/1"}],"replies":[{"embeddable":true,"href":"https:\/\/sincomavi.org.br\/index.php?rest_route=%2Fwp%2Fv2%2Fcomments&post=13998"}],"version-history":[{"count":1,"href":"https:\/\/sincomavi.org.br\/index.php?rest_route=\/wp\/v2\/posts\/13998\/revisions"}],"predecessor-version":[{"id":13999,"href":"https:\/\/sincomavi.org.br\/index.php?rest_route=\/wp\/v2\/posts\/13998\/revisions\/13999"}],"wp:featuredmedia":[{"embeddable":true,"href":"https:\/\/sincomavi.org.br\/index.php?rest_route=\/wp\/v2\/media\/5729"}],"wp:attachment":[{"href":"https:\/\/sincomavi.org.br\/index.php?rest_route=%2Fwp%2Fv2%2Fmedia&parent=13998"}],"wp:term":[{"taxonomy":"category","embeddable":true,"href":"https:\/\/sincomavi.org.br\/index.php?rest_route=%2Fwp%2Fv2%2Fcategories&post=13998"},{"taxonomy":"post_tag","embeddable":true,"href":"https:\/\/sincomavi.org.br\/index.php?rest_route=%2Fwp%2Fv2%2Ftags&post=13998"}],"curies":[{"name":"wp","href":"https:\/\/api.w.org\/{rel}","templated":true}]}}