{"id":13981,"date":"2025-07-08T09:38:21","date_gmt":"2025-07-08T12:38:21","guid":{"rendered":"https:\/\/sincomavi.org.br\/?p=13981"},"modified":"2025-07-08T09:38:22","modified_gmt":"2025-07-08T12:38:22","slug":"varejo-registra-pequeno-recuo-nas-vendas-em-junho","status":"publish","type":"post","link":"https:\/\/sincomavi.org.br\/?p=13981","title":{"rendered":"Varejo registra pequeno recuo nas vendas em junho"},"content":{"rendered":"\n<hr class=\"wp-block-separator has-alpha-channel-opacity is-style-default\"\/>\n\n\n<div class=\"wp-block-post-date\"><time datetime=\"2025-07-08T09:38:21-03:00\">8 de julho de 2025<\/time><\/div>\n\n\n<p>Ao contr\u00e1rio do setor de Servi\u00e7os, que contou com uma queda substancial de 4% no movimento em junho, o varejo sofreu uma retra\u00e7\u00e3o de 0,4% na compara\u00e7\u00e3o mensal, segundo o IGet &#8211; indicador desenvolvido pelo Santander em parceria com a Getnet. Com esse resultado, o com\u00e9rcio acumula tr\u00eas desempenhos negativos consecutivos.&nbsp;<\/p>\n\n\n\n<p>J\u00e1 na compara\u00e7\u00e3o interanual, o n\u00famero se mostra melhor: crescimento de 6,1%. O \u00edndice restrito, por sua vez, teve uma eleva\u00e7\u00e3o de 0,3% no m\u00eas, e o \u00edndice ampliado, variou positivamente em 0,5%. Entretanto, o varejo de material de constru\u00e7\u00e3o amargou uma queda de 2,9%.<\/p>\n\n\n\n<p>O economista Gabriel Couto comenta que, embora a pol\u00edtica monet\u00e1ria restritiva continue a afetar a atividade econ\u00f4mica, o mercado de trabalho aquecido deve ajudar a mitigar uma desacelera\u00e7\u00e3o mais forte. \u201cA nova linha de cr\u00e9dito consignado para trabalhadores do setor privado pode oferecer suporte adicional \u00e0 demanda\u201d, avalia. \u201cNo entanto, a infla\u00e7\u00e3o elevada e os desafios globais podem representar obst\u00e1culos ao crescimento tanto do varejo quanto dos servi\u00e7os.&#8221;<\/p>\n\n\n\n<hr class=\"wp-block-separator has-alpha-channel-opacity is-style-default\"\/>\n","protected":false},"excerpt":{"rendered":"<p>Ao contr\u00e1rio do setor de Servi\u00e7os, que contou com uma queda substancial de 4% no movimento em junho, o varejo sofreu uma retra\u00e7\u00e3o de 0,4% na compara\u00e7\u00e3o mensal, segundo o IGet &#8211; indicador desenvolvido pelo Santander em parceria com a Getnet. Com esse resultado, o com\u00e9rcio acumula tr\u00eas desempenhos negativos consecutivos.&nbsp; J\u00e1 na compara\u00e7\u00e3o interanual, [&hellip;]<\/p>\n","protected":false},"author":1,"featured_media":13982,"comment_status":"closed","ping_status":"open","sticky":false,"template":"","format":"standard","meta":{"tdm_status":"","tdm_grid_status":"","footnotes":""},"categories":[153],"tags":[199,156,1386,620,158,160,200,75],"class_list":["post-13981","post","type-post","status-publish","format-standard","has-post-thumbnail","hentry","category-noticias","tag-comercio","tag-economia","tag-iget","tag-levantamento","tag-material-de-construcao","tag-pesquisa","tag-varejo","tag-vendas"],"amp_enabled":true,"_links":{"self":[{"href":"https:\/\/sincomavi.org.br\/index.php?rest_route=\/wp\/v2\/posts\/13981","targetHints":{"allow":["GET"]}}],"collection":[{"href":"https:\/\/sincomavi.org.br\/index.php?rest_route=\/wp\/v2\/posts"}],"about":[{"href":"https:\/\/sincomavi.org.br\/index.php?rest_route=\/wp\/v2\/types\/post"}],"author":[{"embeddable":true,"href":"https:\/\/sincomavi.org.br\/index.php?rest_route=\/wp\/v2\/users\/1"}],"replies":[{"embeddable":true,"href":"https:\/\/sincomavi.org.br\/index.php?rest_route=%2Fwp%2Fv2%2Fcomments&post=13981"}],"version-history":[{"count":1,"href":"https:\/\/sincomavi.org.br\/index.php?rest_route=\/wp\/v2\/posts\/13981\/revisions"}],"predecessor-version":[{"id":13983,"href":"https:\/\/sincomavi.org.br\/index.php?rest_route=\/wp\/v2\/posts\/13981\/revisions\/13983"}],"wp:featuredmedia":[{"embeddable":true,"href":"https:\/\/sincomavi.org.br\/index.php?rest_route=\/wp\/v2\/media\/13982"}],"wp:attachment":[{"href":"https:\/\/sincomavi.org.br\/index.php?rest_route=%2Fwp%2Fv2%2Fmedia&parent=13981"}],"wp:term":[{"taxonomy":"category","embeddable":true,"href":"https:\/\/sincomavi.org.br\/index.php?rest_route=%2Fwp%2Fv2%2Fcategories&post=13981"},{"taxonomy":"post_tag","embeddable":true,"href":"https:\/\/sincomavi.org.br\/index.php?rest_route=%2Fwp%2Fv2%2Ftags&post=13981"}],"curies":[{"name":"wp","href":"https:\/\/api.w.org\/{rel}","templated":true}]}}