{"id":13957,"date":"2025-07-01T14:26:29","date_gmt":"2025-07-01T17:26:29","guid":{"rendered":"https:\/\/sincomavi.org.br\/?p=13957"},"modified":"2025-07-01T14:26:30","modified_gmt":"2025-07-01T17:26:30","slug":"geracao-de-empregos-no-varejo-matcons-desacelera-em-maio","status":"publish","type":"post","link":"https:\/\/sincomavi.org.br\/?p=13957","title":{"rendered":"Gera\u00e7\u00e3o de empregos no varejo Matcons desacelera em maio"},"content":{"rendered":"\n<hr class=\"wp-block-separator has-alpha-channel-opacity is-style-default\"\/>\n\n\n<div class=\"wp-block-post-date\"><time datetime=\"2025-07-01T14:26:29-03:00\">1 de julho de 2025<\/time><\/div>\n\n\n<p>88 empregos com carteira assinada foram criados pelo varejo de material de constru\u00e7\u00e3o da Regi\u00e3o Metropolitana de S\u00e3o Paulo (RMSP) no \u00faltimo m\u00eas de maio, segundo o Novo Cadastro Geral de Empregados e Desempregados (Novo Caged). Ao todo, 3.780 admiss\u00f5es foram registradas contra 3.692 desligamentos. Com esse resultado, o estoque formado pelo setor ficou em 96.650 v\u00ednculos empregat\u00edcios ativos. Na capital paulista houve retra\u00e7\u00e3o de nove vagas em maio.&nbsp;<\/p>\n\n\n\n<p>Como pode ser observado no gr\u00e1fico abaixo, a \u00faltima edi\u00e7\u00e3o do Novo Caged revela que ambos os territ\u00f3rios, o munic\u00edpio de S\u00e3o Paulo e RMSP, se posicionaram abaixo dos saldos positivos registrados tanto no m\u00eas anterior, quanto tamb\u00e9m em maio de 2024.&nbsp;<\/p>\n\n\n\n<h2 class=\"wp-block-heading has-text-align-center\">Evolu\u00e7\u00e3o do saldo de empregos do varejo de material de constru\u00e7\u00e3o \u2013 RMSP e S\u00e3o Paulo\/SP<\/h2>\n\n\n\n<p class=\"has-text-align-center\"><img loading=\"lazy\" decoding=\"async\" width=\"553\" height=\"352\" src=\"https:\/\/lh7-rt.googleusercontent.com\/docsz\/AD_4nXcu2QfbGXcJm8OP9KECtTUaRDPZfsat9r5Z8TjdjOffHv0FR1kfKeuOF0xacAieLyc7iODORMzt4GE-jG4v5pt99wYNFB605fjz5g4bfjvXe_FzbrF_kC2swpigIO12qLu6RdAAB32h3pJNt0P-UA?key=8o2xispcGBhJzdFtZB9Xmw\"><\/p>\n\n\n\n<p class=\"has-text-align-right\"><strong>Fonte: Novo Caged<\/strong><\/p>\n\n\n\n<p>Praticamente a totalidade do saldo positivo de maio se deve ao varejo de material de constru\u00e7\u00e3o em geral, que sozinho gerou 86 vagas. Bons resultados tamb\u00e9m foram notados no com\u00e9rcio varejista de tintas e materiais para pintura (+31 vagas) e no com\u00e9rcio de vidros (+16 vagas).<\/p>\n\n\n\n<p class=\"has-text-align-center\"><img loading=\"lazy\" decoding=\"async\" src=\"https:\/\/lh7-rt.googleusercontent.com\/docsz\/AD_4nXesYpoKTmD0kjyxFaykNHLYB7D3EJaWk1XkqV3ZguQAoQ1tDlWjcE4XjsOhcUki8PnjZeA2eRcbOlVb_UFIrYsEEk255UTbv1_xI2oblVKn0fPgBHHcqcAONzQ-i__S_EDRoyOajWoi6FpKIrdakHs?key=8o2xispcGBhJzdFtZB9Xmw\" width=\"567\" height=\"280\"><\/p>\n\n\n\n<p>Com este novo avan\u00e7o mensal de empregabilidade, \u00e9 poss\u00edvel verificar que no acumulado de janeiro a maio de 2025 o desempenho setorial chegou aos 904 novos postos de trabalho. Ao todo, foram 19.900 admiss\u00f5es e 18.996 desligamentos. Os maiores saldos absolutos, neste caso, s\u00e3o dos ramos de materiais el\u00e9tricos (+178 vagas) e de ferragens e ferramentas (+188 vagas).<\/p>\n\n\n\n<p class=\"has-text-align-center\"><img loading=\"lazy\" decoding=\"async\" src=\"https:\/\/lh7-rt.googleusercontent.com\/docsz\/AD_4nXcYs2UzbCEPfAnLi75NcUMi-uIMnxsbubopB1uHKnGMXp-MQXP4tSkmRyOvIOOh-1GplF024Is3xHnsrV1b7QIXVynYUL_UtBkjp1tbjTYcE6dMAf90Ui6j4ZGp5Tf9HP1XgiuvLd-QmWojAa_hVws?key=8o2xispcGBhJzdFtZB9Xmw\" width=\"567\" height=\"300\"><\/p>\n\n\n\n<p>Para o economista Jaime Vasconcellos, o resultado de maio manteve a trajet\u00f3ria crescente do mercado de trabalho do segmento na Regi\u00e3o Metropolitana de S\u00e3o Paulo. \u201cAinda assim, houve desacelera\u00e7\u00e3o na compara\u00e7\u00e3o ao m\u00eas anterior (abril\/25) e tamb\u00e9m em rela\u00e7\u00e3o ao crescimento registrado em maio do ano passado\u201d, pontua. E complementa: \u201cTal realidade demonstra, por um lado, que ainda h\u00e1 resili\u00eancia do mercado de trabalho, que responde positivamente a uma demanda sustentada pela renda das fam\u00edlias, puxada pelo pr\u00f3prio mercado de trabalho aquecido (inclusive de outros setores econ\u00f4micos) e pelo avan\u00e7o do cr\u00e9dito no pa\u00eds\u201d.<\/p>\n\n\n\n<p>Ele lembra que, por outro lado, se v\u00ea um enfraquecimento do ritmo de expans\u00e3o desta empregabilidade. \u201cS\u00e3o os efeitos da atual e persistente infla\u00e7\u00e3o e devido ao cen\u00e1rio de juros altos, que diminuem, respectivamente, o poder de compra e renda familiar dispon\u00edvel para novos consumos\u201d. \u00c9 um per\u00edodo de desafio aos consumidores, que se transfere \u00e0 performance de vendas dos estabelecimentos comerciais e a capacidade deles em gerar novos postos de trabalho. \u201cTemos, portanto, uma tend\u00eancia de arrefecimento esperada e que realmente vai se consolidando\u201d, finaliza.<\/p>\n\n\n\n<hr class=\"wp-block-separator has-alpha-channel-opacity is-style-default\"\/>\n","protected":false},"excerpt":{"rendered":"<p>88 empregos com carteira assinada foram criados pelo varejo de material de constru\u00e7\u00e3o da Regi\u00e3o Metropolitana de S\u00e3o Paulo (RMSP) no \u00faltimo m\u00eas de maio, segundo o Novo Cadastro Geral de Empregados e Desempregados (Novo Caged). Ao todo, 3.780 admiss\u00f5es foram registradas contra 3.692 desligamentos. Com esse resultado, o estoque formado pelo setor ficou em [&hellip;]<\/p>\n","protected":false},"author":1,"featured_media":13958,"comment_status":"closed","ping_status":"open","sticky":false,"template":"","format":"standard","meta":{"tdm_status":"","tdm_grid_status":"","footnotes":""},"categories":[153],"tags":[89,199,156,53,632,620,158,160,1385,200,75],"class_list":["post-13957","post","type-post","status-publish","format-standard","has-post-thumbnail","hentry","category-noticias","tag-caged","tag-comercio","tag-economia","tag-emprego","tag-estudo-setorial","tag-levantamento","tag-material-de-construcao","tag-pesquisa","tag-relacoes-de-trabalho","tag-varejo","tag-vendas"],"amp_enabled":true,"_links":{"self":[{"href":"https:\/\/sincomavi.org.br\/index.php?rest_route=\/wp\/v2\/posts\/13957","targetHints":{"allow":["GET"]}}],"collection":[{"href":"https:\/\/sincomavi.org.br\/index.php?rest_route=\/wp\/v2\/posts"}],"about":[{"href":"https:\/\/sincomavi.org.br\/index.php?rest_route=\/wp\/v2\/types\/post"}],"author":[{"embeddable":true,"href":"https:\/\/sincomavi.org.br\/index.php?rest_route=\/wp\/v2\/users\/1"}],"replies":[{"embeddable":true,"href":"https:\/\/sincomavi.org.br\/index.php?rest_route=%2Fwp%2Fv2%2Fcomments&post=13957"}],"version-history":[{"count":1,"href":"https:\/\/sincomavi.org.br\/index.php?rest_route=\/wp\/v2\/posts\/13957\/revisions"}],"predecessor-version":[{"id":13959,"href":"https:\/\/sincomavi.org.br\/index.php?rest_route=\/wp\/v2\/posts\/13957\/revisions\/13959"}],"wp:featuredmedia":[{"embeddable":true,"href":"https:\/\/sincomavi.org.br\/index.php?rest_route=\/wp\/v2\/media\/13958"}],"wp:attachment":[{"href":"https:\/\/sincomavi.org.br\/index.php?rest_route=%2Fwp%2Fv2%2Fmedia&parent=13957"}],"wp:term":[{"taxonomy":"category","embeddable":true,"href":"https:\/\/sincomavi.org.br\/index.php?rest_route=%2Fwp%2Fv2%2Fcategories&post=13957"},{"taxonomy":"post_tag","embeddable":true,"href":"https:\/\/sincomavi.org.br\/index.php?rest_route=%2Fwp%2Fv2%2Ftags&post=13957"}],"curies":[{"name":"wp","href":"https:\/\/api.w.org\/{rel}","templated":true}]}}