{"id":13897,"date":"2025-06-24T14:33:02","date_gmt":"2025-06-24T17:33:02","guid":{"rendered":"https:\/\/sincomavi.org.br\/?p=13897"},"modified":"2025-06-24T14:33:02","modified_gmt":"2025-06-24T17:33:02","slug":"mte-prorroga-regra-sobre-trabalho-em-feriados-no-comercio","status":"publish","type":"post","link":"https:\/\/sincomavi.org.br\/?p=13897","title":{"rendered":"MTE prorroga regra sobre trabalho em feriados no com\u00e9rcio"},"content":{"rendered":"\n<hr class=\"wp-block-separator has-alpha-channel-opacity is-style-default\"\/>\n\n\n<div class=\"wp-block-post-date\"><time datetime=\"2025-06-24T14:33:02-03:00\">24 de junho de 2025<\/time><\/div>\n\n\n<p>O Minist\u00e9rio do Trabalho e Emprego (MTE) prorrogou, mais uma vez, agora para 01\/03\/2026, a entrada em vigor da portaria que trata das regras para o trabalho em feriados no com\u00e9rcio, reinserindo a necessidade de Conven\u00e7\u00e3o Coletiva de Trabalho que regulamente as atividades nesses dias, al\u00e9m da observ\u00e2ncia da legisla\u00e7\u00e3o municipal a respeito. A decis\u00e3o foi anunciada em raz\u00e3o da necessidade de se continuar o di\u00e1logo entre o governo, as lideran\u00e7as pol\u00edticas, do empresariado e as dos trabalhadores.<\/p>\n\n\n\n<p>Para blindar as empresas que representa contra essa varia\u00e7\u00e3o pol\u00edtica, e poss\u00edveis fiscaliza\u00e7\u00f5es e penalidades, o SINCOMAVI j\u00e1 vem incluindo cl\u00e1usulas espec\u00edficas que autorizam o trabalho em feriados e domingos nas CCTs firmadas com os sindicatos dos trabalhadores.<\/p>\n\n\n\n<p>Essas cl\u00e1usulas atendem integralmente \u00e0s exig\u00eancias da lei e das portarias do Minist\u00e9rio do Trabalho e garantem seguran\u00e7a jur\u00eddica \u00e0s empresas representadas.<\/p>\n\n\n\n<p>Qualquer esclarecimento adicional pode ser obtido pelo e-mail sincomavi@sincomavi.org.br ou pelo 11 3488-8200.<\/p>\n\n\n\n<p><strong>Fonte: Portaria MTE N\u00ba 1.066 &#8211; DOU 18\/06\/25<\/strong><\/p>\n\n\n\n<hr class=\"wp-block-separator has-alpha-channel-opacity is-style-default\"\/>\n","protected":false},"excerpt":{"rendered":"<p>O Minist\u00e9rio do Trabalho e Emprego (MTE) prorrogou, mais uma vez, agora para 01\/03\/2026, a entrada em vigor da portaria que trata das regras para o trabalho em feriados no com\u00e9rcio, reinserindo a necessidade de Conven\u00e7\u00e3o Coletiva de Trabalho que regulamente as atividades nesses dias, al\u00e9m da observ\u00e2ncia da legisla\u00e7\u00e3o municipal a respeito. A decis\u00e3o [&hellip;]<\/p>\n","protected":false},"author":1,"featured_media":6536,"comment_status":"closed","ping_status":"open","sticky":false,"template":"","format":"standard","meta":{"tdm_status":"","tdm_grid_status":"","footnotes":""},"categories":[157],"tags":[],"class_list":["post-13897","post","type-post","status-publish","format-standard","has-post-thumbnail","hentry","category-alerta"],"amp_enabled":true,"_links":{"self":[{"href":"https:\/\/sincomavi.org.br\/index.php?rest_route=\/wp\/v2\/posts\/13897","targetHints":{"allow":["GET"]}}],"collection":[{"href":"https:\/\/sincomavi.org.br\/index.php?rest_route=\/wp\/v2\/posts"}],"about":[{"href":"https:\/\/sincomavi.org.br\/index.php?rest_route=\/wp\/v2\/types\/post"}],"author":[{"embeddable":true,"href":"https:\/\/sincomavi.org.br\/index.php?rest_route=\/wp\/v2\/users\/1"}],"replies":[{"embeddable":true,"href":"https:\/\/sincomavi.org.br\/index.php?rest_route=%2Fwp%2Fv2%2Fcomments&post=13897"}],"version-history":[{"count":1,"href":"https:\/\/sincomavi.org.br\/index.php?rest_route=\/wp\/v2\/posts\/13897\/revisions"}],"predecessor-version":[{"id":13898,"href":"https:\/\/sincomavi.org.br\/index.php?rest_route=\/wp\/v2\/posts\/13897\/revisions\/13898"}],"wp:featuredmedia":[{"embeddable":true,"href":"https:\/\/sincomavi.org.br\/index.php?rest_route=\/wp\/v2\/media\/6536"}],"wp:attachment":[{"href":"https:\/\/sincomavi.org.br\/index.php?rest_route=%2Fwp%2Fv2%2Fmedia&parent=13897"}],"wp:term":[{"taxonomy":"category","embeddable":true,"href":"https:\/\/sincomavi.org.br\/index.php?rest_route=%2Fwp%2Fv2%2Fcategories&post=13897"},{"taxonomy":"post_tag","embeddable":true,"href":"https:\/\/sincomavi.org.br\/index.php?rest_route=%2Fwp%2Fv2%2Ftags&post=13897"}],"curies":[{"name":"wp","href":"https:\/\/api.w.org\/{rel}","templated":true}]}}