{"id":13880,"date":"2025-06-23T09:12:00","date_gmt":"2025-06-23T12:12:00","guid":{"rendered":"https:\/\/sincomavi.org.br\/?p=13880"},"modified":"2025-06-20T09:10:50","modified_gmt":"2025-06-20T12:10:50","slug":"carta-de-conjuntura-junho-de-2025","status":"publish","type":"post","link":"https:\/\/sincomavi.org.br\/?p=13880","title":{"rendered":"Carta de conjuntura &#8211; junho de 2025"},"content":{"rendered":"\n<hr class=\"wp-block-separator has-alpha-channel-opacity is-style-default\"\/>\n\n\n<div class=\"wp-block-post-date\"><time datetime=\"2025-06-23T09:12:00-03:00\">23 de junho de 2025<\/time><\/div>\n\n\n<p><strong>Jaime Vasconcellos, economista.<\/strong><strong><br><br><\/strong><\/p>\n\n\n\n<p>O t\u00f3pico de maior movimenta\u00e7\u00e3o da conjuntura econ\u00f4mica brasileira nos \u00faltimos dias veio da decis\u00e3o do Comit\u00ea de Pol\u00edtica Monet\u00e1ria (Copom) do Banco Central (BC) em elevar novamente a taxa b\u00e1sica de juros da nossa economia. Ap\u00f3s um aumento de 0,25 pontos percentuais no \u00faltimo dia 18, a Selic atingiu os 15,00%, o seu maior n\u00edvel desde julho de 2006.<\/p>\n\n\n\n<p>Boa parte dos analistas apostava que a redu\u00e7\u00e3o da infla\u00e7\u00e3o brasileira (IPCA) para 0,26% em maio sensibilizasse o BC para interromper a recente trajet\u00f3ria ascendente da Selic, que se iniciou em setembro do ano passado. N\u00e3o foi o que ocorreu. O Comit\u00ea justificou a sua decis\u00e3o citando \u00e0s incertezas externas, aliada a um cen\u00e1rio dom\u00e9stico de resili\u00eancia da demanda agregada e os conhecidos riscos fiscais.&nbsp;<\/p>\n\n\n\n<p>N\u00e3o se nega que o mundo passa por uma volatilidade al\u00e9m da \u201cnormal\u201d. De um lado temos ainda um acomodamento das mudan\u00e7as das pol\u00edticas comerciais ap\u00f3s as sobretaxas americanas para diversos pa\u00edses. De outro, os conflitos na Ucr\u00e2nia, I\u00eamen e agora tamb\u00e9m entre Israel e Ir\u00e3, que podem inclusive gerar uma escalada sem precedentes. Do ponto de vista estritamente econ\u00f4mico, isso tudo traz dificuldades para mercados emergentes, como o brasileiro.&nbsp;<\/p>\n\n\n\n<p>No \u00e2mbito interno, a economia se mant\u00e9m mais aquecida que o projetado, mesmo com a trajet\u00f3ria de juros altos. Prova disso \u00e9 que tivemos no trimestre encerrado em abril a menor taxa de desocupa\u00e7\u00e3o para o per\u00edodo desde o in\u00edcio da s\u00e9rie da PNAD Cont\u00ednua, exatos 6,6%. J\u00e1 a taxa de crescimento estimada para o PIB em 2025 j\u00e1 ficou abaixo dos 2%, mas aos poucos vai se aproximando dos 2,5%.&nbsp;<\/p>\n\n\n\n<p>Os riscos de termos ainda mais press\u00f5es nos pre\u00e7os dom\u00e9sticos com os efeitos da volatilidade internacional, junto de um cen\u00e1rio dom\u00e9stico ainda aquecido e que convive com riscos fiscais, faz com que o \u00fanico instrumento de defesa da moeda seja por meio da pol\u00edtica monet\u00e1ria. E ainda que ningu\u00e9m goste de conviver com os juros altos, que encarece ainda mais o custo do cr\u00e9dito para pessoas e empresas, o Banco Central faz o que acredita ser o melhor para o momento.&nbsp;&nbsp;<\/p>\n\n\n\n<p>E um adendo, a irresponsabilidade do atual governo em controlar os seus gastos, partindo novamente para a tentativa de equil\u00edbrio de suas contas atrav\u00e9s quase que unicamente do aumento de tributos, isto \u00e9, \u00e0s custas do setor produtivo privado, ajudou a induzir o Banco Central a manter-se cauteloso e aumentar ainda mais os juros. Mesmo que se espere ser esta a \u00faltima eleva\u00e7\u00e3o de 2025.&nbsp;<\/p>\n\n\n\n<p>Como consumidores, podemos esperar ainda mais desafios na gest\u00e3o dos or\u00e7amentos familiares. J\u00e1 aos empres\u00e1rios, h\u00e1 a necessidade de ainda mais cuidado quanto \u00e0 liquidez e ao fluxo de caixa dos estabelecimentos. Seja na busca por clientes ou ao depender de cr\u00e9dito, \u00e9 importante possuir a consci\u00eancia que teremos mais dificuldades neste segundo semestre.&nbsp;<\/p>\n\n\n\n<p><strong>Estimativas para o fechamento de 2025 da economia brasileira:<\/strong><\/p>\n\n\n\n<ul class=\"wp-block-list\">\n<li><strong>PIB:<\/strong> 2,2%<\/li>\n\n\n\n<li><strong>Infla\u00e7\u00e3o (IPCA\/IBGE)<\/strong>: 5,3%<\/li>\n\n\n\n<li><strong>Taxa SELIC<\/strong>: 15,00% a.a.<\/li>\n\n\n\n<li><strong>Taxa de C\u00e2mbio:<\/strong> 5,80<\/li>\n\n\n\n<li><strong>Balan\u00e7a comercial (em US$)<\/strong>: + 75 bi<\/li>\n\n\n\n<li><strong>Taxa de desocupa\u00e7\u00e3o ao fim do ano (PNADc\/IBGE):<\/strong> 6,5%<\/li>\n\n\n\n<li><strong>Volume de vendas do com\u00e9rcio ampliado BR (PMC IBGE\/12 meses)<\/strong>: +2,5%<\/li>\n\n\n\n<li><strong>Volume de servi\u00e7os BR (PMS IBGE\/12 meses)<\/strong>: +3,0%<\/li>\n<\/ul>\n\n\n\n<hr class=\"wp-block-separator has-alpha-channel-opacity is-style-default\"\/>\n","protected":false},"excerpt":{"rendered":"<p>Jaime Vasconcellos, economista. O t\u00f3pico de maior movimenta\u00e7\u00e3o da conjuntura econ\u00f4mica brasileira nos \u00faltimos dias veio da decis\u00e3o do Comit\u00ea de Pol\u00edtica Monet\u00e1ria (Copom) do Banco Central (BC) em elevar novamente a taxa b\u00e1sica de juros da nossa economia. Ap\u00f3s um aumento de 0,25 pontos percentuais no \u00faltimo dia 18, a Selic atingiu os 15,00%, [&hellip;]<\/p>\n","protected":false},"author":1,"featured_media":13881,"comment_status":"closed","ping_status":"open","sticky":false,"template":"","format":"standard","meta":{"tdm_status":"","tdm_grid_status":"","footnotes":""},"categories":[210],"tags":[272,199,156,273,202,203,200,75],"class_list":["post-13880","post","type-post","status-publish","format-standard","has-post-thumbnail","hentry","category-artigos","tag-carta-de-conjuntura","tag-comercio","tag-economia","tag-ipca","tag-pib","tag-selic","tag-varejo","tag-vendas"],"amp_enabled":true,"_links":{"self":[{"href":"https:\/\/sincomavi.org.br\/index.php?rest_route=\/wp\/v2\/posts\/13880","targetHints":{"allow":["GET"]}}],"collection":[{"href":"https:\/\/sincomavi.org.br\/index.php?rest_route=\/wp\/v2\/posts"}],"about":[{"href":"https:\/\/sincomavi.org.br\/index.php?rest_route=\/wp\/v2\/types\/post"}],"author":[{"embeddable":true,"href":"https:\/\/sincomavi.org.br\/index.php?rest_route=\/wp\/v2\/users\/1"}],"replies":[{"embeddable":true,"href":"https:\/\/sincomavi.org.br\/index.php?rest_route=%2Fwp%2Fv2%2Fcomments&post=13880"}],"version-history":[{"count":1,"href":"https:\/\/sincomavi.org.br\/index.php?rest_route=\/wp\/v2\/posts\/13880\/revisions"}],"predecessor-version":[{"id":13882,"href":"https:\/\/sincomavi.org.br\/index.php?rest_route=\/wp\/v2\/posts\/13880\/revisions\/13882"}],"wp:featuredmedia":[{"embeddable":true,"href":"https:\/\/sincomavi.org.br\/index.php?rest_route=\/wp\/v2\/media\/13881"}],"wp:attachment":[{"href":"https:\/\/sincomavi.org.br\/index.php?rest_route=%2Fwp%2Fv2%2Fmedia&parent=13880"}],"wp:term":[{"taxonomy":"category","embeddable":true,"href":"https:\/\/sincomavi.org.br\/index.php?rest_route=%2Fwp%2Fv2%2Fcategories&post=13880"},{"taxonomy":"post_tag","embeddable":true,"href":"https:\/\/sincomavi.org.br\/index.php?rest_route=%2Fwp%2Fv2%2Ftags&post=13880"}],"curies":[{"name":"wp","href":"https:\/\/api.w.org\/{rel}","templated":true}]}}