{"id":13874,"date":"2025-06-17T15:02:30","date_gmt":"2025-06-17T18:02:30","guid":{"rendered":"https:\/\/sincomavi.org.br\/?p=13874"},"modified":"2025-06-17T15:02:49","modified_gmt":"2025-06-17T18:02:49","slug":"esocial-novo-modulo-de-relatorios-gerenciais-ja-esta-disponivel","status":"publish","type":"post","link":"https:\/\/sincomavi.org.br\/?p=13874","title":{"rendered":"eSocial: novo m\u00f3dulo de relat\u00f3rios gerenciais j\u00e1 est\u00e1 dispon\u00edvel"},"content":{"rendered":"\n<hr class=\"wp-block-separator has-alpha-channel-opacity is-style-default\"\/>\n\n\n<div class=\"wp-block-post-date\"><time datetime=\"2025-06-17T15:02:30-03:00\">17 de junho de 2025<\/time><\/div>\n\n\n<p>Desde 16\/06\/2025 est\u00e1 dispon\u00edvel o m\u00f3dulo de emiss\u00e3o de relat\u00f3rios gerenciais no ambiente web do eSocial. A ferramenta permite a consolida\u00e7\u00e3o de informa\u00e7\u00f5es prestadas ao eSocial em relat\u00f3rios que agregam dados contidos em diferentes eventos, com vis\u00f5es mais globais da escritura\u00e7\u00e3o efetuada pelos empregadores.<\/p>\n\n\n\n<p>Nesta primeira etapa, o m\u00f3dulo disponibiliza a gera\u00e7\u00e3o do relat\u00f3rio \u201cRela\u00e7\u00e3o de trabalhadores &#8211; eSocial\u201d, que apresenta uma consolida\u00e7\u00e3o de v\u00ednculos informados por determinado empregador e exibe informa\u00e7\u00f5es contratuais e cadastrais extra\u00eddas de diferentes eventos n\u00e3o peri\u00f3dicos, conforme par\u00e2metros definidos pelo usu\u00e1rio.<br><\/p>\n\n\n\n<p>O manual de utiliza\u00e7\u00e3o da ferramenta, com detalhamento dos principais procedimentos de operacionaliza\u00e7\u00e3o, est\u00e1 dispon\u00edvel&nbsp;no bot\u00e3o abaixo.<\/p>\n\n\n<style>.wp-block-kadence-advancedbtn.kb-btns13874_bccaa9-2f{gap:var(--global-kb-gap-xs, 0.5rem );justify-content:center;align-items:center;}.kt-btns13874_bccaa9-2f .kt-button{font-weight:normal;font-style:normal;}.kt-btns13874_bccaa9-2f .kt-btn-wrap-0{margin-right:5px;}.wp-block-kadence-advancedbtn.kt-btns13874_bccaa9-2f .kt-btn-wrap-0 .kt-button{color:#555555;border-color:#555555;}.wp-block-kadence-advancedbtn.kt-btns13874_bccaa9-2f .kt-btn-wrap-0 .kt-button:hover, .wp-block-kadence-advancedbtn.kt-btns13874_bccaa9-2f .kt-btn-wrap-0 .kt-button:focus{color:#ffffff;border-color:#444444;}.wp-block-kadence-advancedbtn.kt-btns13874_bccaa9-2f .kt-btn-wrap-0 .kt-button::before{display:none;}.wp-block-kadence-advancedbtn.kt-btns13874_bccaa9-2f .kt-btn-wrap-0 .kt-button:hover, .wp-block-kadence-advancedbtn.kt-btns13874_bccaa9-2f .kt-btn-wrap-0 .kt-button:focus{background:#444444;}<\/style>\n<div class=\"wp-block-kadence-advancedbtn kb-buttons-wrap kb-btns13874_bccaa9-2f\"><style>ul.menu .wp-block-kadence-advancedbtn .kb-btn13874_ef932d-08.kb-button{width:initial;}<\/style><a class=\"kb-button kt-button button kb-btn13874_ef932d-08 kt-btn-size-standard kt-btn-width-type-auto kb-btn-global-fill  kt-btn-has-text-true kt-btn-has-svg-false  wp-block-kadence-singlebtn\" href=\"https:\/\/www.gov.br\/esocial\/pt-br\/documentacao-tecnica\/manuais\/manual-relatorios-gerenciais.pdf\" target=\"_blank\" rel=\"noreferrer noopener\"><span class=\"kt-btn-inner-text\">CLIQUE AQUI<\/span><\/a><\/div>\n\n\n\n<p><br><\/p>\n\n\n\n<hr class=\"wp-block-separator has-alpha-channel-opacity is-style-default\"\/>\n","protected":false},"excerpt":{"rendered":"<p>Desde 16\/06\/2025 est\u00e1 dispon\u00edvel o m\u00f3dulo de emiss\u00e3o de relat\u00f3rios gerenciais no ambiente web do eSocial. A ferramenta permite a consolida\u00e7\u00e3o de informa\u00e7\u00f5es prestadas ao eSocial em relat\u00f3rios que agregam dados contidos em diferentes eventos, com vis\u00f5es mais globais da escritura\u00e7\u00e3o efetuada pelos empregadores. Nesta primeira etapa, o m\u00f3dulo disponibiliza a gera\u00e7\u00e3o do relat\u00f3rio \u201cRela\u00e7\u00e3o [&hellip;]<\/p>\n","protected":false},"author":1,"featured_media":11281,"comment_status":"closed","ping_status":"open","sticky":false,"template":"","format":"standard","meta":{"tdm_status":"","tdm_grid_status":"","footnotes":""},"categories":[157],"tags":[112,1571],"class_list":["post-13874","post","type-post","status-publish","format-standard","has-post-thumbnail","hentry","category-alerta","tag-esocial","tag-relatorios-gerenciais"],"amp_enabled":true,"_links":{"self":[{"href":"https:\/\/sincomavi.org.br\/index.php?rest_route=\/wp\/v2\/posts\/13874","targetHints":{"allow":["GET"]}}],"collection":[{"href":"https:\/\/sincomavi.org.br\/index.php?rest_route=\/wp\/v2\/posts"}],"about":[{"href":"https:\/\/sincomavi.org.br\/index.php?rest_route=\/wp\/v2\/types\/post"}],"author":[{"embeddable":true,"href":"https:\/\/sincomavi.org.br\/index.php?rest_route=\/wp\/v2\/users\/1"}],"replies":[{"embeddable":true,"href":"https:\/\/sincomavi.org.br\/index.php?rest_route=%2Fwp%2Fv2%2Fcomments&post=13874"}],"version-history":[{"count":2,"href":"https:\/\/sincomavi.org.br\/index.php?rest_route=\/wp\/v2\/posts\/13874\/revisions"}],"predecessor-version":[{"id":13876,"href":"https:\/\/sincomavi.org.br\/index.php?rest_route=\/wp\/v2\/posts\/13874\/revisions\/13876"}],"wp:featuredmedia":[{"embeddable":true,"href":"https:\/\/sincomavi.org.br\/index.php?rest_route=\/wp\/v2\/media\/11281"}],"wp:attachment":[{"href":"https:\/\/sincomavi.org.br\/index.php?rest_route=%2Fwp%2Fv2%2Fmedia&parent=13874"}],"wp:term":[{"taxonomy":"category","embeddable":true,"href":"https:\/\/sincomavi.org.br\/index.php?rest_route=%2Fwp%2Fv2%2Fcategories&post=13874"},{"taxonomy":"post_tag","embeddable":true,"href":"https:\/\/sincomavi.org.br\/index.php?rest_route=%2Fwp%2Fv2%2Ftags&post=13874"}],"curies":[{"name":"wp","href":"https:\/\/api.w.org\/{rel}","templated":true}]}}