{"id":1387,"date":"2019-10-02T14:51:39","date_gmt":"2019-10-02T17:51:39","guid":{"rendered":"https:\/\/sincomavi.org.br\/?p=1387"},"modified":"2019-10-02T14:51:40","modified_gmt":"2019-10-02T17:51:40","slug":"e-commerce-varia-2229-no-acumulado-do-ano","status":"publish","type":"post","link":"https:\/\/sincomavi.org.br\/?p=1387","title":{"rendered":"E-commerce varia 22,29% no acumulado do ano"},"content":{"rendered":"\n<p>Dados coletados pelo Comit\u00ea de M\u00e9tricas da <a rel=\"noreferrer noopener\" aria-label=\"C\u00e2mara Brasileira de Com\u00e9rcio Eletr\u00f4nico (abre numa nova aba)\" href=\"https:\/\/camara-e.net\" target=\"_blank\"><strong>C\u00e2mara Brasileira de Com\u00e9rcio Eletr\u00f4nico<\/strong><\/a> (camara-e.net), em parceria com o Compre &amp; Confie, \u00edndice MCC-ENET, apontam um crescimento de 22,29% nas vendas do com\u00e9rcio eletr\u00f4nico no acumulado do ano at\u00e9 agosto. Para o mesmo per\u00edodo de compara\u00e7\u00e3o, o estudo releva tamb\u00e9m que os \u00edndices de faturamento do e-commerce nacional contaram com uma eleva\u00e7\u00e3o de 18,59%. <\/p>\n\n\n\n<p>Tendo como refer\u00eancia somente a regi\u00e3o Sudeste, o MCC-ENET teve,\nfrente ao m\u00eas anterior, uma eleva\u00e7\u00e3o em agosto de 6,93%. Comparando-se os\nresultados com o mesmo per\u00edodo de 2018, esse desempenho se apresenta muito\nmelhor: crescimento de 18,41%.<\/p>\n\n\n\n<figure class=\"wp-block-image\"><img loading=\"lazy\" decoding=\"async\" width=\"1024\" height=\"683\" src=\"https:\/\/sincomavi.org.br\/wp-content\/uploads\/2019\/10\/753-1024x683.jpg\" alt=\"Houve aumento tamb\u00e9m no n\u00famero de brasileiros que compram pela internet.\" class=\"wp-image-1388\" srcset=\"https:\/\/sincomavi.org.br\/wp-content\/uploads\/2019\/10\/753-1024x683.jpg 1024w, https:\/\/sincomavi.org.br\/wp-content\/uploads\/2019\/10\/753-300x200.jpg 300w, https:\/\/sincomavi.org.br\/wp-content\/uploads\/2019\/10\/753-768x512.jpg 768w, https:\/\/sincomavi.org.br\/wp-content\/uploads\/2019\/10\/753-630x420.jpg 630w, https:\/\/sincomavi.org.br\/wp-content\/uploads\/2019\/10\/753-640x427.jpg 640w, https:\/\/sincomavi.org.br\/wp-content\/uploads\/2019\/10\/753-681x454.jpg 681w, https:\/\/sincomavi.org.br\/wp-content\/uploads\/2019\/10\/753.jpg 1440w\" sizes=\"auto, (max-width: 1024px) 100vw, 1024px\" \/><figcaption>e-commerce continua aumentando sua participa\u00e7\u00e3o no mercado interno.<\/figcaption><\/figure>\n\n\n\n<h2 class=\"wp-block-heading\">Matcons e Inform\u00e1tica<\/h2>\n\n\n\n<p>A participa\u00e7\u00e3o de mercado, conforme vendas no e-commerce por atividade, permanece est\u00e1vel em rela\u00e7\u00e3o ao varejo de material de constru\u00e7\u00e3o desde janeiro de 2018, com 2,1%. J\u00e1 a categoria Equipamentos e materiais para escrit\u00f3rio, inform\u00e1tica e comunica\u00e7\u00e3o obteve uma varia\u00e7\u00e3o positiva, saindo de 40,5%, em janeiro de 2018, para 42,2%, em junho passado. Esse \u00edndice foi calculado a partir do cruzamento de informa\u00e7\u00f5es da MCC-ENET com a Pesquisa Mensal do Com\u00e9rcio (PMC), do Instituto Brasileiro de Geografia e Estat\u00edstica (IBGE). <\/p>\n\n\n\n<p>O estudo realizado pela c\u00e2mara-e.net verificou ainda a\nexpans\u00e3o no n\u00famero de pessoas que realizam compras pela internet no mercado\ninterno. 10,1% dos internautas brasileiros fizeram ao menos uma compra no\ncom\u00e9rcio eletr\u00f4nico no intervalo entre abril e junho de 2019. Ao avaliar o\nmesmo trimestre do ano anterior, \u00e9 poss\u00edvel concluir que o \u00edndice era de 7,6%.\nO aumento refor\u00e7a a tend\u00eancia de que o brasileiro est\u00e1 cada vez mais engajado\nem comprar por meio das plataformas digitais.<\/p>\n\n\n\n<p>Vale a pena lembrar que n\u00e3o est\u00e3o contabilizados no MCC-ENET dados dos sites MercadoLivre, OLX e Webmotors, al\u00e9m do setor de viagens e turismo, an\u00fancios e aplicativos de transportes e alimenta\u00e7\u00e3o. <\/p>\n\n\n<style>.wp-block-kadence-iconlist.kt-svg-icon-list-items_54e368-27:not(.this-stops-third-party-issues){margin-top:0px;margin-bottom:0px;}.wp-block-kadence-iconlist.kt-svg-icon-list-items_54e368-27 ul.kt-svg-icon-list:not(.this-prevents-issues):not(.this-stops-third-party-issues):not(.tijsloc){margin-top:0px;margin-right:0px;margin-bottom:var(--global-kb-spacing-sm, 1.5rem);margin-left:0px;}.wp-block-kadence-iconlist.kt-svg-icon-list-items_54e368-27 ul.kt-svg-icon-list{grid-row-gap:5px;}.wp-block-kadence-iconlist.kt-svg-icon-list-items_54e368-27 ul.kt-svg-icon-list .kt-svg-icon-list-item-wrap .kt-svg-icon-list-single{margin-right:10px;}.kt-svg-icon-list-items_54e368-27 ul.kt-svg-icon-list .kt-svg-icon-list-level-0 .kt-svg-icon-list-single svg{font-size:20px;}<\/style>\n<div class=\"wp-block-kadence-iconlist kt-svg-icon-list-items kt-svg-icon-list-items_54e368-27 kt-svg-icon-list-columns-1 alignnone\"><ul class=\"kt-svg-icon-list\"><li class=\"kt-svg-icon-list-style-default kt-svg-icon-list-item-wrap kt-svg-icon-list-item-0\"><div style=\"display:inline-flex;justify-content:center;align-items:center\" class=\"kt-svg-icon-list-single kt-svg-icon-list-single-fe_barChart\"><svg style=\"display:inline-block;vertical-align:middle\" viewbox=\"0 0 24 24\" height=\"20\" width=\"20\" fill=\"none\" stroke=\"currentColor\" xmlns=\"http:\/\/www.w3.org\/2000\/svg\" stroke-width=\"2\" stroke-linecap=\"round\" stroke-linejoin=\"round\"><line x1=\"12\" y1=\"20\" x2=\"12\" y2=\"10\"><\/line><line x1=\"18\" y1=\"20\" x2=\"18\" y2=\"4\"><\/line><line x1=\"6\" y1=\"20\" x2=\"6\" y2=\"16\"><\/line><\/svg><\/div><span class=\"kt-svg-icon-list-text\"><a rel=\"noreferrer noopener\" aria-label=\"N\u00e3o se esque\u00e7a de conferir a Carta de Conjunta de setembro (abre numa nova aba)\" href=\"https:\/\/sincomavi.org.br\/carta-de-conjuntura-setembro-de-2019\/\" target=\"_blank\"><strong>N\u00e3o se esque\u00e7a de conferir a Carta de Conjunta de setembro<\/strong><\/a><\/span><\/li><\/ul><\/div>\n\n\n\n<p><\/p>\n","protected":false},"excerpt":{"rendered":"<p>Dados coletados pelo Comit\u00ea de M\u00e9tricas da C\u00e2mara Brasileira de Com\u00e9rcio Eletr\u00f4nico (camara-e.net), em parceria com o Compre &amp; Confie, \u00edndice MCC-ENET, apontam um crescimento de 22,29% nas vendas do com\u00e9rcio eletr\u00f4nico no acumulado do ano at\u00e9 agosto. Para o mesmo per\u00edodo de compara\u00e7\u00e3o, o estudo releva tamb\u00e9m que os \u00edndices de faturamento do e-commerce [&hellip;]<\/p>\n","protected":false},"author":1,"featured_media":1390,"comment_status":"closed","ping_status":"open","sticky":false,"template":"","format":"standard","meta":{"tdm_status":"","tdm_grid_status":"","footnotes":""},"categories":[153],"tags":[34,165],"class_list":["post-1387","post","type-post","status-publish","format-standard","has-post-thumbnail","hentry","category-noticias","tag-comercio-eletronico","tag-e-commerce"],"amp_enabled":true,"_links":{"self":[{"href":"https:\/\/sincomavi.org.br\/index.php?rest_route=\/wp\/v2\/posts\/1387","targetHints":{"allow":["GET"]}}],"collection":[{"href":"https:\/\/sincomavi.org.br\/index.php?rest_route=\/wp\/v2\/posts"}],"about":[{"href":"https:\/\/sincomavi.org.br\/index.php?rest_route=\/wp\/v2\/types\/post"}],"author":[{"embeddable":true,"href":"https:\/\/sincomavi.org.br\/index.php?rest_route=\/wp\/v2\/users\/1"}],"replies":[{"embeddable":true,"href":"https:\/\/sincomavi.org.br\/index.php?rest_route=%2Fwp%2Fv2%2Fcomments&post=1387"}],"version-history":[{"count":1,"href":"https:\/\/sincomavi.org.br\/index.php?rest_route=\/wp\/v2\/posts\/1387\/revisions"}],"predecessor-version":[{"id":1391,"href":"https:\/\/sincomavi.org.br\/index.php?rest_route=\/wp\/v2\/posts\/1387\/revisions\/1391"}],"wp:featuredmedia":[{"embeddable":true,"href":"https:\/\/sincomavi.org.br\/index.php?rest_route=\/wp\/v2\/media\/1390"}],"wp:attachment":[{"href":"https:\/\/sincomavi.org.br\/index.php?rest_route=%2Fwp%2Fv2%2Fmedia&parent=1387"}],"wp:term":[{"taxonomy":"category","embeddable":true,"href":"https:\/\/sincomavi.org.br\/index.php?rest_route=%2Fwp%2Fv2%2Fcategories&post=1387"},{"taxonomy":"post_tag","embeddable":true,"href":"https:\/\/sincomavi.org.br\/index.php?rest_route=%2Fwp%2Fv2%2Ftags&post=1387"}],"curies":[{"name":"wp","href":"https:\/\/api.w.org\/{rel}","templated":true}]}}