{"id":13866,"date":"2025-06-16T13:35:08","date_gmt":"2025-06-16T16:35:08","guid":{"rendered":"https:\/\/sincomavi.org.br\/?p=13866"},"modified":"2025-06-16T13:35:09","modified_gmt":"2025-06-16T16:35:09","slug":"vendas-do-comercio-de-material-de-construcao-caem","status":"publish","type":"post","link":"https:\/\/sincomavi.org.br\/?p=13866","title":{"rendered":"Vendas do com\u00e9rcio de material de constru\u00e7\u00e3o caem"},"content":{"rendered":"\n<hr class=\"wp-block-separator has-alpha-channel-opacity is-style-default\"\/>\n\n\n<div class=\"wp-block-post-date\"><time datetime=\"2025-06-16T13:35:08-03:00\">16 de junho de 2025<\/time><\/div>\n\n\n<p>Ap\u00f3s um bom in\u00edcio de ano, no qual se registrou nos tr\u00eas primeiros meses de 2025 um aumento do volume de vendas do com\u00e9rcio de material de constru\u00e7\u00e3o em rela\u00e7\u00e3o ao mesmo per\u00edodo do ano passado, em abril ocorreu a primeira retra\u00e7\u00e3o do indicador no Estado de S\u00e3o Paulo desde dezembro, segundo dados da Pesquisa Mensal do Com\u00e9rcio do Instituto Brasileiro de Geografia e Estat\u00edstica (PMC\/IBGE). A queda na economia paulista ficou em -5,7% em rela\u00e7\u00e3o ao quarto m\u00eas de 2024. J\u00e1 em territ\u00f3rio nacional, o recuo foi mais ameno, de -2,7%, o primeiro desde maio do ano anterior.&nbsp;<\/p>\n\n\n\n<h2 class=\"wp-block-heading has-text-align-center\">Evolu\u00e7\u00e3o mensal do \u00edndice de volume de vendas do com\u00e9rcio de material de constru\u00e7\u00e3o \u2013 M\u00eas contra mesmo m\u00eas do ano anterior<\/h2>\n\n\n\n<p class=\"has-text-align-center\"><img loading=\"lazy\" decoding=\"async\" width=\"569\" height=\"360\" src=\"blob:https:\/\/sincomavi.org.br\/a077082b-825f-4038-b0d5-20a7603741dc\"><\/p>\n\n\n\n<p class=\"has-text-align-right\"><strong>Fonte: PMC \u2013 IBGE<\/strong><\/p>\n\n\n\n<p>Com os resultados negativos deste \u00faltimo m\u00eas de abril, \u00e9 poss\u00edvel observar que o acumulado em 12 meses teve a sua varia\u00e7\u00e3o mensal ascendente interrompida, algo que vinha se sustentando desde maio do ano passado. Para efeitos de compara\u00e7\u00e3o, considerando os 12 meses encerrados em mar\u00e7o de 2025, o acumulado contava com um crescimento de 7,1% e, com os dados de abril, passou a ser de 4,9%.&nbsp;&nbsp;<\/p>\n\n\n\n<h2 class=\"wp-block-heading has-text-align-center\">Evolu\u00e7\u00e3o do \u00edndice de volume de vendas do com\u00e9rcio de material de constru\u00e7\u00e3o do Estado de S\u00e3o Paulo \u2013 Taxa acumulada de 12 meses<\/h2>\n\n\n\n<p class=\"has-text-align-center\"><img loading=\"lazy\" decoding=\"async\" width=\"569\" height=\"343\" src=\"https:\/\/lh7-rt.googleusercontent.com\/docsz\/AD_4nXc7xf_VGGmmXva8Udkw4DTDfRDi6as_s7uYldT9y-aANKcGF1m8CoLOZyGgyzMFMB9tEv6yZQEIDPmfHaKL62qd3DpIOx7VX-JIQFlTOg5OARTO-szgduYpF_aCFohXGpSMJT2rE9qK0uexbieD-Vc?key=YFi8yZOIGjqqqHWSK9gwmg\"><\/p>\n\n\n\n<p class=\"has-text-align-right\"><strong>Fonte: PMC \u2013 IBGE<\/strong><\/p>\n\n\n\n<p>O economista Jaime Vasconcellos comenta que, em abril, o varejo de material de constru\u00e7\u00e3o no Estado de S\u00e3o Paulo seguiu o desempenho geral do com\u00e9rcio no pa\u00eds. \u201cA despeito de um cen\u00e1rio sustentado pelo emprego e pela renda resultante dele, a infla\u00e7\u00e3o persistente e os juros altos, aliado a uma trajet\u00f3ria na qual o com\u00e9rcio vem de uma base forte de desempenho nos \u00faltimos meses, auxiliou com que tiv\u00e9ssemos uma certa \u2018ressaca\u2019 do setor em abril\u201d, avalia. Ele lembra ainda que colaborou para esse resultado negativo o n\u00famero menor de dias \u201c\u00fateis\u201d neste m\u00eas em 2025, fazendo com que o efeito calend\u00e1rio tamb\u00e9m dificultasse resultados mais positivos (ou menos negativos).&nbsp;<\/p>\n\n\n\n<p class=\"has-small-font-size\">OBS: O Volume de Vendas observado pela PMC resulta da defla\u00e7\u00e3o dos valores nominais correntes da receita bruta de revenda por \u00edndices de pre\u00e7os espec\u00edficos para cada grupo de atividade, e para cada Unidade da Federa\u00e7\u00e3o, constru\u00eddos a partir dos relativos de pre\u00e7os do IPCA e do Sistema Nacional de Pesquisa de Custos e \u00cdndices da Constru\u00e7\u00e3o Civil \u2013 SINAPI. A pesquisa tamb\u00e9m avalia apenas empresas com 20 ocupados ou mais.\u00a0<\/p>\n\n\n\n<hr class=\"wp-block-separator has-alpha-channel-opacity is-style-default\"\/>\n","protected":false},"excerpt":{"rendered":"<p>Ap\u00f3s um bom in\u00edcio de ano, no qual se registrou nos tr\u00eas primeiros meses de 2025 um aumento do volume de vendas do com\u00e9rcio de material de constru\u00e7\u00e3o em rela\u00e7\u00e3o ao mesmo per\u00edodo do ano passado, em abril ocorreu a primeira retra\u00e7\u00e3o do indicador no Estado de S\u00e3o Paulo desde dezembro, segundo dados da Pesquisa [&hellip;]<\/p>\n","protected":false},"author":1,"featured_media":13867,"comment_status":"closed","ping_status":"open","sticky":false,"template":"","format":"standard","meta":{"tdm_status":"","tdm_grid_status":"","footnotes":""},"categories":[153],"tags":[199,156,632,161,620,158,160,665,162,200,75],"class_list":["post-13866","post","type-post","status-publish","format-standard","has-post-thumbnail","hentry","category-noticias","tag-comercio","tag-economia","tag-estudo-setorial","tag-ibge","tag-levantamento","tag-material-de-construcao","tag-pesquisa","tag-pesquisa-mensal-do-comercio","tag-pmc","tag-varejo","tag-vendas"],"amp_enabled":true,"_links":{"self":[{"href":"https:\/\/sincomavi.org.br\/index.php?rest_route=\/wp\/v2\/posts\/13866","targetHints":{"allow":["GET"]}}],"collection":[{"href":"https:\/\/sincomavi.org.br\/index.php?rest_route=\/wp\/v2\/posts"}],"about":[{"href":"https:\/\/sincomavi.org.br\/index.php?rest_route=\/wp\/v2\/types\/post"}],"author":[{"embeddable":true,"href":"https:\/\/sincomavi.org.br\/index.php?rest_route=\/wp\/v2\/users\/1"}],"replies":[{"embeddable":true,"href":"https:\/\/sincomavi.org.br\/index.php?rest_route=%2Fwp%2Fv2%2Fcomments&post=13866"}],"version-history":[{"count":1,"href":"https:\/\/sincomavi.org.br\/index.php?rest_route=\/wp\/v2\/posts\/13866\/revisions"}],"predecessor-version":[{"id":13868,"href":"https:\/\/sincomavi.org.br\/index.php?rest_route=\/wp\/v2\/posts\/13866\/revisions\/13868"}],"wp:featuredmedia":[{"embeddable":true,"href":"https:\/\/sincomavi.org.br\/index.php?rest_route=\/wp\/v2\/media\/13867"}],"wp:attachment":[{"href":"https:\/\/sincomavi.org.br\/index.php?rest_route=%2Fwp%2Fv2%2Fmedia&parent=13866"}],"wp:term":[{"taxonomy":"category","embeddable":true,"href":"https:\/\/sincomavi.org.br\/index.php?rest_route=%2Fwp%2Fv2%2Fcategories&post=13866"},{"taxonomy":"post_tag","embeddable":true,"href":"https:\/\/sincomavi.org.br\/index.php?rest_route=%2Fwp%2Fv2%2Ftags&post=13866"}],"curies":[{"name":"wp","href":"https:\/\/api.w.org\/{rel}","templated":true}]}}