{"id":13784,"date":"2025-06-03T15:16:54","date_gmt":"2025-06-03T18:16:54","guid":{"rendered":"https:\/\/sincomavi.org.br\/?p=13784"},"modified":"2025-06-03T15:20:12","modified_gmt":"2025-06-03T18:20:12","slug":"trabalho-aos-domingos-e-feriados-empresas-devem-seguir-convencao-coletiva-e-nao-mais-acordos","status":"publish","type":"post","link":"https:\/\/sincomavi.org.br\/?p=13784","title":{"rendered":"Trabalho aos domingos e feriados: empresas devem seguir Conven\u00e7\u00e3o Coletiva e n\u00e3o mais acordos"},"content":{"rendered":"\n<hr class=\"wp-block-separator has-alpha-channel-opacity is-style-default\"\/>\n\n\n<div class=\"wp-block-post-date\"><time datetime=\"2025-06-03T15:16:54-03:00\">3 de junho de 2025<\/time><\/div>\n\n\n<p>Tendo em vista in\u00fameras not\u00edcias erradas divulgadas em todos meios de comunica\u00e7\u00e3o, algumas at\u00e9 em redes sociais, o Sincomavi esclarece que, com a entrada em vigor da Portaria MTE n\u00ba 3.665\/23, agora previsto para 1\u00ba de julho de 2025, o cen\u00e1rio legal para o funcionamento do com\u00e9rcio aos feriados mudou de forma significativa.&nbsp;<\/p>\n\n\n\n<p>A principal altera\u00e7\u00e3o imposta pela norma \u00e9 o <strong><em>fim da possibilidade de acordo, individual ou coletivo,<\/em> para o trabalho nessas datas<\/strong>. A partir de agora somente <strong>as regras firmadas em Conven\u00e7\u00f5es Coletivas de Trabalho (CCTs) poder\u00e3o respaldar juridicamente a abertura<\/strong> do com\u00e9rcio.<\/p>\n\n\n\n<p>Isso significa que qualquer empresa que funcionar em domingos e feriados sem amparo expl\u00edcito na CCT de sua categoria estar\u00e1 em desacordo com a legisla\u00e7\u00e3o trabalhista \u2014 o que pode resultar em multas, a\u00e7\u00f5es judiciais e preju\u00edzos financeiros consider\u00e1veis.<\/p>\n\n\n\n<p>Ciente dessas implica\u00e7\u00f5es, o Sincomavi j\u00e1 vem incluindo cl\u00e1usulas espec\u00edficas que autorizam o trabalho em feriados e domingos nas CCTs firmadas com os sindicatos dos trabalhadores. Essas cl\u00e1usulas atendem integralmente \u00e0s exig\u00eancias da lei e das portarias do Minist\u00e9rio do Trabalho e garantem seguran\u00e7a jur\u00eddica \u00e0s empresas representadas \u2014 desde que todas as condi\u00e7\u00f5es previstas sejam rigorosamente cumpridas, entre as quais:<\/p>\n\n\n\n<ul class=\"wp-block-list\">\n<li>posse de certificado para trabalho nessas datas;<\/li>\n\n\n\n<li>respeito \u00e0 facultatividade do trabalho;<\/li>\n\n\n\n<li>fornecimento de vale-transporte;<\/li>\n\n\n\n<li>concess\u00e3o de alimenta\u00e7\u00e3o;<\/li>\n\n\n\n<li>pagamento de pr\u00eamios.<\/li>\n<\/ul>\n\n\n\n<p>Para evitar riscos legais, o Sincomavi orienta as empresas a preencherem o requerimento dispon\u00edvel (<a href=\"https:\/\/sincomavi.org.br\/?p=562\" target=\"_blank\" rel=\"noreferrer noopener\"><strong>clique aqui<\/strong><\/a>) e obterem a documenta\u00e7\u00e3o formal para a abertura aos domingos e feriados. O Departamento Jur\u00eddico da entidade refor\u00e7a ainda a import\u00e2ncia de conhecer, em detalhe, todas as cl\u00e1usulas da CCT vigente e se coloca \u00e0 disposi\u00e7\u00e3o para esclarecer d\u00favidas por meio do telefone (11) 3488-8200 ou pelo e-mail <a href=\"mailto:sincomavi@sincomavi.org.br\">sincomavi@sincomavi.org.br<\/a>.<\/p>\n\n\n\n<p>Empresas que negligenciarem essa nova exig\u00eancia e insistirem em acordos, sejam individuais ou coletivos, estar\u00e3o expostas a autua\u00e7\u00f5es, fiscaliza\u00e7\u00f5es e passivos trabalhistas. O momento exige aten\u00e7\u00e3o redobrada e alinhamento rigoroso com a legisla\u00e7\u00e3o coletiva vigente.<\/p>\n\n\n\n<hr class=\"wp-block-separator has-alpha-channel-opacity is-style-default\"\/>\n","protected":false},"excerpt":{"rendered":"<p>Tendo em vista in\u00fameras not\u00edcias erradas divulgadas em todos meios de comunica\u00e7\u00e3o, algumas at\u00e9 em redes sociais, o Sincomavi esclarece que, com a entrada em vigor da Portaria MTE n\u00ba 3.665\/23, agora previsto para 1\u00ba de julho de 2025, o cen\u00e1rio legal para o funcionamento do com\u00e9rcio aos feriados mudou de forma significativa.&nbsp; A principal [&hellip;]<\/p>\n","protected":false},"author":1,"featured_media":13785,"comment_status":"closed","ping_status":"open","sticky":false,"template":"","format":"standard","meta":{"tdm_status":"","tdm_grid_status":"","footnotes":""},"categories":[157],"tags":[199,141,1566,200],"class_list":["post-13784","post","type-post","status-publish","format-standard","has-post-thumbnail","hentry","category-alerta","tag-comercio","tag-domingos-e-feriados","tag-portaria-mte-3665-23","tag-varejo"],"amp_enabled":true,"_links":{"self":[{"href":"https:\/\/sincomavi.org.br\/index.php?rest_route=\/wp\/v2\/posts\/13784","targetHints":{"allow":["GET"]}}],"collection":[{"href":"https:\/\/sincomavi.org.br\/index.php?rest_route=\/wp\/v2\/posts"}],"about":[{"href":"https:\/\/sincomavi.org.br\/index.php?rest_route=\/wp\/v2\/types\/post"}],"author":[{"embeddable":true,"href":"https:\/\/sincomavi.org.br\/index.php?rest_route=\/wp\/v2\/users\/1"}],"replies":[{"embeddable":true,"href":"https:\/\/sincomavi.org.br\/index.php?rest_route=%2Fwp%2Fv2%2Fcomments&post=13784"}],"version-history":[{"count":4,"href":"https:\/\/sincomavi.org.br\/index.php?rest_route=\/wp\/v2\/posts\/13784\/revisions"}],"predecessor-version":[{"id":13789,"href":"https:\/\/sincomavi.org.br\/index.php?rest_route=\/wp\/v2\/posts\/13784\/revisions\/13789"}],"wp:featuredmedia":[{"embeddable":true,"href":"https:\/\/sincomavi.org.br\/index.php?rest_route=\/wp\/v2\/media\/13785"}],"wp:attachment":[{"href":"https:\/\/sincomavi.org.br\/index.php?rest_route=%2Fwp%2Fv2%2Fmedia&parent=13784"}],"wp:term":[{"taxonomy":"category","embeddable":true,"href":"https:\/\/sincomavi.org.br\/index.php?rest_route=%2Fwp%2Fv2%2Fcategories&post=13784"},{"taxonomy":"post_tag","embeddable":true,"href":"https:\/\/sincomavi.org.br\/index.php?rest_route=%2Fwp%2Fv2%2Ftags&post=13784"}],"curies":[{"name":"wp","href":"https:\/\/api.w.org\/{rel}","templated":true}]}}