{"id":13728,"date":"2025-05-20T16:17:50","date_gmt":"2025-05-20T19:17:50","guid":{"rendered":"https:\/\/sincomavi.org.br\/?p=13728"},"modified":"2025-05-20T16:17:51","modified_gmt":"2025-05-20T19:17:51","slug":"cbmc-discute-implantacao-da-ia-no-varejo","status":"publish","type":"post","link":"https:\/\/sincomavi.org.br\/?p=13728","title":{"rendered":"CBMC discute implanta\u00e7\u00e3o da IA no varejo"},"content":{"rendered":"\n<hr class=\"wp-block-separator has-alpha-channel-opacity is-style-default\"\/>\n\n\n<div class=\"wp-block-post-date\"><time datetime=\"2025-05-20T16:17:50-03:00\">20 de maio de 2025<\/time><\/div>\n\n\n<p>A reuni\u00e3o da C\u00e2mara Brasileira de Materiais de Constru\u00e7\u00e3o da Confedera\u00e7\u00e3o Nacional do Com\u00e9rcio (CBMC-CNC), realizada em 06 de maio, destacou a cria\u00e7\u00e3o de um grupo espec\u00edfico sobre aplica\u00e7\u00e3o da Intelig\u00eancia Artificial no varejo. O encontro contou com a presen\u00e7a de Jos\u00e9 Wenceslau, coordenador da CBMC e presidente da Fecomercio (MT), Luis Carlos Bohn, presidente da Fecom\u00e9rcio (RS) e Coordenador Geral das C\u00e2maras, e Claudio Ara\u00fajo de Lima, diretor do Sincomavi e da Federa\u00e7\u00e3o do Com\u00e9rcio de Bens, Servi\u00e7os e Turismo do Estado de S\u00e3o Paulo (FecomercioSP).<\/p>\n\n\n\n<p>O projeto de implementa\u00e7\u00e3o de IA conta com o apoio da CNC, FecomercioSP e Senac, e visa atender \u00e0 necessidade do setor em rela\u00e7\u00e3o \u00e0 capta\u00e7\u00e3o e desenvolvimento de m\u00e3o de obra. Algumas a\u00e7\u00f5es j\u00e1 foram tomadas, o portal <a href=\"https:\/\/empresas.senac.br\/\">Senac Empresas<\/a>, por exemplo, disponibiliza cursos gratuitos aos interessados. Segundo Cl\u00e1udio Ara\u00fajo de Lima, a recomenda\u00e7\u00e3o \u00e9 que os empres\u00e1rios criem processos internos&nbsp; como incentivo para a evolu\u00e7\u00e3o profissional dos empregados: &#8220;\u00c9 necess\u00e1rio reservar hor\u00e1rios para a aplica\u00e7\u00e3o desses treinamentos e acompanhar o projeto para obten\u00e7\u00e3o de resultados pr\u00e1ticos.&#8221;<\/p>\n\n\n<style>.kb-image13728_6f07d2-5a .kb-image-has-overlay:after{opacity:0.3;}<\/style>\n<figure class=\"wp-block-kadence-image kb-image13728_6f07d2-5a size-large\"><img loading=\"lazy\" decoding=\"async\" width=\"1024\" height=\"683\" src=\"https:\/\/sincomavi.org.br\/wp-content\/uploads\/2025\/05\/reuniao2-maio2025-1024x683.jpg\" alt=\"\" class=\"kb-img wp-image-13729\" srcset=\"https:\/\/sincomavi.org.br\/wp-content\/uploads\/2025\/05\/reuniao2-maio2025-1024x683.jpg 1024w, https:\/\/sincomavi.org.br\/wp-content\/uploads\/2025\/05\/reuniao2-maio2025-300x200.jpg 300w, https:\/\/sincomavi.org.br\/wp-content\/uploads\/2025\/05\/reuniao2-maio2025-768x512.jpg 768w, https:\/\/sincomavi.org.br\/wp-content\/uploads\/2025\/05\/reuniao2-maio2025-1536x1024.jpg 1536w, https:\/\/sincomavi.org.br\/wp-content\/uploads\/2025\/05\/reuniao2-maio2025-630x420.jpg 630w, https:\/\/sincomavi.org.br\/wp-content\/uploads\/2025\/05\/reuniao2-maio2025-640x427.jpg 640w, https:\/\/sincomavi.org.br\/wp-content\/uploads\/2025\/05\/reuniao2-maio2025-681x454.jpg 681w, https:\/\/sincomavi.org.br\/wp-content\/uploads\/2025\/05\/reuniao2-maio2025.jpg 2048w\" sizes=\"auto, (max-width: 1024px) 100vw, 1024px\" \/><\/figure>\n\n\n\n<h2 class=\"wp-block-heading\"><strong>Construcard e outros temas<\/strong><\/h2>\n\n\n\n<p>O encontro abordou ainda a reativa\u00e7\u00e3o do Construcard, e contou com a participa\u00e7\u00e3o remota de representantes da Caixa Econ\u00f4mica Federal: Melissa Cardoso de Castro, Ant\u00f4nio Augusto Pacheco F. Filho e Patrick Araujo Carvalho. Foi reiterado o apelo para que o produto seja oferecido com taxas mais competitivas, embora a retomada pare\u00e7a improv\u00e1vel no atual cen\u00e1rio de taxa Selic elevada.<\/p>\n\n\n\n<p>O Programa Periferia Viva para regulariza\u00e7\u00e3o e melhorias de im\u00f3veis tamb\u00e9m serviu como tema. A iniciativa prev\u00ea recursos para pessoas de baixa renda, mas depende da ades\u00e3o de prefeituras e \u00f3rg\u00e3os p\u00fablicos. Outro assunto que depende de vontade pol\u00edtica \u00e9 a revis\u00e3o das faixas do Simples Nacional, que est\u00e3o sem corre\u00e7\u00e3o desde janeiro de 2018. A defasagem causa impactos no crescimento empresarial e contribui para o aumento da informalidade. &#8220;Essa quest\u00e3o afeta diretamente a arrecada\u00e7\u00e3o do estado. Proje\u00e7\u00f5es conservadoras indicam impacto de R$10 bilh\u00f5es por ano&#8221;, comenta Claudio. \u201cPor essa raz\u00e3o, tal quest\u00e3o \u00e9 postergada continuamente\u201d.&nbsp;<\/p>\n\n\n\n<p>Outros t\u00f3picos abordados inclu\u00edram a redu\u00e7\u00e3o de peso das embalagens de 50kg e as proposi\u00e7\u00f5es em tramita\u00e7\u00e3o no Congresso Nacional: PL 6005\/2023 (regula\u00e7\u00e3o do com\u00e9rcio de material de constru\u00e7\u00e3o), PLP 164\/2022 (devedores contumazes) e PL 2489\/2021 (CDC &#8211; invers\u00e3o de \u00f4nus).<\/p>\n\n\n\n<p><strong>Fotos: Guarim de Lorena<\/strong><\/p>\n\n\n\n<hr class=\"wp-block-separator has-alpha-channel-opacity is-style-default\"\/>\n","protected":false},"excerpt":{"rendered":"<p>A reuni\u00e3o da C\u00e2mara Brasileira de Materiais de Constru\u00e7\u00e3o da Confedera\u00e7\u00e3o Nacional do Com\u00e9rcio (CBMC-CNC), realizada em 06 de maio, destacou a cria\u00e7\u00e3o de um grupo espec\u00edfico sobre aplica\u00e7\u00e3o da Intelig\u00eancia Artificial no varejo. O encontro contou com a presen\u00e7a de Jos\u00e9 Wenceslau, coordenador da CBMC e presidente da Fecomercio (MT), Luis Carlos Bohn, presidente [&hellip;]<\/p>\n","protected":false},"author":1,"featured_media":13730,"comment_status":"closed","ping_status":"open","sticky":false,"template":"","format":"standard","meta":{"tdm_status":"","tdm_grid_status":"","footnotes":""},"categories":[153],"tags":[287,288,199,1441,194,709,1141,158,1560,1445,1559,1561,346,1558,115,200],"class_list":["post-13728","post","type-post","status-publish","format-standard","has-post-thumbnail","hentry","category-noticias","tag-cbmc","tag-cnc","tag-comercio","tag-construcard","tag-embalagens","tag-ia","tag-inteligencia-artificial","tag-material-de-construcao","tag-pl-2489-2021","tag-pl-6005-2023","tag-plp-164-2022","tag-programa-periferia-viva","tag-senac","tag-senac-empresas","tag-simples-nacional","tag-varejo"],"amp_enabled":true,"_links":{"self":[{"href":"https:\/\/sincomavi.org.br\/index.php?rest_route=\/wp\/v2\/posts\/13728","targetHints":{"allow":["GET"]}}],"collection":[{"href":"https:\/\/sincomavi.org.br\/index.php?rest_route=\/wp\/v2\/posts"}],"about":[{"href":"https:\/\/sincomavi.org.br\/index.php?rest_route=\/wp\/v2\/types\/post"}],"author":[{"embeddable":true,"href":"https:\/\/sincomavi.org.br\/index.php?rest_route=\/wp\/v2\/users\/1"}],"replies":[{"embeddable":true,"href":"https:\/\/sincomavi.org.br\/index.php?rest_route=%2Fwp%2Fv2%2Fcomments&post=13728"}],"version-history":[{"count":1,"href":"https:\/\/sincomavi.org.br\/index.php?rest_route=\/wp\/v2\/posts\/13728\/revisions"}],"predecessor-version":[{"id":13731,"href":"https:\/\/sincomavi.org.br\/index.php?rest_route=\/wp\/v2\/posts\/13728\/revisions\/13731"}],"wp:featuredmedia":[{"embeddable":true,"href":"https:\/\/sincomavi.org.br\/index.php?rest_route=\/wp\/v2\/media\/13730"}],"wp:attachment":[{"href":"https:\/\/sincomavi.org.br\/index.php?rest_route=%2Fwp%2Fv2%2Fmedia&parent=13728"}],"wp:term":[{"taxonomy":"category","embeddable":true,"href":"https:\/\/sincomavi.org.br\/index.php?rest_route=%2Fwp%2Fv2%2Fcategories&post=13728"},{"taxonomy":"post_tag","embeddable":true,"href":"https:\/\/sincomavi.org.br\/index.php?rest_route=%2Fwp%2Fv2%2Ftags&post=13728"}],"curies":[{"name":"wp","href":"https:\/\/api.w.org\/{rel}","templated":true}]}}