{"id":13705,"date":"2025-05-15T12:15:49","date_gmt":"2025-05-15T15:15:49","guid":{"rendered":"https:\/\/sincomavi.org.br\/?p=13705"},"modified":"2025-05-15T12:15:51","modified_gmt":"2025-05-15T15:15:51","slug":"carta-de-conjuntura-maio-de-2025","status":"publish","type":"post","link":"https:\/\/sincomavi.org.br\/?p=13705","title":{"rendered":"Carta de Conjuntura &#8211; maio de 2025"},"content":{"rendered":"\n<hr class=\"wp-block-separator has-alpha-channel-opacity is-style-default\"\/>\n\n\n<div class=\"wp-block-post-date\"><time datetime=\"2025-05-15T12:15:49-03:00\">15 de maio de 2025<\/time><\/div>\n\n\n<p><strong>Jaime Vasconcellos,<sup> <\/sup>economista.<\/strong><\/p>\n\n\n\n<p>As semanas recentes proporcionaram alguns alentos \u00e0 economia brasileira. No cen\u00e1rio dom\u00e9stico, a divulga\u00e7\u00e3o de uma infla\u00e7\u00e3o mais baixa em abril e a tend\u00eancia do fim de altas nos juros b\u00e1sicos da economia trouxeram certos al\u00edvios. No espectro internacional, o recente acordo de redu\u00e7\u00f5es tarif\u00e1rias entre EUA e China foi capaz de acalmar um pouco as tens\u00f5es dos \u00faltimos dois meses, ainda que seja algo tempor\u00e1rio.<\/p>\n\n\n\n<p>Vamos aos detalhes!<\/p>\n\n\n\n<p>J\u00e1 foi comentado em nossa carta conjuntural que vivenciamos um per\u00edodo de infla\u00e7\u00e3o persistente no Brasil, ainda que ela n\u00e3o seja explosiva. O an\u00fancio feito pelo IBGE que o IPCA de abril ficou em 0,43%, mostrando assim uma desacelera\u00e7\u00e3o em rela\u00e7\u00e3o aos registros de fevereiro e mar\u00e7o, trouxe algum desafogo ao mercado, pois se os pre\u00e7os estiverem mais comportados a trajet\u00f3ria de alta nos juros deve tamb\u00e9m cessar em breve. Tal tend\u00eancia j\u00e1 foi sinalizada pelo Banco Central, que, em sua \u00faltima decis\u00e3o, aumentou em 0,5 pontos percentuais a Selic. Esta taxa, inclusive, deve encerrar 2025 at\u00e9 mesmo abaixo dos antes esperados 15% ao ano. E j\u00e1 falamos tamb\u00e9m aqui o quanto isso impacta o ritmo do custo do cr\u00e9dito para pessoas e empresas (em especial o varejo de material de constru\u00e7\u00e3o) no pa\u00eds.&nbsp;<\/p>\n\n\n\n<p>Outro ponto a ser considerado, que at\u00e9 alivia o risco global de uma poss\u00edvel futura recess\u00e3o, foi o acordo entre EUA e China de voltarem atr\u00e1s em boa parte das sobretaxas comerciais anunciadas, especialmente no m\u00eas de abril. Caso este acordo tempor\u00e1rio permane\u00e7a, menor \u00e9 o risco de uma infla\u00e7\u00e3o disseminada, bem como menor as necessidades de aumentos de juros para cont\u00ea-la, o que traria um baque ao ritmo de expans\u00e3o de diversas economias. Esse cen\u00e1rio internacional mais ameno inclusive ajudou o d\u00f3lar a se manter comportado ultimamente por aqui, garantindo menor press\u00e3o sobre a nossa infla\u00e7\u00e3o.<\/p>\n\n\n\n<p>\u00c9 importante ressaltar que estes fatos positivos recentes na economia dom\u00e9stica e internacional ajudaram a baixar um pouco a poeira de um per\u00edodo de muitas incertezas e volatilidades, o que sempre abala a confian\u00e7a de empres\u00e1rios e consumidores. Todavia, n\u00e3o podemos nos esquecer que a din\u00e2mica da economia est\u00e1 longe de ser est\u00e1tica, portanto, temos de nos manter informados, atentos e vigilantes, pois os cen\u00e1rios alentadores s\u00e3o de curt\u00edssimo prazo.&nbsp;<\/p>\n\n\n\n<p>Se a infla\u00e7\u00e3o parece crescer menos, \u00e9 preciso lembrar que ainda h\u00e1 press\u00e3o nos pre\u00e7os dos alimentos, algo muito importante nos or\u00e7amentos familiares e que retira n\u00e3o somente poder de compra da popula\u00e7\u00e3o, mas tamb\u00e9m inibe novos gastos com outras mercadorias e servi\u00e7os. Se os juros pararem de subir em breve, deve-se ter em mente ainda que os mesmos se manter\u00e3o elevados por algum tempo e continuar\u00e3o impactando os custos de linhas de cr\u00e9dito a consumidores e empres\u00e1rios. O que gera h\u00e1 necessidade de novas proje\u00e7\u00f5es \u00e0 performance esperada de vendas e reavalia\u00e7\u00f5es dos custos financeiros operacionais das lojas, por exemplo.&nbsp;<\/p>\n\n\n\n<p>E no campo internacional, nem podemos esperar muita estabilidade duradoura, exatamente pelo que testemunhamos nos \u00faltimos tr\u00eas meses, entre an\u00fancios e retrocessos nas medidas principalmente sobre as taxa\u00e7\u00f5es comerciais advindas dos EUA e respondidas por outros pa\u00edses &#8211; inseguran\u00e7a que nos atinge razoavelmente.&nbsp;<\/p>\n\n\n\n<p>Em suma, ficamos com a mem\u00f3ria recente dessa maior estabilidade macroecon\u00f4mica, assim como com a li\u00e7\u00e3o de casa de continuarmos com uma gest\u00e3o pragm\u00e1tica e racional de nossos or\u00e7amentos familiares e de gest\u00e3o empresarial. Aproveitemos este curto per\u00edodo para algum respiro e vamos \u00e0s novas bra\u00e7adas.&nbsp;<\/p>\n\n\n\n<p><strong>Estimativas para o fechamento de 2025 da economia brasileira:<\/strong><\/p>\n\n\n\n<ul class=\"wp-block-list\">\n<li><strong>PIB:<\/strong> 2,2%<\/li>\n\n\n\n<li><strong>Infla\u00e7\u00e3o (IPCA\/IBGE)<\/strong>: 5,5%<\/li>\n\n\n\n<li><strong>Taxa SELIC<\/strong>: 14,75% a.a.<\/li>\n\n\n\n<li><strong>Taxa de C\u00e2mbio:<\/strong> 5,80<\/li>\n\n\n\n<li><strong>Balan\u00e7a comercial (em US$)<\/strong>: + 75 bi<\/li>\n\n\n\n<li><strong>Taxa de desocupa\u00e7\u00e3o ao fim do ano (PNADc\/IBGE):<\/strong> 6,7%<\/li>\n\n\n\n<li><strong>Volume de vendas do com\u00e9rcio ampliado BR (PMC IBGE\/12 meses)<\/strong>: +2,5%<\/li>\n\n\n\n<li><strong>Volume de servi\u00e7os BR (PMS IBGE\/12 meses)<\/strong>: +3,0%<\/li>\n<\/ul>\n\n\n\n<hr class=\"wp-block-separator has-alpha-channel-opacity is-style-default\"\/>\n","protected":false},"excerpt":{"rendered":"<p>Jaime Vasconcellos, economista. As semanas recentes proporcionaram alguns alentos \u00e0 economia brasileira. No cen\u00e1rio dom\u00e9stico, a divulga\u00e7\u00e3o de uma infla\u00e7\u00e3o mais baixa em abril e a tend\u00eancia do fim de altas nos juros b\u00e1sicos da economia trouxeram certos al\u00edvios. No espectro internacional, o recente acordo de redu\u00e7\u00f5es tarif\u00e1rias entre EUA e China foi capaz de [&hellip;]<\/p>\n","protected":false},"author":1,"featured_media":13706,"comment_status":"closed","ping_status":"open","sticky":false,"template":"","format":"standard","meta":{"tdm_status":"","tdm_grid_status":"","footnotes":""},"categories":[210],"tags":[272,199,156,632,200,75],"class_list":["post-13705","post","type-post","status-publish","format-standard","has-post-thumbnail","hentry","category-artigos","tag-carta-de-conjuntura","tag-comercio","tag-economia","tag-estudo-setorial","tag-varejo","tag-vendas"],"amp_enabled":true,"_links":{"self":[{"href":"https:\/\/sincomavi.org.br\/index.php?rest_route=\/wp\/v2\/posts\/13705","targetHints":{"allow":["GET"]}}],"collection":[{"href":"https:\/\/sincomavi.org.br\/index.php?rest_route=\/wp\/v2\/posts"}],"about":[{"href":"https:\/\/sincomavi.org.br\/index.php?rest_route=\/wp\/v2\/types\/post"}],"author":[{"embeddable":true,"href":"https:\/\/sincomavi.org.br\/index.php?rest_route=\/wp\/v2\/users\/1"}],"replies":[{"embeddable":true,"href":"https:\/\/sincomavi.org.br\/index.php?rest_route=%2Fwp%2Fv2%2Fcomments&post=13705"}],"version-history":[{"count":1,"href":"https:\/\/sincomavi.org.br\/index.php?rest_route=\/wp\/v2\/posts\/13705\/revisions"}],"predecessor-version":[{"id":13707,"href":"https:\/\/sincomavi.org.br\/index.php?rest_route=\/wp\/v2\/posts\/13705\/revisions\/13707"}],"wp:featuredmedia":[{"embeddable":true,"href":"https:\/\/sincomavi.org.br\/index.php?rest_route=\/wp\/v2\/media\/13706"}],"wp:attachment":[{"href":"https:\/\/sincomavi.org.br\/index.php?rest_route=%2Fwp%2Fv2%2Fmedia&parent=13705"}],"wp:term":[{"taxonomy":"category","embeddable":true,"href":"https:\/\/sincomavi.org.br\/index.php?rest_route=%2Fwp%2Fv2%2Fcategories&post=13705"},{"taxonomy":"post_tag","embeddable":true,"href":"https:\/\/sincomavi.org.br\/index.php?rest_route=%2Fwp%2Fv2%2Ftags&post=13705"}],"curies":[{"name":"wp","href":"https:\/\/api.w.org\/{rel}","templated":true}]}}