{"id":13682,"date":"2025-05-13T10:43:04","date_gmt":"2025-05-13T13:43:04","guid":{"rendered":"https:\/\/sincomavi.org.br\/?p=13682"},"modified":"2025-05-13T10:43:04","modified_gmt":"2025-05-13T13:43:04","slug":"vendas-do-comercio-crescem-boas-projecoes-para-o-matcons","status":"publish","type":"post","link":"https:\/\/sincomavi.org.br\/?p=13682","title":{"rendered":"Vendas do com\u00e9rcio crescem; boas proje\u00e7\u00f5es para o matcons"},"content":{"rendered":"\n<hr class=\"wp-block-separator has-alpha-channel-opacity is-style-default\"\/>\n\n\n<div class=\"wp-block-post-date\"><time datetime=\"2025-05-13T10:43:04-03:00\">13 de maio de 2025<\/time><\/div>\n\n\n<p>O \u00cdndice do Varejo Stone (IVS), que acompanha o movimento do com\u00e9rcio brasileiro, contou com uma alta de 0,6% em abril na compara\u00e7\u00e3o mensal. Tendo como refer\u00eancia o mesmo per\u00edodo do ano passado, a eleva\u00e7\u00e3o ficou em 0,4%.&nbsp;<\/p>\n\n\n\n<p>O estudo mostra ainda que o e-commerce teve um desempenho mensal bastante superior ao com\u00e9rcio f\u00edsico, 5,3% contra 0,3%. Apesar disso, no comparativo anual a performance se inverte. Enquanto as vendas dos estabelecimentos f\u00edsicos cresceram 1,3%, o com\u00e9rcio eletr\u00f4nico amargou um recuo de 4,8%.<\/p>\n\n\n\n<p>Matheus Cavelli, pesquisador econ\u00f4mico e cientista de dados da Stone, comenta que surgiram sinais claros de enfraquecimento do mercado de trabalho, com aumento da taxa de desemprego e diminui\u00e7\u00e3o da gera\u00e7\u00e3o de empregos formais. \u201cAo mesmo tempo, as fam\u00edlias seguem pressionadas pelo alto n\u00edvel de endividamento e por uma infla\u00e7\u00e3o ainda elevada\u201d, destaca. E faz um alerta: \u201cEmbora alguns indicadores mostrem certa estabilidade, o cen\u00e1rio geral ainda \u00e9 de desacelera\u00e7\u00e3o da atividade econ\u00f4mica. Por isso, \u00e9 prematuro falar em revers\u00e3o dessa tend\u00eancia \u2014 ser\u00e1 preciso acompanhar os pr\u00f3ximos meses para entender se h\u00e1, de fato, uma mudan\u00e7a no ritmo da economia&#8221;.<br><\/p>\n\n\n\n<p>Apenas um setor, dos oito analisados, contou com resultado negativo:&nbsp; Hipermercados, Supermercados, Produtos Aliment\u00edcios, Bebidas e Fumo, com queda de 2,2% no comparativo mensal. Seguindo a mesma refer\u00eancia, as vendas do varejo de material de constru\u00e7\u00e3o aumentaram em 2,1%, segundo a Stone. No entanto, vale ressaltar, o resultado em abril para o segmento matcons caiu 2,6% em rela\u00e7\u00e3o ao mesmo m\u00eas do ano passado.<\/p>\n\n\n\n<h2 class=\"wp-block-heading\">Perspectivas boas para o Matcons<\/h2>\n\n\n\n<p>Tendo como base dados da Pesquisa Mensal do Com\u00e9rcio (PMC-IBGE) e do IPEADATA, a pesquisa de Proje\u00e7\u00e3o de Vendas do IBEVAR\/FIA Business School apresenta uma an\u00e1lise sobre as expectativas para o varejo brasileiro para o per\u00edodo de maio a julho de 2025. A estimativa para o varejo restrito, como destaca Claudio Felisoni, presidente do IBEVAR e professor da FIA Business School, \u00e9 de aumento nas vendas em 4,91%&nbsp; para maio de 2025 em rela\u00e7\u00e3o ao m\u00eas anterior. Entretanto, tendo como refer\u00eancia o mesmo per\u00edodo do ano passado, a tend\u00eancia \u00e9 do cen\u00e1rio ser negativo, com queda esperada de 2,58%<\/p>\n\n\n\n<p>A boa not\u00edcia vem para o varejo de material, que conta com proje\u00e7\u00f5es positivas tanto para o crescimento mensal (7,07%) quanto para a compara\u00e7\u00e3o anual (4,89%). Al\u00e9m disso, o setor deve, segundo a an\u00e1lise, apresentar o melhor desempenho no acumulado do ano (5,28%) e de 12 meses (6,25%).&nbsp;<\/p>\n","protected":false},"excerpt":{"rendered":"<p>O \u00cdndice do Varejo Stone (IVS), que acompanha o movimento do com\u00e9rcio brasileiro, contou com uma alta de 0,6% em abril na compara\u00e7\u00e3o mensal. Tendo como refer\u00eancia o mesmo per\u00edodo do ano passado, a eleva\u00e7\u00e3o ficou em 0,4%.&nbsp; O estudo mostra ainda que o e-commerce teve um desempenho mensal bastante superior ao com\u00e9rcio f\u00edsico, 5,3% [&hellip;]<\/p>\n","protected":false},"author":1,"featured_media":13683,"comment_status":"closed","ping_status":"open","sticky":false,"template":"","format":"standard","meta":{"tdm_status":"","tdm_grid_status":"","footnotes":""},"categories":[153],"tags":[199,156,632,396,1499,1498,620,158,773,160,1555,1536,200],"class_list":["post-13682","post","type-post","status-publish","format-standard","has-post-thumbnail","hentry","category-noticias","tag-comercio","tag-economia","tag-estudo-setorial","tag-expectativas","tag-fia","tag-ibevar","tag-levantamento","tag-material-de-construcao","tag-perspectiva","tag-pesquisa","tag-projecoes","tag-stone","tag-varejo"],"amp_enabled":true,"_links":{"self":[{"href":"https:\/\/sincomavi.org.br\/index.php?rest_route=\/wp\/v2\/posts\/13682","targetHints":{"allow":["GET"]}}],"collection":[{"href":"https:\/\/sincomavi.org.br\/index.php?rest_route=\/wp\/v2\/posts"}],"about":[{"href":"https:\/\/sincomavi.org.br\/index.php?rest_route=\/wp\/v2\/types\/post"}],"author":[{"embeddable":true,"href":"https:\/\/sincomavi.org.br\/index.php?rest_route=\/wp\/v2\/users\/1"}],"replies":[{"embeddable":true,"href":"https:\/\/sincomavi.org.br\/index.php?rest_route=%2Fwp%2Fv2%2Fcomments&post=13682"}],"version-history":[{"count":1,"href":"https:\/\/sincomavi.org.br\/index.php?rest_route=\/wp\/v2\/posts\/13682\/revisions"}],"predecessor-version":[{"id":13684,"href":"https:\/\/sincomavi.org.br\/index.php?rest_route=\/wp\/v2\/posts\/13682\/revisions\/13684"}],"wp:featuredmedia":[{"embeddable":true,"href":"https:\/\/sincomavi.org.br\/index.php?rest_route=\/wp\/v2\/media\/13683"}],"wp:attachment":[{"href":"https:\/\/sincomavi.org.br\/index.php?rest_route=%2Fwp%2Fv2%2Fmedia&parent=13682"}],"wp:term":[{"taxonomy":"category","embeddable":true,"href":"https:\/\/sincomavi.org.br\/index.php?rest_route=%2Fwp%2Fv2%2Fcategories&post=13682"},{"taxonomy":"post_tag","embeddable":true,"href":"https:\/\/sincomavi.org.br\/index.php?rest_route=%2Fwp%2Fv2%2Ftags&post=13682"}],"curies":[{"name":"wp","href":"https:\/\/api.w.org\/{rel}","templated":true}]}}