{"id":1365,"date":"2019-09-30T12:35:58","date_gmt":"2019-09-30T15:35:58","guid":{"rendered":"https:\/\/sincomavi.org.br\/?p=1365"},"modified":"2019-10-03T08:54:14","modified_gmt":"2019-10-03T11:54:14","slug":"carteira-de-trabalho-e-previdencia-social-em-meio-eletronico-esocial","status":"publish","type":"post","link":"https:\/\/sincomavi.org.br\/?p=1365","title":{"rendered":"Carteira de Trabalho e Previd\u00eancia Social em meio eletr\u00f4nico &#8211; eSocial"},"content":{"rendered":"\n<p>Seguindo as diretrizes trazidas pela\nLei n\u00ba 13.874, de 20 de setembro de 2019, o Minist\u00e9rio da Economia divulgou a\nPortaria 1.065, de 23 de setembro de 2019 (DOU de 24.09.2019) disciplinado a\nemiss\u00e3o da Carteira de Trabalho e Previd\u00eancia Social em meio eletr\u00f4nico \u2013\nCarteira de Trabalho Digital.<\/p>\n\n\n\n<p>A respeito da vincula\u00e7\u00e3o ao eSocial,\na norma disp\u00f5e que para os empregadores que t\u00eam a obriga\u00e7\u00e3o de uso do Sistema\nde Escritura\u00e7\u00e3o Digital das Obriga\u00e7\u00f5es Fiscais, Previdenci\u00e1rias e Trabalhistas\n\u2013 eSocial, a comunica\u00e7\u00e3o pelo trabalhador do n\u00famero de inscri\u00e7\u00e3o no CPF ao\nempregador equivale \u00e0 apresenta\u00e7\u00e3o da CTPS em meio digital dispensando o\nempregador da emiss\u00e3o de recibo. Al\u00e9m disso, que os registros eletr\u00f4nicos\ngerados pelo empregador nos sistemas informatizados da Carteira de Trabalho em\nmeio digital equivalem \u00e0s anota\u00e7\u00f5es a que se refere o Decreto-Lei n\u00ba 5.452\/43\n(CLT).<\/p>\n\n\n\n<p>A Carteira de Trabalho em meio f\u00edsico\npoder\u00e1 ser utilizada, em car\u00e1ter excepcional, enquanto o empregador n\u00e3o for\nobrigado ao uso do eSocial.<\/p>\n\n\n\n<h2 class=\"wp-block-heading\">Mais detalhes da CTPS digital<\/h2>\n\n\n\n<ul class=\"wp-block-list\"><li>\u00c9 equivalente \u00e0 Carteira de Trabalho emitida em meio f\u00edsico;<\/li><li>N\u00e3o se equipara aos documentos de identifica\u00e7\u00e3o civis de que trata o art. 2\u00ba da Lei n\u00ba 12.037\/2018, isto \u00e9, carteira de identidade; carteira profissional, passaporte, carteira de identidade funcional ou outro documento que permita a identifica\u00e7\u00e3o do indiciado;<\/li><li>Est\u00e1 previamente emitida a todos os inscritos no Cadastro Nacional de Pessoas F\u00edsicas \u2013 CPF, sendo necess\u00e1ria sua habilita\u00e7\u00e3o;<\/li><li>Ter\u00e1 como identifica\u00e7\u00e3o \u00fanica o n\u00famero de inscri\u00e7\u00e3o do trabalhador no CPF;<\/li><li>Para a habilita\u00e7\u00e3o da Carteira de Trabalho Digital ser\u00e1 necess\u00e1ria a cria\u00e7\u00e3o de uma conta de acesso por meio da p\u00e1gina eletr\u00f4nica:&nbsp;<a rel=\"noreferrer noopener\" href=\"http:\/\/acesso.gov.br\/\" target=\"_blank\"><strong>acesso.gov.br<\/strong><\/a>;<\/li><li>O trabalhador dever\u00e1 ter acesso \u00e0s informa\u00e7\u00f5es de seu contrato de trabalho na Carteira de Trabalho Digital ap\u00f3s o processamento das respectivas anota\u00e7\u00f5es.<\/li><\/ul>\n\n\n\n<p>As mudan\u00e7as, efetivamente, s\u00e3o bem-vindas tanto aos empregadores quanto aos empregados pois o acesso as informa\u00e7\u00f5es a respeito de registro, concess\u00e3o de f\u00e9rias, pagamento de comiss\u00f5es e demais anota\u00e7\u00f5es poder\u00e3o ser feitas, inclusive por aplicativos ou atrav\u00e9s do acesso a p\u00e1gina eletr\u00f4nica&nbsp;<a rel=\"noreferrer noopener\" href=\"http:\/\/acesso.gov.br\/\" target=\"_blank\"><strong>acesso.gov.br<\/strong><\/a>, conforme enunciado na Portaria n\u00ba 1.065\/19.<\/p>\n\n\n\n<p><em>Fonte: Assessoria t\u00e9cnica da FecomercioSP<\/em><\/p>\n","protected":false},"excerpt":{"rendered":"<p>Seguindo as diretrizes trazidas pela Lei n\u00ba 13.874, de 20 de setembro de 2019, o Minist\u00e9rio da Economia divulgou a Portaria 1.065, de 23 de setembro de 2019 (DOU de 24.09.2019) disciplinado a emiss\u00e3o da Carteira de Trabalho e Previd\u00eancia Social em meio eletr\u00f4nico \u2013 Carteira de Trabalho Digital. A respeito da vincula\u00e7\u00e3o ao eSocial, [&hellip;]<\/p>\n","protected":false},"author":1,"featured_media":1371,"comment_status":"closed","ping_status":"open","sticky":false,"template":"","format":"standard","meta":{"tdm_status":"","tdm_grid_status":"","footnotes":""},"categories":[153],"tags":[168],"class_list":["post-1365","post","type-post","status-publish","format-standard","has-post-thumbnail","hentry","category-noticias","tag-legislacao"],"amp_enabled":true,"_links":{"self":[{"href":"https:\/\/sincomavi.org.br\/index.php?rest_route=\/wp\/v2\/posts\/1365","targetHints":{"allow":["GET"]}}],"collection":[{"href":"https:\/\/sincomavi.org.br\/index.php?rest_route=\/wp\/v2\/posts"}],"about":[{"href":"https:\/\/sincomavi.org.br\/index.php?rest_route=\/wp\/v2\/types\/post"}],"author":[{"embeddable":true,"href":"https:\/\/sincomavi.org.br\/index.php?rest_route=\/wp\/v2\/users\/1"}],"replies":[{"embeddable":true,"href":"https:\/\/sincomavi.org.br\/index.php?rest_route=%2Fwp%2Fv2%2Fcomments&post=1365"}],"version-history":[{"count":2,"href":"https:\/\/sincomavi.org.br\/index.php?rest_route=\/wp\/v2\/posts\/1365\/revisions"}],"predecessor-version":[{"id":1368,"href":"https:\/\/sincomavi.org.br\/index.php?rest_route=\/wp\/v2\/posts\/1365\/revisions\/1368"}],"wp:featuredmedia":[{"embeddable":true,"href":"https:\/\/sincomavi.org.br\/index.php?rest_route=\/wp\/v2\/media\/1371"}],"wp:attachment":[{"href":"https:\/\/sincomavi.org.br\/index.php?rest_route=%2Fwp%2Fv2%2Fmedia&parent=1365"}],"wp:term":[{"taxonomy":"category","embeddable":true,"href":"https:\/\/sincomavi.org.br\/index.php?rest_route=%2Fwp%2Fv2%2Fcategories&post=1365"},{"taxonomy":"post_tag","embeddable":true,"href":"https:\/\/sincomavi.org.br\/index.php?rest_route=%2Fwp%2Fv2%2Ftags&post=1365"}],"curies":[{"name":"wp","href":"https:\/\/api.w.org\/{rel}","templated":true}]}}