{"id":13644,"date":"2025-05-08T09:53:26","date_gmt":"2025-05-08T12:53:26","guid":{"rendered":"https:\/\/sincomavi.org.br\/?p=13644"},"modified":"2025-05-08T09:53:28","modified_gmt":"2025-05-08T12:53:28","slug":"taxa-basica-de-juros-do-pais-sobe-para-1475-ao-ano-e-atinge-o-maior-patamar-desde-2006","status":"publish","type":"post","link":"https:\/\/sincomavi.org.br\/?p=13644","title":{"rendered":"Taxa b\u00e1sica de juros do pa\u00eds sobe para 14,75% ao ano e atinge o maior patamar desde 2006"},"content":{"rendered":"\n<hr class=\"wp-block-separator has-alpha-channel-opacity is-style-default\"\/>\n\n\n<div class=\"wp-block-post-date\"><time datetime=\"2025-05-08T09:53:26-03:00\">8 de maio de 2025<\/time><\/div>\n\n\n<p>Por Jaime Vasconcellos, economista.<br><br>O Comit\u00ea de Pol\u00edtica Monet\u00e1ria do Banco Central (Copom) decidiu em reuni\u00e3o nesta \u00faltima quarta-feira, 07 de maio de 2025, pelo aumento de 0,5 ponto percentual \u00e0 Taxa B\u00e1sica de Juros da economia brasileira, a Taxa Selic, que agora passa a vigorar em 14,75% ao ano. Temos, portanto, o maior patamar desde julho de 2006, praticamente h\u00e1 quase 20 anos.<\/p>\n\n\n\n<p>Na decis\u00e3o, que foi un\u00e2nime entre os oito membros que comp\u00f5em o Copom do Banco Central, foi destacado dentre os principais motivos para este no avan\u00e7o dos juros b\u00e1sicos que \u201co ambiente externo mostra-se adverso e particularmente incerto em fun\u00e7\u00e3o da conjuntura e da pol\u00edtica econ\u00f4mica nos Estados Unidos, principalmente acerca de sua pol\u00edtica comercial e de seus efeitos\u201d (1).<\/p>\n\n\n\n<p>J\u00e1 em \u00e2mbito dom\u00e9stico, o Banco Central alertou para a atual pol\u00edtica fiscal (gastos p\u00fablicos), que \u201ct\u00eam impactado os pre\u00e7os de ativos e as expectativas dos agentes\u201d<sup> <\/sup>(2), bem como para o cen\u00e1rio que \u201csegue sendo marcado por expectativas desancoradas, proje\u00e7\u00f5es de infla\u00e7\u00e3o elevadas, resili\u00eancia na atividade econ\u00f4mica e press\u00f5es no mercado de trabalho\u201d (3).<\/p>\n\n\n\n<p>Em resumo, incertezas globais capazes de desvalorizar ainda mais a nossa moeda e trazer mais infla\u00e7\u00e3o, aliadas a uma economia ainda aquecida e que vivencia impactos de desequil\u00edbrio fiscal, isto \u00e9, de um Governo que gasta mais do que arrecada (e arrecada em n\u00edveis recordes). Diante disso, cria-se um cen\u00e1rio de incertezas e riscos inflacion\u00e1rios. E s\u00e3o estes os riscos que a atual pol\u00edtica monet\u00e1ria tenha de neutralizar.&nbsp;<\/p>\n\n\n\n<p>Sabemos que consumidores e empres\u00e1rios n\u00e3o gostam de conviver com juros altos. Todavia, tamb\u00e9m temos repulsa de reviver os piores per\u00edodos da infla\u00e7\u00e3o. Por isso este avan\u00e7o da Selic \u00e9 um mal necess\u00e1rio no entendimento do Banco Central, dado que mesmo acarretando uma desacelera\u00e7\u00e3o do ritmo de expans\u00e3o do cr\u00e9dito e de crescimento econ\u00f4mico, tamb\u00e9m tende a criar um freio \u00e0 infla\u00e7\u00e3o.&nbsp;<\/p>\n\n\n\n<p>Na gest\u00e3o de nossos neg\u00f3cios esses juros mais altos nos impactar\u00e3o de duas formas. Primeiro ao cliente, dado que o cr\u00e9dito mais caro reduzir\u00e1 novos consumos, ainda mais para mercadorias de maior valor agregado e que necessita de cr\u00e9dito para a aquisi\u00e7\u00e3o. Neste sentido, o segmento de material de constru\u00e7\u00e3o \u00e9 bastante afetado.&nbsp;<\/p>\n\n\n\n<p>Adicionalmente, com a Selic subindo, o custo do cr\u00e9dito \u00e0s PJs tamb\u00e9m se eleva. S\u00e3o linhas, por exemplo, para o desconto de duplicatas, de capital de giro, de antecipa\u00e7\u00e3o de vendas de cart\u00f5es de cr\u00e9dito, que ficar\u00e3o mais caras. Portanto, frente a continuidade deste cen\u00e1rio dos juros, \u00e9 importante os gestores recalcularem os seus n\u00edveis de compras, estoques, prazos com fornecedores. Al\u00e9m disso, \u00e9 necess\u00e1rio o m\u00e1ximo cuidado com o fluxo de caixa e liquidez dos estabelecimentos. Socorrer-se aos bancos est\u00e1 e ficar\u00e1 mais caro.<\/p>\n\n\n\n<p class=\"has-small-font-size\">(1)(2)(3) \u00a0Retirados do pr\u00f3prio comunicado do Banco Central: <a href=\"https:\/\/www.bcb.gov.br\/detalhenoticia\/20655\/nota\">https:\/\/www.bcb.gov.br\/detalhenoticia\/20655\/nota<\/a>.<\/p>\n\n\n\n<hr class=\"wp-block-separator has-alpha-channel-opacity is-style-default\"\/>\n","protected":false},"excerpt":{"rendered":"<p>Por Jaime Vasconcellos, economista. O Comit\u00ea de Pol\u00edtica Monet\u00e1ria do Banco Central (Copom) decidiu em reuni\u00e3o nesta \u00faltima quarta-feira, 07 de maio de 2025, pelo aumento de 0,5 ponto percentual \u00e0 Taxa B\u00e1sica de Juros da economia brasileira, a Taxa Selic, que agora passa a vigorar em 14,75% ao ano. Temos, portanto, o maior patamar [&hellip;]<\/p>\n","protected":false},"author":1,"featured_media":13645,"comment_status":"closed","ping_status":"open","sticky":false,"template":"","format":"standard","meta":{"tdm_status":"","tdm_grid_status":"","footnotes":""},"categories":[210],"tags":[199,156,1548,200,75],"class_list":["post-13644","post","type-post","status-publish","format-standard","has-post-thumbnail","hentry","category-artigos","tag-comercio","tag-economia","tag-selikc","tag-varejo","tag-vendas"],"amp_enabled":true,"_links":{"self":[{"href":"https:\/\/sincomavi.org.br\/index.php?rest_route=\/wp\/v2\/posts\/13644","targetHints":{"allow":["GET"]}}],"collection":[{"href":"https:\/\/sincomavi.org.br\/index.php?rest_route=\/wp\/v2\/posts"}],"about":[{"href":"https:\/\/sincomavi.org.br\/index.php?rest_route=\/wp\/v2\/types\/post"}],"author":[{"embeddable":true,"href":"https:\/\/sincomavi.org.br\/index.php?rest_route=\/wp\/v2\/users\/1"}],"replies":[{"embeddable":true,"href":"https:\/\/sincomavi.org.br\/index.php?rest_route=%2Fwp%2Fv2%2Fcomments&post=13644"}],"version-history":[{"count":1,"href":"https:\/\/sincomavi.org.br\/index.php?rest_route=\/wp\/v2\/posts\/13644\/revisions"}],"predecessor-version":[{"id":13646,"href":"https:\/\/sincomavi.org.br\/index.php?rest_route=\/wp\/v2\/posts\/13644\/revisions\/13646"}],"wp:featuredmedia":[{"embeddable":true,"href":"https:\/\/sincomavi.org.br\/index.php?rest_route=\/wp\/v2\/media\/13645"}],"wp:attachment":[{"href":"https:\/\/sincomavi.org.br\/index.php?rest_route=%2Fwp%2Fv2%2Fmedia&parent=13644"}],"wp:term":[{"taxonomy":"category","embeddable":true,"href":"https:\/\/sincomavi.org.br\/index.php?rest_route=%2Fwp%2Fv2%2Fcategories&post=13644"},{"taxonomy":"post_tag","embeddable":true,"href":"https:\/\/sincomavi.org.br\/index.php?rest_route=%2Fwp%2Fv2%2Ftags&post=13644"}],"curies":[{"name":"wp","href":"https:\/\/api.w.org\/{rel}","templated":true}]}}