{"id":13635,"date":"2025-05-06T10:36:29","date_gmt":"2025-05-06T13:36:29","guid":{"rendered":"https:\/\/sincomavi.org.br\/?p=13635"},"modified":"2025-05-06T10:36:30","modified_gmt":"2025-05-06T13:36:30","slug":"nova-faixa-do-minha-casa-minha-vida-traz-impactos-positivos-tambem-ao-varejo-de-material-de-construcao","status":"publish","type":"post","link":"https:\/\/sincomavi.org.br\/?p=13635","title":{"rendered":"Nova faixa do \u201cMinha Casa, Minha Vida\u201d traz impactos positivos tamb\u00e9m ao varejo de material de constru\u00e7\u00e3o"},"content":{"rendered":"\n<hr class=\"wp-block-separator has-alpha-channel-opacity is-style-default\"\/>\n\n\n<div class=\"wp-block-post-date\"><time datetime=\"2025-05-06T10:36:29-03:00\">6 de maio de 2025<\/time><\/div>\n\n\n<p><strong>Por Jaime Vasconcellos, economista.<\/strong><\/p>\n\n\n\n<p>Foi amplamente noticiado hoje, 05 de maio de 2025, que a Caixa Econ\u00f4mica Federal (CEF) come\u00e7ou a disponibilizar dentre os seus servi\u00e7os a nova linha de financiamento habitacional para classe m\u00e9dia, inclu\u00edda no programa Minha Casa, Minha Vida (MCMV), a faixa n\u00famero quatro.<\/p>\n\n\n\n<p>Cabe-nos relembrar que esta atualiza\u00e7\u00e3o do programa permitir\u00e1 que fam\u00edlias com renda de at\u00e9 R$12 mil mensais possam usufruir dos benef\u00edcios do Minha Casa, Minha Vida. Segundo a Secretaria de Comunica\u00e7\u00e3o Social do Governo Federal, a nova linha de financiamento possibilitar\u00e1 \u201ccondi\u00e7\u00f5es facilitadas de cr\u00e9dito, como prazos de pagamento de at\u00e9 420 meses e juros nominais de 10% ao ano, abaixo dos praticados pelo mercado&#8221;. A proposta prev\u00ea aquisi\u00e7\u00e3o de im\u00f3veis de at\u00e9 R$500 mil. A expectativa \u00e9 beneficiar cerca de 120 mil fam\u00edlias em 2025.<\/p>\n\n\n\n<p>Ainda que esta quarta faixa do programa necessite da atua\u00e7\u00e3o de mais institui\u00e7\u00f5es financeiras para que ocorra um novo salto de contempla\u00e7\u00f5es, somente a not\u00edcia da CEF iniciar a sua opera\u00e7\u00e3o j\u00e1 cria um sentimento de otimismo \u00e0s fam\u00edlias que possuem rendimento entre R$8.600,01 e R$12.000,00 e buscam a sua desejada casa pr\u00f3pria.&nbsp;<\/p>\n\n\n\n<p>Logicamente, o mercado imobili\u00e1rio se mostra otimista e refaz suas contas, bem como apresenta melhores proje\u00e7\u00f5es com o potencial ainda maior de novos contratos imobili\u00e1rios. No entanto, os benef\u00edcios n\u00e3o ficar\u00e3o restritos \u00e0 esfera das construtoras e incorporadoras, os impactos positivos dever\u00e3o atingir outros segmentos, inclusive de forma indireta o pr\u00f3prio varejo de material de constru\u00e7\u00e3o. Isso porque, quanto mais im\u00f3veis vendidos, maiores as chances de novas compras para melhorias e ajustes por parte dos novos moradores, com a entrega de suas novas casas pr\u00f3prias.&nbsp;<\/p>\n\n\n\n<p>Apesar do potencial da nova faixa do Minha Casa, Minha Vida, \u00e9 preciso reconhecer que o cen\u00e1rio macroecon\u00f4mico atual ainda imp\u00f5e entraves relevantes \u00e0 sua plena efetividade. O elevado n\u00edvel de endividamento das fam\u00edlias, a persist\u00eancia de juros reais altos e a lenta recupera\u00e7\u00e3o do poder de compra limitam a capacidade de grande parte da popula\u00e7\u00e3o de assumir novos compromissos financeiros, mesmo com condi\u00e7\u00f5es facilitadas.<\/p>\n\n\n\n<p>Nesse contexto, uma atua\u00e7\u00e3o mais estrat\u00e9gica e coordenada do governo federal se torna crucial. Pol\u00edticas econ\u00f4micas que possibilitem a redu\u00e7\u00e3o da taxa b\u00e1sica de juros s\u00e3o essenciais para garantir um ambiente mais seguro e din\u00e2mico tanto para consumidores quanto para investidores. Ao mesmo tempo, medidas de incentivo \u00e0 participa\u00e7\u00e3o da iniciativa privada no programa e desburocratiza\u00e7\u00e3o dos processos de financiamento podem ampliar o alcance da faixa quatro. Com essas a\u00e7\u00f5es, o Minha Casa, Minha Vida n\u00e3o apenas atender\u00e1 a um novo p\u00fablico, mas poder\u00e1 tamb\u00e9m funcionar como motor de est\u00edmulo \u00e0 economia em um momento de desaquecimento.<\/p>\n\n\n\n<hr class=\"wp-block-separator has-alpha-channel-opacity is-style-default\"\/>\n","protected":false},"excerpt":{"rendered":"<p>Por Jaime Vasconcellos, economista. Foi amplamente noticiado hoje, 05 de maio de 2025, que a Caixa Econ\u00f4mica Federal (CEF) come\u00e7ou a disponibilizar dentre os seus servi\u00e7os a nova linha de financiamento habitacional para classe m\u00e9dia, inclu\u00edda no programa Minha Casa, Minha Vida (MCMV), a faixa n\u00famero quatro. Cabe-nos relembrar que esta atualiza\u00e7\u00e3o do programa permitir\u00e1 [&hellip;]<\/p>\n","protected":false},"author":1,"featured_media":13636,"comment_status":"closed","ping_status":"open","sticky":false,"template":"","format":"standard","meta":{"tdm_status":"","tdm_grid_status":"","footnotes":""},"categories":[210],"tags":[199,250,44,621,1547,200],"class_list":["post-13635","post","type-post","status-publish","format-standard","has-post-thumbnail","hentry","category-artigos","tag-comercio","tag-credito","tag-financiamento","tag-mercado-imobiliario","tag-minha-casa-minha-vida","tag-varejo"],"amp_enabled":true,"_links":{"self":[{"href":"https:\/\/sincomavi.org.br\/index.php?rest_route=\/wp\/v2\/posts\/13635","targetHints":{"allow":["GET"]}}],"collection":[{"href":"https:\/\/sincomavi.org.br\/index.php?rest_route=\/wp\/v2\/posts"}],"about":[{"href":"https:\/\/sincomavi.org.br\/index.php?rest_route=\/wp\/v2\/types\/post"}],"author":[{"embeddable":true,"href":"https:\/\/sincomavi.org.br\/index.php?rest_route=\/wp\/v2\/users\/1"}],"replies":[{"embeddable":true,"href":"https:\/\/sincomavi.org.br\/index.php?rest_route=%2Fwp%2Fv2%2Fcomments&post=13635"}],"version-history":[{"count":1,"href":"https:\/\/sincomavi.org.br\/index.php?rest_route=\/wp\/v2\/posts\/13635\/revisions"}],"predecessor-version":[{"id":13637,"href":"https:\/\/sincomavi.org.br\/index.php?rest_route=\/wp\/v2\/posts\/13635\/revisions\/13637"}],"wp:featuredmedia":[{"embeddable":true,"href":"https:\/\/sincomavi.org.br\/index.php?rest_route=\/wp\/v2\/media\/13636"}],"wp:attachment":[{"href":"https:\/\/sincomavi.org.br\/index.php?rest_route=%2Fwp%2Fv2%2Fmedia&parent=13635"}],"wp:term":[{"taxonomy":"category","embeddable":true,"href":"https:\/\/sincomavi.org.br\/index.php?rest_route=%2Fwp%2Fv2%2Fcategories&post=13635"},{"taxonomy":"post_tag","embeddable":true,"href":"https:\/\/sincomavi.org.br\/index.php?rest_route=%2Fwp%2Fv2%2Ftags&post=13635"}],"curies":[{"name":"wp","href":"https:\/\/api.w.org\/{rel}","templated":true}]}}