{"id":13562,"date":"2025-04-22T10:53:43","date_gmt":"2025-04-22T13:53:43","guid":{"rendered":"https:\/\/sincomavi.org.br\/?p=13562"},"modified":"2025-04-22T10:53:44","modified_gmt":"2025-04-22T13:53:44","slug":"livro-aborda-papel-estrategico-da-governanca-e-sustentabilidade-para-pmes-brasileiras","status":"publish","type":"post","link":"https:\/\/sincomavi.org.br\/?p=13562","title":{"rendered":"Livro aborda papel estrat\u00e9gico da governan\u00e7a e sustentabilidade para PMEs brasileiras"},"content":{"rendered":"\n<hr class=\"wp-block-separator has-alpha-channel-opacity is-style-default\"\/>\n\n\n<div class=\"wp-block-post-date\"><time datetime=\"2025-04-22T10:53:43-03:00\">22 de abril de 2025<\/time><\/div>\n\n\n<p>Em um momento em que pr\u00e1ticas de ESG (Governan\u00e7a, Ambiental e Social) ganham relev\u00e2ncia no ambiente corporativo, o economista e professor da PUC-SP Milton dos Santos lan\u00e7a uma obra voltada especialmente \u00e0s pequenas e m\u00e9dias empresas. O livro <em>Governan\u00e7a e Sustentabilidade para Pequenas e M\u00e9dias Empresas<\/em> ser\u00e1 lan\u00e7ado amanh\u00e3, 23 de abril, \u00e0s 19h, na Livraria Paisagem, no Shopping Bourbon, em S\u00e3o Paulo.<\/p>\n\n\n\n<p>Com mais de 30 anos de experi\u00eancia em gest\u00e3o empresarial e sustentabilidade, Milton prop\u00f5e uma abordagem pr\u00e1tica para empres\u00e1rios e gestores que desejam alinhar seus neg\u00f3cios \u00e0s exig\u00eancias contempor\u00e2neas do mercado. Segundo ele, incorporar pr\u00e1ticas de governan\u00e7a corporativa e responsabilidade socioambiental deixou de ser exclusividade de grandes corpora\u00e7\u00f5es. Hoje, \u00e9 uma exig\u00eancia que se estende tamb\u00e9m \u00e0s PMEs, pressionadas por consumidores mais conscientes e investidores atentos \u00e0 gest\u00e3o respons\u00e1vel.<\/p>\n\n\n\n<p>O livro traz conceitos fundamentais de governan\u00e7a, adaptados \u00e0 realidade de empresas menores, e mostra como esses princ\u00edpios podem ser aplicados de forma eficiente, mesmo com recursos limitados. A publica\u00e7\u00e3o tamb\u00e9m se debru\u00e7a sobre os principais entraves enfrentados por essas empresas, como a falta de conhecimento t\u00e9cnico e limita\u00e7\u00f5es financeiras, conforme apontado em levantamento da Confedera\u00e7\u00e3o Nacional da Ind\u00fastria (CNI).<\/p>\n\n\n\n<p>Estruturada com linguagem acess\u00edvel e exemplos pr\u00e1ticos, a obra oferece um panorama completo: dos princ\u00edpios b\u00e1sicos da governan\u00e7a at\u00e9 modelos adapt\u00e1veis \u00e0 realidade das PMEs. Al\u00e9m disso, dedica aten\u00e7\u00e3o especial \u00e0 sustentabilidade, demonstrando como pr\u00e1ticas ambientais e sociais bem conduzidas podem abrir portas para novos mercados, atrair investimentos e fortalecer a reputa\u00e7\u00e3o institucional.<\/p>\n\n\n\n<p><strong>T\u00edtulo:<\/strong>\u00a0Governan\u00e7a e Sustentabilidade para Pequenas e M\u00e9dias Empresas<br><strong>Autor:<\/strong>\u00a0\u00a0Milton dos Santos (<a href=\"https:\/\/mcon.com.br\/\" target=\"_blank\" rel=\"noreferrer noopener\">mcom.com.br<\/a>)<br><strong>Editora:\u00a0<\/strong>Arus<br><strong>P\u00e1ginas:<\/strong>\u00a0572<br><strong>Dispon\u00edvel para compra na\u00a0<\/strong><a href=\"https:\/\/www.amazon.com.br\/Governan%C3%A7a-Sustentabilidade-Pequenas-M%C3%A9dias-Empresas\/dp\/6598386829\/ref=sr_1_3?__mk_pt_BR=%C3%85M%C3%85%C5%BD%C3%95%C3%91&amp;crid=1JSYO0UT4P90C&amp;dib=eyJ2IjoiMSJ9.7Bdi25HhKMEjq1hIhhSogPlZfBpcp769aw4vQkYHRjqmlHdxrdd0zqhRGOxl1aY0I4gVEyOv86sSSS-aqM8xjekz2gyoSVPse9ZUHn5x4BNO9kPsiGOVuJOe2T1mLTkJ8gO6LUA6HLigPP5_OPQMzN2D_ASR5Vjq7JQUKQYkvccV1S292cRWnpCtWOFHh9JusSYFiRNea_O0hakf_U07vEMWj-DV9wioP9lmuyMI4_kIYvMJbxnGGJlqB4KRO8RIMxo0TdwjYwkEIwm9ZfeppgeukSV06HkpWLAg7Q2J4k6VbiV9i7Tno_bnAR5qHQtSBwAhvbcz9t0nChn2F6_8S5EdoOmklkkrg6-zJNWxFfVBLLeSrnjQekXfWV-VMRl6lJ-XO1Dk21tzlhEXl2bWXHoXnMRcenT5PsbeDLiCccGhdUWyZ9_hc4Vp__p_bjLR.9cJq00WNyBjtdmDkNteTBtTp4w_VdyG8Q5Yj3PiJAE0&amp;dib_tag=se&amp;keywords=milton+dos+santos&amp;qid=1739189488&amp;sprefix=milton+dos+santos%2Caps%2C188&amp;sr=8-3\" target=\"_blank\" rel=\"noreferrer noopener\"><strong>Amazon<\/strong><\/a><\/p>\n\n\n\n<hr class=\"wp-block-separator has-alpha-channel-opacity is-style-default\"\/>\n","protected":false},"excerpt":{"rendered":"<p>Em um momento em que pr\u00e1ticas de ESG (Governan\u00e7a, Ambiental e Social) ganham relev\u00e2ncia no ambiente corporativo, o economista e professor da PUC-SP Milton dos Santos lan\u00e7a uma obra voltada especialmente \u00e0s pequenas e m\u00e9dias empresas. O livro Governan\u00e7a e Sustentabilidade para Pequenas e M\u00e9dias Empresas ser\u00e1 lan\u00e7ado amanh\u00e3, 23 de abril, \u00e0s 19h, na [&hellip;]<\/p>\n","protected":false},"author":1,"featured_media":13563,"comment_status":"closed","ping_status":"open","sticky":false,"template":"","format":"standard","meta":{"tdm_status":"","tdm_grid_status":"","footnotes":""},"categories":[153],"tags":[],"class_list":["post-13562","post","type-post","status-publish","format-standard","has-post-thumbnail","hentry","category-noticias"],"amp_enabled":true,"_links":{"self":[{"href":"https:\/\/sincomavi.org.br\/index.php?rest_route=\/wp\/v2\/posts\/13562","targetHints":{"allow":["GET"]}}],"collection":[{"href":"https:\/\/sincomavi.org.br\/index.php?rest_route=\/wp\/v2\/posts"}],"about":[{"href":"https:\/\/sincomavi.org.br\/index.php?rest_route=\/wp\/v2\/types\/post"}],"author":[{"embeddable":true,"href":"https:\/\/sincomavi.org.br\/index.php?rest_route=\/wp\/v2\/users\/1"}],"replies":[{"embeddable":true,"href":"https:\/\/sincomavi.org.br\/index.php?rest_route=%2Fwp%2Fv2%2Fcomments&post=13562"}],"version-history":[{"count":1,"href":"https:\/\/sincomavi.org.br\/index.php?rest_route=\/wp\/v2\/posts\/13562\/revisions"}],"predecessor-version":[{"id":13564,"href":"https:\/\/sincomavi.org.br\/index.php?rest_route=\/wp\/v2\/posts\/13562\/revisions\/13564"}],"wp:featuredmedia":[{"embeddable":true,"href":"https:\/\/sincomavi.org.br\/index.php?rest_route=\/wp\/v2\/media\/13563"}],"wp:attachment":[{"href":"https:\/\/sincomavi.org.br\/index.php?rest_route=%2Fwp%2Fv2%2Fmedia&parent=13562"}],"wp:term":[{"taxonomy":"category","embeddable":true,"href":"https:\/\/sincomavi.org.br\/index.php?rest_route=%2Fwp%2Fv2%2Fcategories&post=13562"},{"taxonomy":"post_tag","embeddable":true,"href":"https:\/\/sincomavi.org.br\/index.php?rest_route=%2Fwp%2Fv2%2Ftags&post=13562"}],"curies":[{"name":"wp","href":"https:\/\/api.w.org\/{rel}","templated":true}]}}