{"id":1355,"date":"2019-10-01T10:50:09","date_gmt":"2019-10-01T13:50:09","guid":{"rendered":"https:\/\/sincomavi.org.br\/?p=1355"},"modified":"2019-10-04T16:53:02","modified_gmt":"2019-10-04T19:53:02","slug":"operacao-natal-2019-pmsp-exige-declaracao-especial","status":"publish","type":"post","link":"https:\/\/sincomavi.org.br\/?p=1355","title":{"rendered":"Opera\u00e7\u00e3o Natal 2019: PMSP exige declara\u00e7\u00e3o especial"},"content":{"rendered":"\n<p>Publicada no Di\u00e1rio\nOficial da Cidade de S\u00e3o Paulo, em 19 de setembro de 2019, a Instru\u00e7\u00e3o\nNormativa SEL-G N\u00ba 002\/2019 que disp\u00f5e sobre a fiscaliza\u00e7\u00e3o dos\nestabelecimentos comerciais que utilizar\u00e3o decora\u00e7\u00f5es natalinas.<\/p>\n\n\n\n<p>A declara\u00e7\u00e3o exigida\npela Prefeitura Municipal de S\u00e3o Paulo (PMSP) deve ser feita por shopping\ncenters, lojas de departamentos, magazines, outlets e supermercados com \u00e1rea\ntotal constru\u00edda igual ou superior a 5.000 m\u00b2 (cinco mil metros quadrados) que:<\/p>\n\n\n\n<p>I- possuam ou venham proceder a altera\u00e7\u00f5es ou adapta\u00e7\u00f5es, tais como: instala\u00e7\u00e3o de elementos decorativos, cen\u00e1rios, estruturas e equipamentos transit\u00f3rios, em decorr\u00eancia das festas de fim de ano, dever\u00e3o, sem preju\u00edzo da respectiva autoriza\u00e7\u00e3o\/comunica\u00e7\u00e3o junto aos \u00f3rg\u00e3os competentes, apresentar a<a rel=\"noreferrer noopener\" aria-label=\" \u201cDeclara\u00e7\u00e3o Especial - Opera\u00e7\u00e3o Natal\/2019\u201d (abre numa nova aba)\" href=\"https:\/\/www.prefeitura.sp.gov.br\/cidade\/secretarias\/licenciamento\/servicos\/?p=242607\" target=\"_blank\"><strong> \u201cDeclara\u00e7\u00e3o Especial &#8211; Opera\u00e7\u00e3o Natal\/2019\u201d<\/strong><\/a> de ado\u00e7\u00e3o de medidas de seguran\u00e7a preventiva, conforme documenta\u00e7\u00e3o prevista no Anexo 1 desta Portaria, junto \u00e0 Coordenadoria de Atividade Especial e Seguran\u00e7a de Uso \u2013 SEGUR da Secretaria Municipal de Licenciamento \u2013 SEL;<\/p>\n\n\n\n<h2 class=\"wp-block-heading\">Formas de entrega da declara\u00e7\u00e3o<\/h2>\n\n\n\n<p>II- n\u00e3o possuam ou n\u00e3o\nvenham a proceder a altera\u00e7\u00f5es ou adapta\u00e7\u00f5es supracitadas, tamb\u00e9m dever\u00e3o\napresentar a declara\u00e7\u00e3o prevista no Anexo 2 desta Portaria.<\/p>\n\n\n\n<p>A entrega da \u201cDeclara\u00e7\u00e3o\nEspecial &#8211; Opera\u00e7\u00e3o Natal\/2019\u201d tem como prazo limite o dia 21 de novembro 2019,\npor autua\u00e7\u00e3o de processo eletr\u00f4nico via WEB, por meio do link \u201cOpera\u00e7\u00e3o Natal\u201d\nno site da Secretaria Municipal de Licenciamento ou em um \u00fanico arquivo formato\nPDF de at\u00e9 50mb, com reconhecimento de texto \u2013 OCR, (PDF pesquis\u00e1vel), na\nresolu\u00e7\u00e3o de 200 DPI por meio digital Pendrive, conforme Portaria Conjunta\nn\u00b0001\/SMG\/SMIT\/2018, art. 22 e 28 \u00a7 I, II e III, esta autua\u00e7\u00e3o dever\u00e1 ser feita\nsomente na Coordenadoria de Atividade Especial e Seguran\u00e7a de Uso \u2013 SEGUR,\nsituado na Rua S\u00e3o Bento n\u00ba 405 &#8211; 19\u00ba andar &#8211; sala 194, das 09:00hs \u00e0s 16:00hs,\nde 2\u00aa a 6\u00aa feira, recolhendo para autuar, em ambos os casos, o pre\u00e7o p\u00fablico devido.<\/p>\n\n\n\n<h2 class=\"wp-block-heading\">Necess\u00e1ria assinatura\nRespons\u00e1vel T\u00e9cnico<\/h2>\n\n\n\n<p>A \u201cDeclara\u00e7\u00e3o Especial\n&#8211; Opera\u00e7\u00e3o Natal\/2019\u201d precisa ser assinada pelo representante legal do\nestabelecimento ou administrador respons\u00e1vel pelo empreendimento e pelo t\u00e9cnico\nrespons\u00e1vel pela ado\u00e7\u00e3o das medidas de seguran\u00e7a preventivas a que se refere a\npresente Portaria, devidamente identificados, acompanhado de c\u00f3pia de documento\nque comprove a regularidade da representa\u00e7\u00e3o legal do estabelecimento, bem como\nc\u00f3pia da carteira do CREA\/CAU do respons\u00e1vel t\u00e9cnico e a respectiva ART\/RRT:<\/p>\n\n\n\n<h2 class=\"wp-block-heading\">Garantias da Declara\u00e7\u00e3o\nEspecial:<\/h2>\n\n\n\n<p>A \u201cDeclara\u00e7\u00e3o Especial\n&#8211; Opera\u00e7\u00e3o Natal\/2019\u201d implica no atendimento das seguintes medidas de\nseguran\u00e7a preventivas:<\/p>\n\n\n\n<p>I- garantia da\nestabilidade estrutural dos enfeites de Natal;<\/p>\n\n\n\n<p>II- redu\u00e7\u00e3o, a n\u00edveis\nseguros, do contato de instala\u00e7\u00f5es el\u00e9tricas de car\u00e1ter provis\u00f3rio e de fontes\nde calor com os elementos decorativos;<\/p>\n\n\n\n<p>III- redu\u00e7\u00e3o, a n\u00edveis\nseguros, ou elimina\u00e7\u00e3o, se for o caso, do material de f\u00e1cil combust\u00e3o e\npropaga\u00e7\u00e3o do fogo;<\/p>\n\n\n\n<p>IV- garantia de que as\nrotas de fuga, sa\u00eddas, equipamentos que comp\u00f5em o sistema de seguran\u00e7a e suas\nrespectivas sinaliza\u00e7\u00f5es, n\u00e3o sofram interfer\u00eancia dos materiais estocados e da\ndecora\u00e7\u00e3o natalina;<\/p>\n\n\n\n<p>V- manuten\u00e7\u00e3o de\nefetivo controle dos estoques de mercadorias, de modo a respeitar a capacidade\nde carga das estruturas onde se encontram;<\/p>\n\n\n\n<p>VI- afixa\u00e7\u00e3o em local\nvis\u00edvel ao p\u00fablico da rela\u00e7\u00e3o atualizada dos componentes da Brigada de Combate\n\u00e0 Inc\u00eandio, dimensionada conforme NBR 14.276\/2006 da ABNT, com a especifica\u00e7\u00e3o\ndo turno de trabalho dos brigadistas.<\/p>\n\n\n\n<p>VII \u2013 Ser\u00e1 emitido termo de quita\u00e7\u00e3o pela Coordenadoria de Atividade Especial E Seguran\u00e7a de uso no prazo de at\u00e9 30 dias do protocolo, para as Empresas que atenderam os requisitos dessa Portaria.<\/p>\n\n\n<style>.wp-block-kadence-iconlist.kt-svg-icon-list-items_f31ef4-42:not(.this-stops-third-party-issues){margin-top:0px;margin-bottom:0px;}.wp-block-kadence-iconlist.kt-svg-icon-list-items_f31ef4-42 ul.kt-svg-icon-list:not(.this-prevents-issues):not(.this-stops-third-party-issues):not(.tijsloc){margin-top:0px;margin-right:0px;margin-bottom:var(--global-kb-spacing-sm, 1.5rem);margin-left:0px;}.wp-block-kadence-iconlist.kt-svg-icon-list-items_f31ef4-42 ul.kt-svg-icon-list{grid-row-gap:5px;}.wp-block-kadence-iconlist.kt-svg-icon-list-items_f31ef4-42 ul.kt-svg-icon-list .kt-svg-icon-list-item-wrap .kt-svg-icon-list-single{margin-right:10px;}.kt-svg-icon-list-items_f31ef4-42 ul.kt-svg-icon-list .kt-svg-icon-list-level-0 .kt-svg-icon-list-single svg{font-size:20px;}<\/style>\n<div class=\"wp-block-kadence-iconlist kt-svg-icon-list-items kt-svg-icon-list-items_f31ef4-42 kt-svg-icon-list-columns-1 alignnone\"><ul class=\"kt-svg-icon-list\"><li class=\"kt-svg-icon-list-style-default kt-svg-icon-list-item-wrap kt-svg-icon-list-item-0\"><div style=\"display:inline-flex;justify-content:center;align-items:center\" class=\"kt-svg-icon-list-single kt-svg-icon-list-single-fe_checkCircle\"><svg style=\"display:inline-block;vertical-align:middle\" viewbox=\"0 0 24 24\" height=\"20\" width=\"20\" fill=\"none\" stroke=\"currentColor\" xmlns=\"http:\/\/www.w3.org\/2000\/svg\" stroke-width=\"2\" stroke-linecap=\"round\" stroke-linejoin=\"round\"><path d=\"M22 11.08V12a10 10 0 1 1-5.93-9.14\"><\/path><polyline points=\"22 4 12 14.01 9 11.01\"><\/polyline><\/svg><\/div><span class=\"kt-svg-icon-list-text\"><em><strong>Aten\u00e7\u00e3o: a prefeitura de S\u00e3o Paulo, at\u00e9 o fechamento desse texto, 01 de outubro, n\u00e3o havia disponibilizado o link para o envio dos documentos solicitados para a Opera\u00e7\u00e3o Natal 2019<\/strong><\/em><\/span><\/li><\/ul><\/div>\n","protected":false},"excerpt":{"rendered":"<p>Publicada no Di\u00e1rio Oficial da Cidade de S\u00e3o Paulo, em 19 de setembro de 2019, a Instru\u00e7\u00e3o Normativa SEL-G N\u00ba 002\/2019 que disp\u00f5e sobre a fiscaliza\u00e7\u00e3o dos estabelecimentos comerciais que utilizar\u00e3o decora\u00e7\u00f5es natalinas. A declara\u00e7\u00e3o exigida pela Prefeitura Municipal de S\u00e3o Paulo (PMSP) deve ser feita por shopping centers, lojas de departamentos, magazines, outlets e [&hellip;]<\/p>\n","protected":false},"author":1,"featured_media":1357,"comment_status":"closed","ping_status":"open","sticky":false,"template":"","format":"standard","meta":{"tdm_status":"","tdm_grid_status":"","footnotes":""},"categories":[153],"tags":[248,54,249,247],"class_list":["post-1355","post","type-post","status-publish","format-standard","has-post-thumbnail","hentry","category-noticias","tag-declaracao","tag-licenciamento","tag-natal","tag-pmsp"],"amp_enabled":true,"_links":{"self":[{"href":"https:\/\/sincomavi.org.br\/index.php?rest_route=\/wp\/v2\/posts\/1355","targetHints":{"allow":["GET"]}}],"collection":[{"href":"https:\/\/sincomavi.org.br\/index.php?rest_route=\/wp\/v2\/posts"}],"about":[{"href":"https:\/\/sincomavi.org.br\/index.php?rest_route=\/wp\/v2\/types\/post"}],"author":[{"embeddable":true,"href":"https:\/\/sincomavi.org.br\/index.php?rest_route=\/wp\/v2\/users\/1"}],"replies":[{"embeddable":true,"href":"https:\/\/sincomavi.org.br\/index.php?rest_route=%2Fwp%2Fv2%2Fcomments&post=1355"}],"version-history":[{"count":3,"href":"https:\/\/sincomavi.org.br\/index.php?rest_route=\/wp\/v2\/posts\/1355\/revisions"}],"predecessor-version":[{"id":1378,"href":"https:\/\/sincomavi.org.br\/index.php?rest_route=\/wp\/v2\/posts\/1355\/revisions\/1378"}],"wp:featuredmedia":[{"embeddable":true,"href":"https:\/\/sincomavi.org.br\/index.php?rest_route=\/wp\/v2\/media\/1357"}],"wp:attachment":[{"href":"https:\/\/sincomavi.org.br\/index.php?rest_route=%2Fwp%2Fv2%2Fmedia&parent=1355"}],"wp:term":[{"taxonomy":"category","embeddable":true,"href":"https:\/\/sincomavi.org.br\/index.php?rest_route=%2Fwp%2Fv2%2Fcategories&post=1355"},{"taxonomy":"post_tag","embeddable":true,"href":"https:\/\/sincomavi.org.br\/index.php?rest_route=%2Fwp%2Fv2%2Ftags&post=1355"}],"curies":[{"name":"wp","href":"https:\/\/api.w.org\/{rel}","templated":true}]}}