{"id":13495,"date":"2025-04-02T13:57:42","date_gmt":"2025-04-02T16:57:42","guid":{"rendered":"https:\/\/sincomavi.org.br\/?p=13495"},"modified":"2025-04-02T13:57:44","modified_gmt":"2025-04-02T16:57:44","slug":"empresarios-demonstram-a-menor-confianca-desde-novembro-de-2023","status":"publish","type":"post","link":"https:\/\/sincomavi.org.br\/?p=13495","title":{"rendered":"Empres\u00e1rios demonstram a menor confian\u00e7a desde novembro de 2023"},"content":{"rendered":"\n<hr class=\"wp-block-separator has-alpha-channel-opacity is-style-default\"\/>\n\n\n<div class=\"wp-block-post-date\"><time datetime=\"2025-04-02T13:57:42-03:00\">2 de abril de 2025<\/time><\/div>\n\n\n<p>O \u00cdndice de Confian\u00e7a Empresarial (ICE), do Instituto Brasileiro de Economia da Funda\u00e7\u00e3o Getulio Vargas (FGV IBRE), sofreu uma queda de 0,6 ponto em mar\u00e7o e atingiu os 94,0 pontos &#8211; o menor n\u00edvel desde novembro de 2023. O indicador tamb\u00e9m recuou nas m\u00e9dias m\u00f3veis trimestrais em 1,0 ponto no m\u00eas.<\/p>\n\n\n\n<p>Para Aloisio Campelo Jr., pesquisador do FGV IBRE, os principais respons\u00e1veis pelo resultado de mar\u00e7o s\u00e3o o cen\u00e1rio de juros em alta e as incertezas em rela\u00e7\u00e3o \u00e0 economia do pa\u00eds. \u201cEm mar\u00e7o, houve sinais de alguma recupera\u00e7\u00e3o no n\u00edvel de atividade em tr\u00eas dos quatro grandes setores econ\u00f4micos, mas as expectativas para os pr\u00f3ximos meses seguem na trajet\u00f3ria negativa iniciada em novembro\u201d, destaca. Ele lembra ainda que um fator que atenua o diagn\u00f3stico de pessimismo empresarial para o restante do ano \u00e9 a sustenta\u00e7\u00e3o do \u00edmpeto de contrata\u00e7\u00f5es.<\/p>\n\n\n\n<hr class=\"wp-block-separator has-alpha-channel-opacity is-style-default\"\/>\n","protected":false},"excerpt":{"rendered":"<p>O \u00cdndice de Confian\u00e7a Empresarial (ICE), do Instituto Brasileiro de Economia da Funda\u00e7\u00e3o Getulio Vargas (FGV IBRE), sofreu uma queda de 0,6 ponto em mar\u00e7o e atingiu os 94,0 pontos &#8211; o menor n\u00edvel desde novembro de 2023. O indicador tamb\u00e9m recuou nas m\u00e9dias m\u00f3veis trimestrais em 1,0 ponto no m\u00eas. Para Aloisio Campelo Jr., [&hellip;]<\/p>\n","protected":false},"author":1,"featured_media":13496,"comment_status":"closed","ping_status":"open","sticky":false,"template":"","format":"standard","meta":{"tdm_status":"","tdm_grid_status":"","footnotes":""},"categories":[153],"tags":[204,1538,754,1494,620,160],"class_list":["post-13495","post","type-post","status-publish","format-standard","has-post-thumbnail","hentry","category-noticias","tag-confianca","tag-empresario","tag-fgv-ibre","tag-indice-de-confianca-empresarial","tag-levantamento","tag-pesquisa"],"amp_enabled":true,"_links":{"self":[{"href":"https:\/\/sincomavi.org.br\/index.php?rest_route=\/wp\/v2\/posts\/13495","targetHints":{"allow":["GET"]}}],"collection":[{"href":"https:\/\/sincomavi.org.br\/index.php?rest_route=\/wp\/v2\/posts"}],"about":[{"href":"https:\/\/sincomavi.org.br\/index.php?rest_route=\/wp\/v2\/types\/post"}],"author":[{"embeddable":true,"href":"https:\/\/sincomavi.org.br\/index.php?rest_route=\/wp\/v2\/users\/1"}],"replies":[{"embeddable":true,"href":"https:\/\/sincomavi.org.br\/index.php?rest_route=%2Fwp%2Fv2%2Fcomments&post=13495"}],"version-history":[{"count":1,"href":"https:\/\/sincomavi.org.br\/index.php?rest_route=\/wp\/v2\/posts\/13495\/revisions"}],"predecessor-version":[{"id":13497,"href":"https:\/\/sincomavi.org.br\/index.php?rest_route=\/wp\/v2\/posts\/13495\/revisions\/13497"}],"wp:featuredmedia":[{"embeddable":true,"href":"https:\/\/sincomavi.org.br\/index.php?rest_route=\/wp\/v2\/media\/13496"}],"wp:attachment":[{"href":"https:\/\/sincomavi.org.br\/index.php?rest_route=%2Fwp%2Fv2%2Fmedia&parent=13495"}],"wp:term":[{"taxonomy":"category","embeddable":true,"href":"https:\/\/sincomavi.org.br\/index.php?rest_route=%2Fwp%2Fv2%2Fcategories&post=13495"},{"taxonomy":"post_tag","embeddable":true,"href":"https:\/\/sincomavi.org.br\/index.php?rest_route=%2Fwp%2Fv2%2Ftags&post=13495"}],"curies":[{"name":"wp","href":"https:\/\/api.w.org\/{rel}","templated":true}]}}