{"id":13456,"date":"2025-03-27T10:04:44","date_gmt":"2025-03-27T13:04:44","guid":{"rendered":"https:\/\/sincomavi.org.br\/?p=13456"},"modified":"2025-03-27T10:05:29","modified_gmt":"2025-03-27T13:05:29","slug":"empresas-aumentam-a-procura-por-credito","status":"publish","type":"post","link":"https:\/\/sincomavi.org.br\/?p=13456","title":{"rendered":"Empresas aumentam a procura por cr\u00e9dito"},"content":{"rendered":"\n<hr class=\"wp-block-separator has-alpha-channel-opacity is-style-default\"\/>\n\n\n<div class=\"wp-block-post-date\"><time datetime=\"2025-03-27T10:04:44-03:00\">27 de mar\u00e7o de 2025<\/time><\/div>\n\n\n<p>Levantamento realizado pela Serasa Experian mostra que houve uma eleva\u00e7\u00e3o de 11,3% em janeiro em rela\u00e7\u00e3o ao mesmo m\u00eas do ano passado na procura das empresas por cr\u00e9dito.&nbsp; O resultado teve como maior influ\u00eancia a demanda dos micro e pequenos estabelecimentos. J\u00e1 as m\u00e9dias e grandes companhias contaram com retra\u00e7\u00e3o no per\u00edodo analisado.&nbsp;<\/p>\n\n\n\n<p>O estudo revela ainda que todos os setores da economia registraram crescimento na busca por cr\u00e9dito em janeiro. A categoria \u201cDemais\u201d \u2013 que engloba os segmentos Prim\u00e1rio (agroneg\u00f3cio), Financeiro e Terceiro \u2013 liderou a alta (16,5%), seguido por Servi\u00e7os (16,4%), Ind\u00fastria (8,9%), e Com\u00e9rcio (5,9%).&nbsp;<\/p>\n\n\n<style>.kb-image13456_09256d-6a.kb-image-is-ratio-size, .kb-image13456_09256d-6a .kb-image-is-ratio-size{max-width:650px;width:100%;}.wp-block-kadence-column > .kt-inside-inner-col > .kb-image13456_09256d-6a.kb-image-is-ratio-size, .wp-block-kadence-column > .kt-inside-inner-col > .kb-image13456_09256d-6a .kb-image-is-ratio-size{align-self:unset;}.kb-image13456_09256d-6a figure{max-width:650px;}.kb-image13456_09256d-6a .image-is-svg, .kb-image13456_09256d-6a .image-is-svg img{width:100%;}.kb-image13456_09256d-6a .kb-image-has-overlay:after{opacity:0.3;}<\/style>\n<div class=\"wp-block-kadence-image kb-image13456_09256d-6a\"><figure class=\"aligncenter size-full\"><img loading=\"lazy\" decoding=\"async\" width=\"924\" height=\"436\" src=\"https:\/\/sincomavi.org.br\/wp-content\/uploads\/2025\/03\/serasa1.png\" alt=\"\" class=\"kb-img wp-image-13457\" srcset=\"https:\/\/sincomavi.org.br\/wp-content\/uploads\/2025\/03\/serasa1.png 924w, https:\/\/sincomavi.org.br\/wp-content\/uploads\/2025\/03\/serasa1-300x142.png 300w, https:\/\/sincomavi.org.br\/wp-content\/uploads\/2025\/03\/serasa1-768x362.png 768w, https:\/\/sincomavi.org.br\/wp-content\/uploads\/2025\/03\/serasa1-890x420.png 890w, https:\/\/sincomavi.org.br\/wp-content\/uploads\/2025\/03\/serasa1-640x302.png 640w, https:\/\/sincomavi.org.br\/wp-content\/uploads\/2025\/03\/serasa1-681x321.png 681w\" sizes=\"auto, (max-width: 924px) 100vw, 924px\" \/><\/figure><\/div>\n\n\n\n<p>A economista Camila Abdelmalack comenta que \u201cap\u00f3s quatro anos de crescimento econ\u00f4mico importante, muitas empresas iniciaram 2025 cautelosas diante o patamar restritivo de juros e o impacto que a infla\u00e7\u00e3o pode ter na demanda dos clientes\u201d. Em sua opini\u00e3o, tais condi\u00e7\u00f5es tornam dif\u00edcil acreditar que a procura por recursos financeiros tenha como motiva\u00e7\u00e3o o investimento e expans\u00e3o de neg\u00f3cios, principalmente no caso das micro e pequenas empresas.<\/p>\n\n\n<style>.kb-image13456_5e9b0c-d7.kb-image-is-ratio-size, .kb-image13456_5e9b0c-d7 .kb-image-is-ratio-size{max-width:650px;width:100%;}.wp-block-kadence-column > .kt-inside-inner-col > .kb-image13456_5e9b0c-d7.kb-image-is-ratio-size, .wp-block-kadence-column > .kt-inside-inner-col > .kb-image13456_5e9b0c-d7 .kb-image-is-ratio-size{align-self:unset;}.kb-image13456_5e9b0c-d7 figure{max-width:650px;}.kb-image13456_5e9b0c-d7 .image-is-svg, .kb-image13456_5e9b0c-d7 .image-is-svg img{width:100%;}.kb-image13456_5e9b0c-d7 .kb-image-has-overlay:after{opacity:0.3;}<\/style>\n<div class=\"wp-block-kadence-image kb-image13456_5e9b0c-d7\"><figure class=\"aligncenter size-full\"><img loading=\"lazy\" decoding=\"async\" width=\"927\" height=\"337\" src=\"https:\/\/sincomavi.org.br\/wp-content\/uploads\/2025\/03\/serasa2.png\" alt=\"\" class=\"kb-img wp-image-13458\" srcset=\"https:\/\/sincomavi.org.br\/wp-content\/uploads\/2025\/03\/serasa2.png 927w, https:\/\/sincomavi.org.br\/wp-content\/uploads\/2025\/03\/serasa2-300x109.png 300w, https:\/\/sincomavi.org.br\/wp-content\/uploads\/2025\/03\/serasa2-768x279.png 768w, https:\/\/sincomavi.org.br\/wp-content\/uploads\/2025\/03\/serasa2-640x233.png 640w, https:\/\/sincomavi.org.br\/wp-content\/uploads\/2025\/03\/serasa2-681x248.png 681w\" sizes=\"auto, (max-width: 927px) 100vw, 927px\" \/><\/figure><\/div>\n\n\n\n<hr class=\"wp-block-separator has-alpha-channel-opacity is-style-default\"\/>\n","protected":false},"excerpt":{"rendered":"<p>Levantamento realizado pela Serasa Experian mostra que houve uma eleva\u00e7\u00e3o de 11,3% em janeiro em rela\u00e7\u00e3o ao mesmo m\u00eas do ano passado na procura das empresas por cr\u00e9dito.&nbsp; O resultado teve como maior influ\u00eancia a demanda dos micro e pequenos estabelecimentos. J\u00e1 as m\u00e9dias e grandes companhias contaram com retra\u00e7\u00e3o no per\u00edodo analisado.&nbsp; O estudo [&hellip;]<\/p>\n","protected":false},"author":1,"featured_media":13459,"comment_status":"closed","ping_status":"open","sticky":false,"template":"","format":"standard","meta":{"tdm_status":"","tdm_grid_status":"","footnotes":""},"categories":[153],"tags":[250,805,990],"class_list":["post-13456","post","type-post","status-publish","format-standard","has-post-thumbnail","hentry","category-noticias","tag-credito","tag-mpes","tag-serasa"],"amp_enabled":true,"_links":{"self":[{"href":"https:\/\/sincomavi.org.br\/index.php?rest_route=\/wp\/v2\/posts\/13456","targetHints":{"allow":["GET"]}}],"collection":[{"href":"https:\/\/sincomavi.org.br\/index.php?rest_route=\/wp\/v2\/posts"}],"about":[{"href":"https:\/\/sincomavi.org.br\/index.php?rest_route=\/wp\/v2\/types\/post"}],"author":[{"embeddable":true,"href":"https:\/\/sincomavi.org.br\/index.php?rest_route=\/wp\/v2\/users\/1"}],"replies":[{"embeddable":true,"href":"https:\/\/sincomavi.org.br\/index.php?rest_route=%2Fwp%2Fv2%2Fcomments&post=13456"}],"version-history":[{"count":2,"href":"https:\/\/sincomavi.org.br\/index.php?rest_route=\/wp\/v2\/posts\/13456\/revisions"}],"predecessor-version":[{"id":13461,"href":"https:\/\/sincomavi.org.br\/index.php?rest_route=\/wp\/v2\/posts\/13456\/revisions\/13461"}],"wp:featuredmedia":[{"embeddable":true,"href":"https:\/\/sincomavi.org.br\/index.php?rest_route=\/wp\/v2\/media\/13459"}],"wp:attachment":[{"href":"https:\/\/sincomavi.org.br\/index.php?rest_route=%2Fwp%2Fv2%2Fmedia&parent=13456"}],"wp:term":[{"taxonomy":"category","embeddable":true,"href":"https:\/\/sincomavi.org.br\/index.php?rest_route=%2Fwp%2Fv2%2Fcategories&post=13456"},{"taxonomy":"post_tag","embeddable":true,"href":"https:\/\/sincomavi.org.br\/index.php?rest_route=%2Fwp%2Fv2%2Ftags&post=13456"}],"curies":[{"name":"wp","href":"https:\/\/api.w.org\/{rel}","templated":true}]}}