{"id":13266,"date":"2025-02-24T13:56:29","date_gmt":"2025-02-24T16:56:29","guid":{"rendered":"https:\/\/sincomavi.org.br\/?p=13266"},"modified":"2025-02-24T13:56:31","modified_gmt":"2025-02-24T16:56:31","slug":"confianca-do-consumidor-sofre-nova-queda-em-fevereiro","status":"publish","type":"post","link":"https:\/\/sincomavi.org.br\/?p=13266","title":{"rendered":"Confian\u00e7a do Consumidor sofre nova queda em fevereiro"},"content":{"rendered":"\n<hr class=\"wp-block-separator has-alpha-channel-opacity is-style-default\"\/>\n\n\n<div class=\"wp-block-post-date\"><time datetime=\"2025-02-24T13:56:29-03:00\">24 de fevereiro de 2025<\/time><\/div>\n\n\n<p>O \u00cdndice de Confian\u00e7a do Consumidor (ICC), do Instituto Brasileiro de Economia da Funda\u00e7\u00e3o Getulio Vargas (FGV IBRE), contou mais uma vez com recuo. Em fevereiro, o indicador registrou uma varia\u00e7\u00e3o negativa de 2,6 pontos, atingindo os 83,6 pontos &#8211; menor n\u00edvel desde agosto de 2022 (82,1 pts.). O \u00edndice tamb\u00e9m caiu 3,6 pontos nas m\u00e9dias m\u00f3veis trimestrais, retrocedendo para 87,0 pontos.<br>&nbsp;<\/p>\n\n\n\n<p>A economista Anna Carolina Gouveia comenta que tal desempenho ocorre pela terceira vez seguida, tendo como consequ\u00eancia um ac\u00famulo de 10 pontos de queda. \u201cO resultado confirma um maior pessimismo entre os consumidores nesse in\u00edcio de ano, disseminado entre as faixas de renda e mais forte para aqueles de menor poder aquisitivo\u201d, ressalta. \u201cO mal-estar \u00e9 resultado da piora da infla\u00e7\u00e3o de alimentos, que reduz o poder de compra das fam\u00edlias em bens essenciais, e da eleva\u00e7\u00e3o da taxa de juros, que agrava a situa\u00e7\u00e3o financeira das fam\u00edlias\u201d.<\/p>\n\n\n\n<hr class=\"wp-block-separator has-alpha-channel-opacity is-style-default\"\/>\n","protected":false},"excerpt":{"rendered":"<p>O \u00cdndice de Confian\u00e7a do Consumidor (ICC), do Instituto Brasileiro de Economia da Funda\u00e7\u00e3o Getulio Vargas (FGV IBRE), contou mais uma vez com recuo. Em fevereiro, o indicador registrou uma varia\u00e7\u00e3o negativa de 2,6 pontos, atingindo os 83,6 pontos &#8211; menor n\u00edvel desde agosto de 2022 (82,1 pts.). O \u00edndice tamb\u00e9m caiu 3,6 pontos nas [&hellip;]<\/p>\n","protected":false},"author":1,"featured_media":13267,"comment_status":"closed","ping_status":"open","sticky":false,"template":"","format":"standard","meta":{"tdm_status":"","tdm_grid_status":"","footnotes":""},"categories":[153],"tags":[199,1533,156,754,885,620,160,200,75],"class_list":["post-13266","post","type-post","status-publish","format-standard","has-post-thumbnail","hentry","category-noticias","tag-comercio","tag-confianca-do-consumidor","tag-economia","tag-fgv-ibre","tag-icc","tag-levantamento","tag-pesquisa","tag-varejo","tag-vendas"],"amp_enabled":true,"_links":{"self":[{"href":"https:\/\/sincomavi.org.br\/index.php?rest_route=\/wp\/v2\/posts\/13266","targetHints":{"allow":["GET"]}}],"collection":[{"href":"https:\/\/sincomavi.org.br\/index.php?rest_route=\/wp\/v2\/posts"}],"about":[{"href":"https:\/\/sincomavi.org.br\/index.php?rest_route=\/wp\/v2\/types\/post"}],"author":[{"embeddable":true,"href":"https:\/\/sincomavi.org.br\/index.php?rest_route=\/wp\/v2\/users\/1"}],"replies":[{"embeddable":true,"href":"https:\/\/sincomavi.org.br\/index.php?rest_route=%2Fwp%2Fv2%2Fcomments&post=13266"}],"version-history":[{"count":1,"href":"https:\/\/sincomavi.org.br\/index.php?rest_route=\/wp\/v2\/posts\/13266\/revisions"}],"predecessor-version":[{"id":13268,"href":"https:\/\/sincomavi.org.br\/index.php?rest_route=\/wp\/v2\/posts\/13266\/revisions\/13268"}],"wp:featuredmedia":[{"embeddable":true,"href":"https:\/\/sincomavi.org.br\/index.php?rest_route=\/wp\/v2\/media\/13267"}],"wp:attachment":[{"href":"https:\/\/sincomavi.org.br\/index.php?rest_route=%2Fwp%2Fv2%2Fmedia&parent=13266"}],"wp:term":[{"taxonomy":"category","embeddable":true,"href":"https:\/\/sincomavi.org.br\/index.php?rest_route=%2Fwp%2Fv2%2Fcategories&post=13266"},{"taxonomy":"post_tag","embeddable":true,"href":"https:\/\/sincomavi.org.br\/index.php?rest_route=%2Fwp%2Fv2%2Ftags&post=13266"}],"curies":[{"name":"wp","href":"https:\/\/api.w.org\/{rel}","templated":true}]}}