{"id":13210,"date":"2025-02-13T10:53:41","date_gmt":"2025-02-13T13:53:41","guid":{"rendered":"https:\/\/sincomavi.org.br\/?p=13210"},"modified":"2025-02-13T10:53:43","modified_gmt":"2025-02-13T13:53:43","slug":"eletroeletronicos-apresentam-alta-de-044-nos-precos-em-janeiro","status":"publish","type":"post","link":"https:\/\/sincomavi.org.br\/?p=13210","title":{"rendered":"Eletroeletr\u00f4nicos apresentam alta de 0,44% nos pre\u00e7os em janeiro"},"content":{"rendered":"\n<hr class=\"wp-block-separator has-alpha-channel-opacity is-style-default\"\/>\n\n\n<div class=\"wp-block-post-date\"><time datetime=\"2025-02-13T10:53:41-03:00\">13 de fevereiro de 2025<\/time><\/div>\n\n\n<p>O \u00cdndice de Pre\u00e7os Fipe\/Buscap\u00e9, que acompanha os pre\u00e7os de 47 categorias de produtos eletroeletr\u00f4nicos das lojas online do mercado nacional, contou com uma alta de 0,44% em janeiro em rela\u00e7\u00e3o a dezembro passado e uma queda de 3,2% na compara\u00e7\u00e3o anual.&nbsp;<\/p>\n\n\n\n<p>Para S\u00e9rgio Crispim, pesquisador da FIPE, apesar das varia\u00e7\u00f5es anuais do \u00edndice ainda serem negativas, existe uma tend\u00eancia de queda das varia\u00e7\u00f5es desde abril de 2024. \u201cO que observamos globalmente no setor \u00e9 uma queda cont\u00ednua nos pre\u00e7os. No entanto, devido \u00e0 influ\u00eancia do c\u00e2mbio, a taxa de redu\u00e7\u00e3o anual do \u00edndice diminuiu significativamente em 2024. Se essa tend\u00eancia continuar neste ano, existe a possibilidade de a varia\u00e7\u00e3o anual se tornar positiva no primeiro semestre de 2025\u201d, avalia.<\/p>\n\n\n\n<h2 class=\"wp-block-heading has-text-align-center\">Varia\u00e7\u00f5es Anuais do \u00cdndice de Pre\u00e7os Fipe\/Buscap\u00e9 para Eletroeletr\u00f4nicos<\/h2>\n\n\n<style>.kb-image13210_2e1c54-76 .kb-image-has-overlay:after{opacity:0.3;}<\/style>\n<div class=\"wp-block-kadence-image kb-image13210_2e1c54-76\"><figure class=\"aligncenter size-large\"><img loading=\"lazy\" decoding=\"async\" width=\"1024\" height=\"658\" src=\"https:\/\/sincomavi.org.br\/wp-content\/uploads\/2025\/02\/busca1-1024x658.png\" alt=\"\" class=\"kb-img wp-image-13211\" srcset=\"https:\/\/sincomavi.org.br\/wp-content\/uploads\/2025\/02\/busca1-1024x658.png 1024w, https:\/\/sincomavi.org.br\/wp-content\/uploads\/2025\/02\/busca1-300x194.png 300w, https:\/\/sincomavi.org.br\/wp-content\/uploads\/2025\/02\/busca1-768x493.png 768w, https:\/\/sincomavi.org.br\/wp-content\/uploads\/2025\/02\/busca1-1536x987.png 1536w, https:\/\/sincomavi.org.br\/wp-content\/uploads\/2025\/02\/busca1-654x420.png 654w, https:\/\/sincomavi.org.br\/wp-content\/uploads\/2025\/02\/busca1-341x220.png 341w, https:\/\/sincomavi.org.br\/wp-content\/uploads\/2025\/02\/busca1-640x411.png 640w, https:\/\/sincomavi.org.br\/wp-content\/uploads\/2025\/02\/busca1-681x438.png 681w, https:\/\/sincomavi.org.br\/wp-content\/uploads\/2025\/02\/busca1.png 1600w\" sizes=\"auto, (max-width: 1024px) 100vw, 1024px\" \/><\/figure><\/div>\n\n\n\n<p class=\"has-text-align-right\"><strong>Fonte: \u00cdndice de Pre\u00e7os Fipe\/Buscap\u00e9<\/strong><\/p>\n\n\n\n<p>No segmento de inform\u00e1tica, os destaques ficaram para o aumento de pre\u00e7os nas categorias notebook (2,1%) e impressora (1,4%). Entre as itens em geral que registraram queda, destacam-se: fritadeira el\u00e9trica (-10,0%), ar-condicionado (-6,5%) e ventilador\/circulador (-4,6%).<\/p>\n\n\n\n<h2 class=\"wp-block-heading has-text-align-center\">Varia\u00e7\u00f5es Anuais de Algumas Categorias de Produtos do \u00cdndice de Pre\u00e7os Fipe\/Buscap\u00e9 de Eletroeletr\u00f4nicos (Janeiro25 \/ Janeiro24)\u00a0\u00a0<\/h2>\n\n\n<style>.kb-image13210_69e455-5c .kb-image-has-overlay:after{opacity:0.3;}<\/style>\n<div class=\"wp-block-kadence-image kb-image13210_69e455-5c\"><figure class=\"aligncenter size-large\"><img loading=\"lazy\" decoding=\"async\" width=\"1024\" height=\"667\" src=\"https:\/\/sincomavi.org.br\/wp-content\/uploads\/2025\/02\/busca2-1024x667.png\" alt=\"\" class=\"kb-img wp-image-13212\" srcset=\"https:\/\/sincomavi.org.br\/wp-content\/uploads\/2025\/02\/busca2-1024x667.png 1024w, https:\/\/sincomavi.org.br\/wp-content\/uploads\/2025\/02\/busca2-300x194.png 300w, https:\/\/sincomavi.org.br\/wp-content\/uploads\/2025\/02\/busca2-768x500.png 768w, https:\/\/sincomavi.org.br\/wp-content\/uploads\/2025\/02\/busca2-645x420.png 645w, https:\/\/sincomavi.org.br\/wp-content\/uploads\/2025\/02\/busca2-640x417.png 640w, https:\/\/sincomavi.org.br\/wp-content\/uploads\/2025\/02\/busca2-681x444.png 681w, https:\/\/sincomavi.org.br\/wp-content\/uploads\/2025\/02\/busca2.png 1530w\" sizes=\"auto, (max-width: 1024px) 100vw, 1024px\" \/><\/figure><\/div>\n\n\n\n<p class=\"has-text-align-right\"><strong>Fonte: \u00cdndice de Pre\u00e7os Fipe\/Buscap\u00e9<\/strong><br><\/p>\n\n\n\n<hr class=\"wp-block-separator has-alpha-channel-opacity is-style-default\"\/>\n","protected":false},"excerpt":{"rendered":"<p>O \u00cdndice de Pre\u00e7os Fipe\/Buscap\u00e9, que acompanha os pre\u00e7os de 47 categorias de produtos eletroeletr\u00f4nicos das lojas online do mercado nacional, contou com uma alta de 0,44% em janeiro em rela\u00e7\u00e3o a dezembro passado e uma queda de 3,2% na compara\u00e7\u00e3o anual.&nbsp; Para S\u00e9rgio Crispim, pesquisador da FIPE, apesar das varia\u00e7\u00f5es anuais do \u00edndice ainda [&hellip;]<\/p>\n","protected":false},"author":1,"featured_media":13213,"comment_status":"closed","ping_status":"open","sticky":false,"template":"","format":"standard","meta":{"tdm_status":"","tdm_grid_status":"","footnotes":""},"categories":[153],"tags":[199,156,331,159,620,160,237,200,75],"class_list":["post-13210","post","type-post","status-publish","format-standard","has-post-thumbnail","hentry","category-noticias","tag-comercio","tag-economia","tag-inflacao","tag-informatica","tag-levantamento","tag-pesquisa","tag-precos","tag-varejo","tag-vendas"],"amp_enabled":true,"_links":{"self":[{"href":"https:\/\/sincomavi.org.br\/index.php?rest_route=\/wp\/v2\/posts\/13210","targetHints":{"allow":["GET"]}}],"collection":[{"href":"https:\/\/sincomavi.org.br\/index.php?rest_route=\/wp\/v2\/posts"}],"about":[{"href":"https:\/\/sincomavi.org.br\/index.php?rest_route=\/wp\/v2\/types\/post"}],"author":[{"embeddable":true,"href":"https:\/\/sincomavi.org.br\/index.php?rest_route=\/wp\/v2\/users\/1"}],"replies":[{"embeddable":true,"href":"https:\/\/sincomavi.org.br\/index.php?rest_route=%2Fwp%2Fv2%2Fcomments&post=13210"}],"version-history":[{"count":1,"href":"https:\/\/sincomavi.org.br\/index.php?rest_route=\/wp\/v2\/posts\/13210\/revisions"}],"predecessor-version":[{"id":13214,"href":"https:\/\/sincomavi.org.br\/index.php?rest_route=\/wp\/v2\/posts\/13210\/revisions\/13214"}],"wp:featuredmedia":[{"embeddable":true,"href":"https:\/\/sincomavi.org.br\/index.php?rest_route=\/wp\/v2\/media\/13213"}],"wp:attachment":[{"href":"https:\/\/sincomavi.org.br\/index.php?rest_route=%2Fwp%2Fv2%2Fmedia&parent=13210"}],"wp:term":[{"taxonomy":"category","embeddable":true,"href":"https:\/\/sincomavi.org.br\/index.php?rest_route=%2Fwp%2Fv2%2Fcategories&post=13210"},{"taxonomy":"post_tag","embeddable":true,"href":"https:\/\/sincomavi.org.br\/index.php?rest_route=%2Fwp%2Fv2%2Ftags&post=13210"}],"curies":[{"name":"wp","href":"https:\/\/api.w.org\/{rel}","templated":true}]}}