{"id":1317,"date":"2019-09-25T10:20:08","date_gmt":"2019-09-25T13:20:08","guid":{"rendered":"https:\/\/sincomavi.org.br\/?p=1317"},"modified":"2019-09-25T10:20:08","modified_gmt":"2019-09-25T13:20:08","slug":"presidente-do-sincomavi-participara-do-congresso-abrafati-2019","status":"publish","type":"post","link":"https:\/\/sincomavi.org.br\/?p=1317","title":{"rendered":"Presidente do Sincomavi participar\u00e1 do Congresso Abrafati 2019"},"content":{"rendered":"\n<p>Ser\u00e1 realizado entre os dias 01 e 03 de outubro, das 8h30 \u00e0s 17h30, no S\u00e3o Paulo Expo, a 16\u00aa edi\u00e7\u00e3o do Congresso Internacional de Tintas (Abrafati 2019). Ser\u00e3o 3 sess\u00f5es plen\u00e1rias, 90 confer\u00eancias t\u00e9cnicas e ampla programa\u00e7\u00e3o de palestras e atividades simult\u00e2neas distribu\u00eddas em seis audit\u00f3rios. Entre as participa\u00e7\u00f5es confirmadas est\u00e3o Thierry Vanlancker, CEO geral da AkzoNobel, Fabiano Sant\u2019Ana, diretor da \u00c1rea Digital da Basf Am\u00e9rica do Sul, e Andy Doyle, presidente do Conselho Mundial de Tintas e presidente e CEO da Associa\u00e7\u00e3o Americana de Tintas (ACA). <\/p>\n\n\n\n<p>A Exposi\u00e7\u00e3o Internacional de Fornecedores para Tintas, que ocorre paralelamente ao Congresso Abrafati 2019, ter\u00e1 mais de 200 expositores, entre os quais Basf, Braskem, Brasilata, Merck e Evonick.<\/p>\n\n\n\n<figure class=\"wp-block-image\"><img loading=\"lazy\" decoding=\"async\" width=\"587\" height=\"252\" src=\"https:\/\/sincomavi.org.br\/wp-content\/uploads\/2019\/09\/logo_abrafati_2019.jpg\" alt=\"Muitas atra\u00e7\u00f5es internacionais est\u00e3o programadas para o Congresso Abrafati 2019.\" class=\"wp-image-1318\" srcset=\"https:\/\/sincomavi.org.br\/wp-content\/uploads\/2019\/09\/logo_abrafati_2019.jpg 587w, https:\/\/sincomavi.org.br\/wp-content\/uploads\/2019\/09\/logo_abrafati_2019-300x129.jpg 300w\" sizes=\"auto, (max-width: 587px) 100vw, 587px\" \/><figcaption>Congresso Abrafati 2019 contar\u00e1 com a presen\u00e7a de especialistas internacionais.<\/figcaption><\/figure>\n\n\n\n<h2 class=\"wp-block-heading\">F\u00f3rum \u201cVendendo Tintas no Mundo Atual\u201d <\/h2>\n\n\n\n<p>Em 1\u00ba de outubro, Reinaldo\nPedro Correa, presidente do Sincomavi, participar\u00e1 do F\u00f3rum \u201cVendendo Tintas no\nMundo Atual\u201d, que contar\u00e1 com palestra de Glenda Elio, diretora Global de\nMarketing para tintas da Eastman. Est\u00e3o confirmadas tamb\u00e9m as presen\u00e7as de Douver\nMartinho, conselheiro da Abrafati e presidente do Sitivesp, Marcos Gabriel\nAtchabayan, presidente do Conselho Deliberativo da Anamaco, e Ricardo\nSantaguita, presidente da Artesp.<\/p>\n\n\n\n<p>Glenda apresentar\u00e1 dados de pesquisa realizada em cinco pa\u00edses &#8211; M\u00e9xico, EUA, China, Fran\u00e7a e Turquia \u2013 sobre o perfil do novo consumidor de tintas, com destaque para a gera\u00e7\u00e3o dos millenials, que atualmente possui entre 21 a 39 anos. O objetivo \u00e9 mostrar os impactos na ind\u00fastria em raz\u00e3o das <a rel=\"noreferrer noopener\" aria-label=\"mudan\u00e7as nos h\u00e1bitos de compra (abre numa nova aba)\" href=\"https:\/\/sincomavi.org.br\/como-a-experiencia-do-cliente-pode-levar-o-e-commerce-ao-sucesso-ou-ao-fracasso\/\" target=\"_blank\"><strong>mudan\u00e7as nos h\u00e1bitos de compra<\/strong><\/a> desses consumidores de tintas arquitet\u00f4nicas, bem como as megatend\u00eancias com a urbaniza\u00e7\u00e3o acelerada e cont\u00ednua, a ascens\u00e3o de novas classes m\u00e9dias, o processo de digitaliza\u00e7\u00e3o, o surgimento de novos canais de influ\u00eancia, principalmente, as redes sociais, e fideliza\u00e7\u00e3o \u00e0s marcas.<\/p>\n\n\n\n<h2 class=\"wp-block-heading\">Abrafati 2019<\/h2>\n\n\n\n<p><strong>Datas:<\/strong> 01 a 03 de outubro<br><strong>Hor\u00e1rio:<\/strong> 8h30 \u00e0s 17h30<br><strong>Local: <\/strong>S\u00e3o Paulo Expo<br>1,5, Rod. dos Imigrantes &#8211; Vila \u00c1gua Funda<br><strong>Mais informa\u00e7\u00f5es: <\/strong><a rel=\"noreferrer noopener\" aria-label=\"ABRAFATI 2019  (abre numa nova aba)\" href=\"https:\/\/abrafati2019.com.br\" target=\"_blank\"><strong>ABRAFATI 2019 <\/strong><\/a><strong><br><\/strong><\/p>\n","protected":false},"excerpt":{"rendered":"<p>Ser\u00e1 realizado entre os dias 01 e 03 de outubro, das 8h30 \u00e0s 17h30, no S\u00e3o Paulo Expo, a 16\u00aa edi\u00e7\u00e3o do Congresso Internacional de Tintas (Abrafati 2019). Ser\u00e3o 3 sess\u00f5es plen\u00e1rias, 90 confer\u00eancias t\u00e9cnicas e ampla programa\u00e7\u00e3o de palestras e atividades simult\u00e2neas distribu\u00eddas em seis audit\u00f3rios. Entre as participa\u00e7\u00f5es confirmadas est\u00e3o Thierry Vanlancker, CEO [&hellip;]<\/p>\n","protected":false},"author":1,"featured_media":1319,"comment_status":"closed","ping_status":"open","sticky":false,"template":"","format":"standard","meta":{"tdm_status":"","tdm_grid_status":"","footnotes":""},"categories":[153],"tags":[244,169,181,243,232],"class_list":["post-1317","post","type-post","status-publish","format-standard","has-post-thumbnail","hentry","category-noticias","tag-abrafati","tag-congresso","tag-evento","tag-exposicao","tag-tintas"],"amp_enabled":true,"_links":{"self":[{"href":"https:\/\/sincomavi.org.br\/index.php?rest_route=\/wp\/v2\/posts\/1317","targetHints":{"allow":["GET"]}}],"collection":[{"href":"https:\/\/sincomavi.org.br\/index.php?rest_route=\/wp\/v2\/posts"}],"about":[{"href":"https:\/\/sincomavi.org.br\/index.php?rest_route=\/wp\/v2\/types\/post"}],"author":[{"embeddable":true,"href":"https:\/\/sincomavi.org.br\/index.php?rest_route=\/wp\/v2\/users\/1"}],"replies":[{"embeddable":true,"href":"https:\/\/sincomavi.org.br\/index.php?rest_route=%2Fwp%2Fv2%2Fcomments&post=1317"}],"version-history":[{"count":1,"href":"https:\/\/sincomavi.org.br\/index.php?rest_route=\/wp\/v2\/posts\/1317\/revisions"}],"predecessor-version":[{"id":1325,"href":"https:\/\/sincomavi.org.br\/index.php?rest_route=\/wp\/v2\/posts\/1317\/revisions\/1325"}],"wp:featuredmedia":[{"embeddable":true,"href":"https:\/\/sincomavi.org.br\/index.php?rest_route=\/wp\/v2\/media\/1319"}],"wp:attachment":[{"href":"https:\/\/sincomavi.org.br\/index.php?rest_route=%2Fwp%2Fv2%2Fmedia&parent=1317"}],"wp:term":[{"taxonomy":"category","embeddable":true,"href":"https:\/\/sincomavi.org.br\/index.php?rest_route=%2Fwp%2Fv2%2Fcategories&post=1317"},{"taxonomy":"post_tag","embeddable":true,"href":"https:\/\/sincomavi.org.br\/index.php?rest_route=%2Fwp%2Fv2%2Ftags&post=1317"}],"curies":[{"name":"wp","href":"https:\/\/api.w.org\/{rel}","templated":true}]}}