{"id":13163,"date":"2025-02-05T09:05:00","date_gmt":"2025-02-05T12:05:00","guid":{"rendered":"https:\/\/sincomavi.org.br\/?p=13163"},"modified":"2025-02-05T14:10:35","modified_gmt":"2025-02-05T17:10:35","slug":"como-melhorar-a-produtividade-em-um-ambiente-multigeracional","status":"publish","type":"post","link":"https:\/\/sincomavi.org.br\/?p=13163","title":{"rendered":"Como melhorar a produtividade em um ambiente multigeracional"},"content":{"rendered":"\n<hr class=\"wp-block-separator has-alpha-channel-opacity is-style-default\"\/>\n\n\n<div class=\"wp-block-post-date\"><time datetime=\"2025-02-05T09:05:00-03:00\">5 de fevereiro de 2025<\/time><\/div>\n\n\n<p><strong>Por M\u00e1rio Soma, CEO e Head B2B da P\u00f3lvora Comunica\u00e7\u00e3o<\/strong>.<\/p>\n\n\n\n<p>No ambiente de trabalho, \u00e9 comum ouvir cr\u00edticas sobre diferentes gera\u00e7\u00f5es:<\/p>\n\n\n\n<p>&#8220;Os mais velhos t\u00eam dificuldades com tecnologia.&#8221;<\/p>\n\n\n\n<p>&#8220;A gera\u00e7\u00e3o do meio quer equil\u00edbrio, mas n\u00e3o se compromete.&#8221;<\/p>\n\n\n\n<p>&#8220;Os mais jovens n\u00e3o t\u00eam paci\u00eancia para processos e hierarquias.&#8221;<\/p>\n\n\n\n<p>Mas ser\u00e1 que esse tipo de pensamento realmente contribui para a forma\u00e7\u00e3o de um time mais produtivo?<\/p>\n\n\n\n<p>Cada gera\u00e7\u00e3o tem sua pr\u00f3pria cultura, valores e forma de atuar. E isso n\u00e3o \u00e9 um problema. O desafio n\u00e3o \u00e9 mudar ningu\u00e9m. O desafio \u00e9 entender, saber conviver e tirar o melhor de cada perfil.<\/p>\n\n\n\n<p>Entender as diferen\u00e7as \u00e9 um primeiro passo. Mas, como aplicar isso no dia a dia?<\/p>\n\n\n\n<ul class=\"wp-block-list\">\n<li><strong>Respeitar os diferentes estilos de trabalho:<\/strong>&nbsp;Baby Boomers valorizam hierarquia e estabilidade. A Gera\u00e7\u00e3o X busca autonomia e efici\u00eancia. A Gera\u00e7\u00e3o Y quer prop\u00f3sito e crescimento. A Gera\u00e7\u00e3o Z \u00e9 digital, \u00e1gil e fluida. Nenhuma dessas abordagens \u00e9 melhor ou pior, s\u00e3o apenas diferentes.<\/li>\n\n\n\n<li><strong>Ajustar a comunica\u00e7\u00e3o:<\/strong>&nbsp;alguns preferem reuni\u00f5es presenciais, outros mensagens instant\u00e2neas. Uns valorizam e-mails detalhados, outros respostas r\u00e1pidas no WhatsApp. O que funciona para um pode n\u00e3o fazer sentido para outro.<\/li>\n\n\n\n<li><strong>Equilibrar experi\u00eancia e inova\u00e7\u00e3o:<\/strong>&nbsp;os mais experientes trazem vis\u00e3o estrat\u00e9gica e resili\u00eancia. Os mais jovens trazem novas abordagens e velocidade de execu\u00e7\u00e3o. O verdadeiro diferencial est\u00e1 na soma dessas for\u00e7as.<\/li>\n\n\n\n<li><strong>Evitar mudan\u00e7as for\u00e7adas e incentivar adapta\u00e7\u00f5es:<\/strong>&nbsp;fazer com que todos se encaixem no mesmo molde n\u00e3o funciona. O caminho est\u00e1 na adapta\u00e7\u00e3o m\u00fatua, e isso exige paci\u00eancia e disposi\u00e7\u00e3o para aprender.<\/li>\n<\/ul>\n\n\n\n<p>Al\u00e9m das diferen\u00e7as geracionais, um estudo publicado no Journal of Business and Psychology analisou dados de 584.000 pessoas de 113 pa\u00edses ao longo de 30 anos, revelando que a motiva\u00e7\u00e3o no trabalho est\u00e1 mais relacionada \u00e0 etapa de vida da pessoa do que \u00e0 sua gera\u00e7\u00e3o. O trabalho tende a se tornar mais central at\u00e9 aproximadamente os 40 anos, quando come\u00e7a a perder gradualmente sua import\u00e2ncia.&nbsp;<\/p>\n\n\n\n<p>Esse dado eu, particularmente, j\u00e1 acho um pouco pol\u00eamico.<\/p>\n\n\n\n<p>Isso significa que muitas percep\u00e7\u00f5es sobre comprometimento e engajamento no trabalho podem estar mais ligadas a diferentes momentos da vida do que a uma suposta &#8220;caracter\u00edstica geracional&#8221;.<\/p>\n\n\n\n<p>Na teoria, parece simples. Na pr\u00e1tica, \u00e9 um desafio di\u00e1rio. Mas ignorar essas diferen\u00e7as s\u00f3 gera conflitos e reduz a produtividade.<\/p>\n\n\n\n<p>Preparei este explicativo para deixar mais evidente as diferen\u00e7as. S\u00e3o muitas, mas \u00e9 um fato.<\/p>\n\n\n\n<p><strong>Baby Boomers (1946-1964<\/strong><strong>)<\/strong><\/p>\n\n\n\n<ul class=\"wp-block-list\">\n<li><strong>Sobre o trabalho:&nbsp;<\/strong>valorizam a estabilidade no emprego e demonstram forte comprometimento com a organiza\u00e7\u00e3o.<\/li>\n\n\n\n<li><strong>Press\u00e3o por resultados:&nbsp;<\/strong>demonstram resili\u00eancia e dedica\u00e7\u00e3o, frequentemente dispostos a sacrificar tempo pessoal para atingir metas.<\/li>\n\n\n\n<li><strong>Uso de tecnologia:&nbsp;<\/strong>adaptaram-se \u00e0s tecnologias ao longo da carreira, embora possam preferir m\u00e9todos tradicionais de comunica\u00e7\u00e3o.<\/li>\n\n\n\n<li><strong>Motiva\u00e7\u00e3o:<\/strong>&nbsp;motivados por reconhecimento formal e recompensas tang\u00edveis, como promo\u00e7\u00f5es e aumentos salariais.<\/li>\n\n\n\n<li><strong>Comunica\u00e7\u00e3o:<\/strong>&nbsp;preferem comunica\u00e7\u00e3o face a face ou por telefone, valorizando intera\u00e7\u00f5es pessoais.<\/li>\n<\/ul>\n\n\n\n<p><strong>Gera\u00e7\u00e3o X (1965-1980)<\/strong><\/p>\n\n\n\n<ul class=\"wp-block-list\">\n<li><strong>Sobre o trabalho:&nbsp;<\/strong>buscam equil\u00edbrio entre vida pessoal e profissional, valorizando a adaptabilidade.<\/li>\n\n\n\n<li><strong>Press\u00e3o por resultados:&nbsp;<\/strong>tendem a ser pragm\u00e1ticos, buscando efici\u00eancia e solu\u00e7\u00f5es pr\u00e1ticas para alcan\u00e7ar objetivos.<\/li>\n\n\n\n<li><strong>Uso de tecnologia:&nbsp;<\/strong>confort\u00e1veis com tecnologia, utilizam-na como ferramenta para aumentar a produtividade.<\/li>\n\n\n\n<li><strong>Motiva\u00e7\u00e3o<\/strong><strong>:<\/strong>&nbsp;valorizam autonomia e oportunidades de desenvolvimento de habilidades.<\/li>\n\n\n\n<li><strong>Comunica\u00e7\u00e3o:&nbsp;<\/strong>utilizam e-mails e telefonemas, apreciando clareza e objetividade.<\/li>\n<\/ul>\n\n\n\n<p><strong>Gera\u00e7\u00e3o Y (1981-1996)<\/strong><\/p>\n\n\n\n<ul class=\"wp-block-list\">\n<li><strong>Sobre o trabalho:&nbsp;<\/strong>procuram prop\u00f3sito no trabalho e oportunidades de desenvolvimento pessoal.<\/li>\n\n\n\n<li><strong>Press\u00e3o por resultados:&nbsp;<\/strong>podem sentir-se sobrecarregados com altas demandas, valorizando feedback constante e reconhecimento.<\/li>\n\n\n\n<li><strong>Uso de tecnologia<\/strong><strong>:&nbsp;<\/strong>Nativos digitais, integram tecnologia em todas as \u00e1reas do trabalho e comunica\u00e7\u00e3o.<\/li>\n\n\n\n<li><strong>Motiva\u00e7\u00e3o<\/strong><strong>:<\/strong>&nbsp;Procuram trabalhos que alinhem com seus valores pessoais e ofere\u00e7am crescimento cont\u00ednuo.<\/li>\n\n\n\n<li><strong>Comunica\u00e7\u00e3o<\/strong><strong>:&nbsp;<\/strong>Preferem mensagens instant\u00e2neas e plataformas digitais, buscando comunica\u00e7\u00e3o r\u00e1pida e eficiente.<\/li>\n<\/ul>\n\n\n\n<p><strong>Gera\u00e7\u00e3o Z (1997-2012)<\/strong><\/p>\n\n\n\n<ul class=\"wp-block-list\">\n<li><strong>Sobre o trabalho:&nbsp;<\/strong>preferem ambientes de trabalho flex\u00edveis e din\u00e2micos, com \u00eanfase em inova\u00e7\u00e3o.<\/li>\n\n\n\n<li><strong>Press\u00e3o por resultados:<\/strong>&nbsp;preferem abordagens colaborativas e podem resistir a m\u00e9todos tradicionais de cobran\u00e7a, buscando significado nas tarefas.<\/li>\n\n\n\n<li><strong>Uso de tecnologia<\/strong><strong>:<\/strong>&nbsp;altamente proficientes em novas tecnologias, esperam que sua experi\u00eancia digital seja parte integrante do ambiente de trabalho.<\/li>\n\n\n\n<li><strong>Motiva\u00e7\u00e3o<\/strong><strong>:<\/strong>&nbsp;buscam experi\u00eancias diversificadas e oportunidades de aprendizado r\u00e1pido, valorizando a autenticidade.<\/li>\n\n\n\n<li><strong>Comunica\u00e7\u00e3o<\/strong><strong>:<\/strong>&nbsp;utilizam predominantemente aplicativos de mensagens e redes sociais, esperando respostas imediatas.<\/li>\n<\/ul>\n\n\n\n<p>Portanto, o futuro do trabalho n\u00e3o \u00e9 sobre quem est\u00e1 certo ou errado, mas sobre quem sabe criar um ambiente onde todos performam melhor juntos. Concorda?<\/p>\n\n\n\n<hr class=\"wp-block-separator has-alpha-channel-opacity is-style-default\"\/>\n","protected":false},"excerpt":{"rendered":"<p>Por M\u00e1rio Soma, CEO e Head B2B da P\u00f3lvora Comunica\u00e7\u00e3o. No ambiente de trabalho, \u00e9 comum ouvir cr\u00edticas sobre diferentes gera\u00e7\u00f5es: &#8220;Os mais velhos t\u00eam dificuldades com tecnologia.&#8221; &#8220;A gera\u00e7\u00e3o do meio quer equil\u00edbrio, mas n\u00e3o se compromete.&#8221; &#8220;Os mais jovens n\u00e3o t\u00eam paci\u00eancia para processos e hierarquias.&#8221; Mas ser\u00e1 que esse tipo de pensamento [&hellip;]<\/p>\n","protected":false},"author":1,"featured_media":13164,"comment_status":"closed","ping_status":"open","sticky":false,"template":"","format":"standard","meta":{"tdm_status":"","tdm_grid_status":"","footnotes":""},"categories":[210],"tags":[1527,1434,326,1432,1376,1526,253,31],"class_list":["post-13163","post","type-post","status-publish","format-standard","has-post-thumbnail","hentry","category-artigos","tag-ambiente-de-trabalho","tag-baby-boomers","tag-geracao-x","tag-geracao-y","tag-geracao-z","tag-geracoes","tag-recursos-humanos","tag-rh"],"amp_enabled":true,"_links":{"self":[{"href":"https:\/\/sincomavi.org.br\/index.php?rest_route=\/wp\/v2\/posts\/13163","targetHints":{"allow":["GET"]}}],"collection":[{"href":"https:\/\/sincomavi.org.br\/index.php?rest_route=\/wp\/v2\/posts"}],"about":[{"href":"https:\/\/sincomavi.org.br\/index.php?rest_route=\/wp\/v2\/types\/post"}],"author":[{"embeddable":true,"href":"https:\/\/sincomavi.org.br\/index.php?rest_route=\/wp\/v2\/users\/1"}],"replies":[{"embeddable":true,"href":"https:\/\/sincomavi.org.br\/index.php?rest_route=%2Fwp%2Fv2%2Fcomments&post=13163"}],"version-history":[{"count":1,"href":"https:\/\/sincomavi.org.br\/index.php?rest_route=\/wp\/v2\/posts\/13163\/revisions"}],"predecessor-version":[{"id":13165,"href":"https:\/\/sincomavi.org.br\/index.php?rest_route=\/wp\/v2\/posts\/13163\/revisions\/13165"}],"wp:featuredmedia":[{"embeddable":true,"href":"https:\/\/sincomavi.org.br\/index.php?rest_route=\/wp\/v2\/media\/13164"}],"wp:attachment":[{"href":"https:\/\/sincomavi.org.br\/index.php?rest_route=%2Fwp%2Fv2%2Fmedia&parent=13163"}],"wp:term":[{"taxonomy":"category","embeddable":true,"href":"https:\/\/sincomavi.org.br\/index.php?rest_route=%2Fwp%2Fv2%2Fcategories&post=13163"},{"taxonomy":"post_tag","embeddable":true,"href":"https:\/\/sincomavi.org.br\/index.php?rest_route=%2Fwp%2Fv2%2Ftags&post=13163"}],"curies":[{"name":"wp","href":"https:\/\/api.w.org\/{rel}","templated":true}]}}