{"id":13107,"date":"2025-01-28T15:02:07","date_gmt":"2025-01-28T18:02:07","guid":{"rendered":"https:\/\/sincomavi.org.br\/?p=13107"},"modified":"2025-01-28T15:02:09","modified_gmt":"2025-01-28T18:02:09","slug":"custos-da-construcao-sobem-novamente-em-janeiro","status":"publish","type":"post","link":"https:\/\/sincomavi.org.br\/?p=13107","title":{"rendered":"Custos da constru\u00e7\u00e3o sobem novamente em janeiro"},"content":{"rendered":"\n<hr class=\"wp-block-separator has-alpha-channel-opacity is-style-default\"\/>\n\n\n<div class=\"wp-block-post-date\"><time datetime=\"2025-01-28T15:02:07-03:00\">28 de janeiro de 2025<\/time><\/div>\n\n\n<p>O \u00cdndice Nacional de Custo da Constru\u00e7\u00e3o \u2013 M (INCC-M) da Funda\u00e7\u00e3o Getulio Vargas contou com uma eleva\u00e7\u00e3o de 0,71% em janeiro &#8211; resultado superior \u00e0 varia\u00e7\u00e3o de 0,51% verificada em dezembro passado. Nos \u00faltimos 12 meses, o indicador acumula alta de 6,85%.&nbsp;<\/p>\n\n\n\n<p>Dessa vez, a principal influ\u00eancia para o aumento foi a m\u00e3o de obra, com varia\u00e7\u00e3o de 1,13% no per\u00edodo analisado. Materiais, Equipamentos e Servi\u00e7os registrou um avan\u00e7o de 0,42% em janeiro, ante 0,49% no m\u00eas anterior. A categoria de Materiais e Equipamentos, por sua vez, teve um aumento de 0,43% &#8211; desempenho abaixo da taxa de dezembro: 0,57%.<\/p>\n\n\n\n<p>Em rela\u00e7\u00e3o aos produtos, os destaques ficaram para o aumento no pre\u00e7o de vergalh\u00f5es e arames de a\u00e7o ao carbono, com 0,64%, e as varia\u00e7\u00f5es negativas de tubos e conex\u00f5es de PVC (-2,17%), eletrodutos de PVC (-1,70), bandeja de prote\u00e7\u00e3o &#8211; prim\u00e1ria e secund\u00e1ria (-0.95%) e cimento portland comum (-0,17%).<\/p>\n\n\n\n<h2 class=\"wp-block-heading\">Queda na confian\u00e7a<\/h2>\n\n\n\n<p>O \u00cdndice de Confian\u00e7a da Constru\u00e7\u00e3o (ICST),\u00a0 tamb\u00e9m medido pelo FGV IBRE, sofreu um recuo de 1,9 ponto em janeiro e alcan\u00e7ou os 94,9 pontos. A economista Ana Maria Castelo, coordenadora de Projetos da Constru\u00e7\u00e3o do FGV IBRE, comenta que a percep\u00e7\u00e3o sobre os neg\u00f3cios correntes das empresas de Edifica\u00e7\u00f5es melhorou. No entanto, as empresas de Instala\u00e7\u00f5es, que comp\u00f5em o segmento de Servi\u00e7os Especializados, se mostram menos confiantes. \u201cNo geral, as empresas ficaram mais pessimistas em rela\u00e7\u00e3o \u00e0 demanda dos pr\u00f3ximos meses \u2013 o Indicador de Demanda Prevista alcan\u00e7ou o pior resultado desde janeiro de 2023\u201d, ressalta. E adverte: \u201co ciclo de atividade para 2025 est\u00e1 em grande parte contratado, mas sustentar o crescimento dos neg\u00f3cios ante o forte choque de juros n\u00e3o ser\u00e1 f\u00e1cil\u201d.<\/p>\n\n\n\n<hr class=\"wp-block-separator has-alpha-channel-opacity is-style-default\"\/>\n","protected":false},"excerpt":{"rendered":"<p>O \u00cdndice Nacional de Custo da Constru\u00e7\u00e3o \u2013 M (INCC-M) da Funda\u00e7\u00e3o Getulio Vargas contou com uma eleva\u00e7\u00e3o de 0,71% em janeiro &#8211; resultado superior \u00e0 varia\u00e7\u00e3o de 0,51% verificada em dezembro passado. Nos \u00faltimos 12 meses, o indicador acumula alta de 6,85%.&nbsp; Dessa vez, a principal influ\u00eancia para o aumento foi a m\u00e3o de [&hellip;]<\/p>\n","protected":false},"author":1,"featured_media":13108,"comment_status":"closed","ping_status":"open","sticky":false,"template":"","format":"standard","meta":{"tdm_status":"","tdm_grid_status":"","footnotes":""},"categories":[153],"tags":[204,618,156,632,619,620,158,160],"class_list":["post-13107","post","type-post","status-publish","format-standard","has-post-thumbnail","hentry","category-noticias","tag-confianca","tag-construcao-civil","tag-economia","tag-estudo-setorial","tag-incc-m","tag-levantamento","tag-material-de-construcao","tag-pesquisa"],"amp_enabled":true,"_links":{"self":[{"href":"https:\/\/sincomavi.org.br\/index.php?rest_route=\/wp\/v2\/posts\/13107","targetHints":{"allow":["GET"]}}],"collection":[{"href":"https:\/\/sincomavi.org.br\/index.php?rest_route=\/wp\/v2\/posts"}],"about":[{"href":"https:\/\/sincomavi.org.br\/index.php?rest_route=\/wp\/v2\/types\/post"}],"author":[{"embeddable":true,"href":"https:\/\/sincomavi.org.br\/index.php?rest_route=\/wp\/v2\/users\/1"}],"replies":[{"embeddable":true,"href":"https:\/\/sincomavi.org.br\/index.php?rest_route=%2Fwp%2Fv2%2Fcomments&post=13107"}],"version-history":[{"count":1,"href":"https:\/\/sincomavi.org.br\/index.php?rest_route=\/wp\/v2\/posts\/13107\/revisions"}],"predecessor-version":[{"id":13109,"href":"https:\/\/sincomavi.org.br\/index.php?rest_route=\/wp\/v2\/posts\/13107\/revisions\/13109"}],"wp:featuredmedia":[{"embeddable":true,"href":"https:\/\/sincomavi.org.br\/index.php?rest_route=\/wp\/v2\/media\/13108"}],"wp:attachment":[{"href":"https:\/\/sincomavi.org.br\/index.php?rest_route=%2Fwp%2Fv2%2Fmedia&parent=13107"}],"wp:term":[{"taxonomy":"category","embeddable":true,"href":"https:\/\/sincomavi.org.br\/index.php?rest_route=%2Fwp%2Fv2%2Fcategories&post=13107"},{"taxonomy":"post_tag","embeddable":true,"href":"https:\/\/sincomavi.org.br\/index.php?rest_route=%2Fwp%2Fv2%2Ftags&post=13107"}],"curies":[{"name":"wp","href":"https:\/\/api.w.org\/{rel}","templated":true}]}}