{"id":13103,"date":"2025-01-28T08:36:09","date_gmt":"2025-01-28T11:36:09","guid":{"rendered":"https:\/\/sincomavi.org.br\/?p=13103"},"modified":"2025-01-28T08:36:10","modified_gmt":"2025-01-28T11:36:10","slug":"queda-na-confianca-do-consumidor-em-janeiro","status":"publish","type":"post","link":"https:\/\/sincomavi.org.br\/?p=13103","title":{"rendered":"Queda na confian\u00e7a do consumidor em janeiro"},"content":{"rendered":"\n<hr class=\"wp-block-separator has-alpha-channel-opacity is-style-default\"\/>\n\n\n<div class=\"wp-block-post-date\"><time datetime=\"2025-01-28T08:36:09-03:00\">28 de janeiro de 2025<\/time><\/div>\n\n\n<p><br>O \u00cdndice de Confian\u00e7a do Consumidor (ICC), do Instituto Brasileiro de Economia da Funda\u00e7\u00e3o Getulio Vargas (FGV IBRE), sofreu um recuo de 5,1 pontos em janeiro, chegando aos 86,2 pontos, o que representa o menor n\u00edvel desde fevereiro de 2023 (85,7 pts.). O indicador tamb\u00e9m contou com queda de 2,2 pontos nas m\u00e9dias m\u00f3veis trimestrais, retraindo para 90,6 pontos.<\/p>\n\n\n\n<p>A economista Anna Carolina Gouveia comenta que esse movimento ocorreu em raz\u00e3o da deteriora\u00e7\u00e3o tanto das perspectivas futuras quanto das condi\u00e7\u00f5es atuais pelo segundo m\u00eas consecutivo, o que acabou levando o ICC de volta \u00e0 faixa dos 80 pontos, evidenciando um maior pessimismo entre os consumidores neste in\u00edcio de ano. \u201cO indicador de situa\u00e7\u00e3o financeira futura das fam\u00edlias refor\u00e7a essa percep\u00e7\u00e3o, apontando uma piora na vis\u00e3o do consumidor sobre suas finan\u00e7as. O resultado \u00e9 disseminado entre as faixas de renda e possivelmente aliado a focos de press\u00e3o inflacion\u00e1ria, al\u00e9m da continuidade do aumento da taxa de juros que encarece d\u00edvidas e dificulta a compra de bens de maior valor\u201d, finaliza.\u00a0<\/p>\n\n\n\n<hr class=\"wp-block-separator has-alpha-channel-opacity is-style-default\"\/>\n","protected":false},"excerpt":{"rendered":"<p>O \u00cdndice de Confian\u00e7a do Consumidor (ICC), do Instituto Brasileiro de Economia da Funda\u00e7\u00e3o Getulio Vargas (FGV IBRE), sofreu um recuo de 5,1 pontos em janeiro, chegando aos 86,2 pontos, o que representa o menor n\u00edvel desde fevereiro de 2023 (85,7 pts.). O indicador tamb\u00e9m contou com queda de 2,2 pontos nas m\u00e9dias m\u00f3veis trimestrais, [&hellip;]<\/p>\n","protected":false},"author":1,"featured_media":5828,"comment_status":"closed","ping_status":"open","sticky":false,"template":"","format":"standard","meta":{"tdm_status":"","tdm_grid_status":"","footnotes":""},"categories":[153],"tags":[204,205,754,885],"class_list":["post-13103","post","type-post","status-publish","format-standard","has-post-thumbnail","hentry","category-noticias","tag-confianca","tag-consumidor","tag-fgv-ibre","tag-icc"],"amp_enabled":true,"_links":{"self":[{"href":"https:\/\/sincomavi.org.br\/index.php?rest_route=\/wp\/v2\/posts\/13103","targetHints":{"allow":["GET"]}}],"collection":[{"href":"https:\/\/sincomavi.org.br\/index.php?rest_route=\/wp\/v2\/posts"}],"about":[{"href":"https:\/\/sincomavi.org.br\/index.php?rest_route=\/wp\/v2\/types\/post"}],"author":[{"embeddable":true,"href":"https:\/\/sincomavi.org.br\/index.php?rest_route=\/wp\/v2\/users\/1"}],"replies":[{"embeddable":true,"href":"https:\/\/sincomavi.org.br\/index.php?rest_route=%2Fwp%2Fv2%2Fcomments&post=13103"}],"version-history":[{"count":1,"href":"https:\/\/sincomavi.org.br\/index.php?rest_route=\/wp\/v2\/posts\/13103\/revisions"}],"predecessor-version":[{"id":13104,"href":"https:\/\/sincomavi.org.br\/index.php?rest_route=\/wp\/v2\/posts\/13103\/revisions\/13104"}],"wp:featuredmedia":[{"embeddable":true,"href":"https:\/\/sincomavi.org.br\/index.php?rest_route=\/wp\/v2\/media\/5828"}],"wp:attachment":[{"href":"https:\/\/sincomavi.org.br\/index.php?rest_route=%2Fwp%2Fv2%2Fmedia&parent=13103"}],"wp:term":[{"taxonomy":"category","embeddable":true,"href":"https:\/\/sincomavi.org.br\/index.php?rest_route=%2Fwp%2Fv2%2Fcategories&post=13103"},{"taxonomy":"post_tag","embeddable":true,"href":"https:\/\/sincomavi.org.br\/index.php?rest_route=%2Fwp%2Fv2%2Ftags&post=13103"}],"curies":[{"name":"wp","href":"https:\/\/api.w.org\/{rel}","templated":true}]}}