{"id":13083,"date":"2025-01-21T10:12:24","date_gmt":"2025-01-21T13:12:24","guid":{"rendered":"https:\/\/sincomavi.org.br\/?p=13083"},"modified":"2025-01-21T10:12:25","modified_gmt":"2025-01-21T13:12:25","slug":"reforma-tributaria-2025-como-alinhar-estrategia-planejamento-e-orcamento","status":"publish","type":"post","link":"https:\/\/sincomavi.org.br\/?p=13083","title":{"rendered":"Reforma Tribut\u00e1ria 2025: como alinhar estrat\u00e9gia, planejamento e or\u00e7amento?"},"content":{"rendered":"\n<hr class=\"wp-block-separator has-alpha-channel-opacity is-style-default\"\/>\n\n\n<div class=\"wp-block-post-date\"><time datetime=\"2025-01-21T10:12:24-03:00\">21 de janeiro de 2025<\/time><\/div>\n\n\n<p><strong>Por Thais Borges, diretora comercial e de marketing da <a href=\"https:\/\/sincomavi.org.br\/?p=393\" target=\"_blank\" rel=\"noreferrer noopener\">Systax<\/a><\/strong>.<\/p>\n\n\n\n<p>A Reforma Tribut\u00e1ria tem sido um dos assuntos mais discutidos no meio corporativo, e n\u00e3o \u00e9 por menos. Com o per\u00edodo de transi\u00e7\u00e3o batendo \u00e0 porta em 2026, muitas empresas ainda n\u00e3o est\u00e3o preparadas para lidar com o impacto das mudan\u00e7as fiscais. Isso pode gerar desafios significativos, desde a revis\u00e3o de processos internos at\u00e9 a defini\u00e7\u00e3o de um or\u00e7amento estrat\u00e9gico para 2025.<\/p>\n\n\n\n<p>Estamos chegando \u00e0 virada do ano, um momento crucial para as empresas seguirem avaliando os impactos das mudan\u00e7as trazidas pela Reforma Tribut\u00e1ria. Essa an\u00e1lise \u00e9 indispens\u00e1vel para evitar custos inesperados e garantir a manuten\u00e7\u00e3o da competitividade em um cen\u00e1rio fiscal em constante transforma\u00e7\u00e3o. A grande quest\u00e3o \u00e9: as empresas est\u00e3o realmente preparadas para se adaptar e transformar essas mudan\u00e7as em oportunidades de crescimento?<\/p>\n\n\n\n<p>De acordo com um estudo recente da Systax, mais de 60% das empresas acreditam que ser\u00e3o diretamente impactadas pelas novas regras tribut\u00e1rias. N\u00e3o \u00e9 \u00e0 toa. A Reforma, com a implementa\u00e7\u00e3o do Imposto sobre Bens e Servi\u00e7os (IBS) e da Contribui\u00e7\u00e3o sobre Bens e Servi\u00e7os (CBS), representa uma mudan\u00e7a estrutural profunda que afetar\u00e1 desde a precifica\u00e7\u00e3o, at\u00e9 a reestrutura\u00e7\u00e3o das opera\u00e7\u00f5es.&nbsp;<\/p>\n\n\n\n<p>\u00c9 importante lembrar que as mudan\u00e7as trazidas pela Reforma Tribut\u00e1ria v\u00e3o muito al\u00e9m do impacto na carga tribut\u00e1ria. \u00c1reas como tecnologia da informa\u00e7\u00e3o (TI), jur\u00eddico, log\u00edstica, compras e outras precisam estar atentas, pois ser\u00e3o diretamente afetadas. Contratos de longo prazo e opera\u00e7\u00f5es recorrentes devem ser revisados para evitar conflitos futuros com os novos tributos e suas al\u00edquotas.<\/p>\n\n\n\n<p>Al\u00e9m disso, ajustes em sistemas e processos internos, bem como a contrata\u00e7\u00e3o de consultorias especializadas para mapear os impactos, s\u00e3o despesas que precisam ser cuidadosamente planejadas nos or\u00e7amentos dos pr\u00f3ximos anos, especialmente em 2025.<\/p>\n\n\n\n<p>Outro ponto cr\u00edtico \u00e9 a alta demanda por prestadores de servi\u00e7os especializados nesse segmento. A oferta limitada de consultorias, combinada com a concentra\u00e7\u00e3o de demanda em algumas regi\u00f5es, pode levar \u00e0 escassez de profissionais qualificados e \u00e0 eleva\u00e7\u00e3o dos custos desses servi\u00e7os. Para as empresas que deixam a adequa\u00e7\u00e3o para a \u00faltima hora, o pre\u00e7o pode ser ainda mais alto, comprometendo o equil\u00edbrio financeiro e a efici\u00eancia operacional. Sem falar nas multas pesadas que poder\u00e3o ser aplicadas \u00e0s companhias que n\u00e3o estiverem em conformidade quando os novos tributos come\u00e7arem a vigorar.<\/p>\n\n\n\n<p>A transforma\u00e7\u00e3o digital na \u00e1rea fiscal j\u00e1 vinha ganhando for\u00e7a nos \u00faltimos anos, mas a Reforma Tribut\u00e1ria deve acelerar esse processo de forma decisiva. Em um cen\u00e1rio de transi\u00e7\u00e3o, a tecnologia deixa de ser um diferencial estrat\u00e9gico e passa a ser indispens\u00e1vel para enfrentar as complexidades de atuar com dois regimes tribut\u00e1rios.<\/p>\n\n\n\n<p>Ferramentas de automa\u00e7\u00e3o de processos, intelig\u00eancia artificial e an\u00e1lise de dados permitem agilizar o mapeamento dos impactos para ajustar processos internos e garantir conformidade com agilidade e precis\u00e3o. Al\u00e9m disso, possibilitam o monitoramento cont\u00ednuo das mudan\u00e7as regulat\u00f3rias, reduzindo riscos e ampliando a efici\u00eancia das \u00e1reas envolvidas.<\/p>\n\n\n\n<p>Mais do que cumprir prazos ou evitar erros, a aplica\u00e7\u00e3o dessas tecnologias integra diferentes setores da empresa, centraliza informa\u00e7\u00f5es e gera insights estrat\u00e9gicos. Isso n\u00e3o apenas facilita a adapta\u00e7\u00e3o \u00e0s novas exig\u00eancias, mas tamb\u00e9m impulsiona a efici\u00eancia operacional, reduz custos e fortalece a competitividade em um ambiente de constantes transforma\u00e7\u00f5es.<\/p>\n\n\n\n<p>Outro ponto crucial \u00e9 a necessidade de revisar o planejamento estrat\u00e9gico \u00e0 luz das mudan\u00e7as estruturais no sistema tribut\u00e1rio. A tributa\u00e7\u00e3o no destino e o fim da diferencia\u00e7\u00e3o entre bens e servi\u00e7os demandam ajustes significativos, especialmente na estrat\u00e9gia comercial e na gest\u00e3o financeira. Incorporar previs\u00f5es de al\u00edquotas e bases tribut\u00e1rias desde j\u00e1 \u00e9 uma atitude prudente para mitigar turbul\u00eancias or\u00e7ament\u00e1rias em 2025.<\/p>\n\n\n\n<p>Ignorar essas implica\u00e7\u00f5es pode levar a atrasos, custos extras e perda de competitividade. Para se manterem \u00e0 frente, as empresas precisam agir agora e j\u00e1 prever em seus or\u00e7amentos investimento em tecnologia, consultorias especializadas e revis\u00e3o de processos. Embora o cen\u00e1rio futuro seja desafiador, quem se antecipar estar\u00e1 melhor posicionado para transformar as mudan\u00e7as em oportunidades de crescimento, inova\u00e7\u00e3o e consolida\u00e7\u00e3o no mercado.<\/p>\n\n\n\n<hr class=\"wp-block-separator has-alpha-channel-opacity is-style-default\"\/>\n","protected":false},"excerpt":{"rendered":"<p>Por Thais Borges, diretora comercial e de marketing da Systax. A Reforma Tribut\u00e1ria tem sido um dos assuntos mais discutidos no meio corporativo, e n\u00e3o \u00e9 por menos. Com o per\u00edodo de transi\u00e7\u00e3o batendo \u00e0 porta em 2026, muitas empresas ainda n\u00e3o est\u00e3o preparadas para lidar com o impacto das mudan\u00e7as fiscais. Isso pode gerar [&hellip;]<\/p>\n","protected":false},"author":1,"featured_media":13084,"comment_status":"closed","ping_status":"open","sticky":false,"template":"","format":"standard","meta":{"tdm_status":"","tdm_grid_status":"","footnotes":""},"categories":[210],"tags":[1422,199,32,285,307,284,1009,38,200],"class_list":["post-13083","post","type-post","status-publish","format-standard","has-post-thumbnail","hentry","category-artigos","tag-cbs","tag-comercio","tag-gestao","tag-ibs","tag-planejamento","tag-reforma-tributaria","tag-systax","tag-tributos","tag-varejo"],"amp_enabled":true,"_links":{"self":[{"href":"https:\/\/sincomavi.org.br\/index.php?rest_route=\/wp\/v2\/posts\/13083","targetHints":{"allow":["GET"]}}],"collection":[{"href":"https:\/\/sincomavi.org.br\/index.php?rest_route=\/wp\/v2\/posts"}],"about":[{"href":"https:\/\/sincomavi.org.br\/index.php?rest_route=\/wp\/v2\/types\/post"}],"author":[{"embeddable":true,"href":"https:\/\/sincomavi.org.br\/index.php?rest_route=\/wp\/v2\/users\/1"}],"replies":[{"embeddable":true,"href":"https:\/\/sincomavi.org.br\/index.php?rest_route=%2Fwp%2Fv2%2Fcomments&post=13083"}],"version-history":[{"count":1,"href":"https:\/\/sincomavi.org.br\/index.php?rest_route=\/wp\/v2\/posts\/13083\/revisions"}],"predecessor-version":[{"id":13085,"href":"https:\/\/sincomavi.org.br\/index.php?rest_route=\/wp\/v2\/posts\/13083\/revisions\/13085"}],"wp:featuredmedia":[{"embeddable":true,"href":"https:\/\/sincomavi.org.br\/index.php?rest_route=\/wp\/v2\/media\/13084"}],"wp:attachment":[{"href":"https:\/\/sincomavi.org.br\/index.php?rest_route=%2Fwp%2Fv2%2Fmedia&parent=13083"}],"wp:term":[{"taxonomy":"category","embeddable":true,"href":"https:\/\/sincomavi.org.br\/index.php?rest_route=%2Fwp%2Fv2%2Fcategories&post=13083"},{"taxonomy":"post_tag","embeddable":true,"href":"https:\/\/sincomavi.org.br\/index.php?rest_route=%2Fwp%2Fv2%2Ftags&post=13083"}],"curies":[{"name":"wp","href":"https:\/\/api.w.org\/{rel}","templated":true}]}}