{"id":13061,"date":"2025-01-15T11:18:04","date_gmt":"2025-01-15T14:18:04","guid":{"rendered":"https:\/\/sincomavi.org.br\/?p=13061"},"modified":"2025-01-15T11:18:06","modified_gmt":"2025-01-15T14:18:06","slug":"contas-em-atraso-em-sao-paulo-sofrem-queda","status":"publish","type":"post","link":"https:\/\/sincomavi.org.br\/?p=13061","title":{"rendered":"Contas em atraso em S\u00e3o Paulo sofrem queda\u00a0"},"content":{"rendered":"\n<hr class=\"wp-block-separator has-alpha-channel-opacity is-style-default\"\/>\n\n\n<div class=\"wp-block-post-date\"><time datetime=\"2025-01-15T11:18:04-03:00\">15 de janeiro de 2025<\/time><\/div>\n\n\n<p>A Pesquisa de Endividamento e Inadimpl\u00eancia do Consumidor (PEIC), da Federa\u00e7\u00e3o do Com\u00e9rcio de Bens, Servi\u00e7os e Turismo do Estado de S\u00e3o Paulo (FecomercioSP), verificou que houve em dezembro&nbsp; um recuo na parcela de fam\u00edlias endividadas e inadimplentes em compara\u00e7\u00e3o ao mesmo m\u00eas de 2023. 68,2% das fam\u00edlias declararam no per\u00edodo analisado ter d\u00edvidas e 19,5% afirmaram ter contas em atraso, queda de 3,2 pontos porcentuais (p.p.) em rela\u00e7\u00e3o a dezembro de 2023\u2014 o que significa 124,2 mil lares a menos nessa situa\u00e7\u00e3o.<\/p>\n\n\n\n<p class=\"has-text-align-center\"><strong>PESQUISA DE ENDIVIDAMENTO E INADIMPL\u00caNCIA DO CONSUMIDOR (PEIC)<br>Dezembro de 2024<\/strong><\/p>\n\n\n<style>.kb-image13061_a0c912-b0 .kb-image-has-overlay:after{opacity:0.3;}<\/style>\n<figure class=\"wp-block-kadence-image kb-image13061_a0c912-b0 size-large\"><img loading=\"lazy\" decoding=\"async\" width=\"1024\" height=\"633\" src=\"https:\/\/sincomavi.org.br\/wp-content\/uploads\/2025\/01\/feco1-1024x633.png\" alt=\"\" class=\"kb-img wp-image-13062\" srcset=\"https:\/\/sincomavi.org.br\/wp-content\/uploads\/2025\/01\/feco1-1024x633.png 1024w, https:\/\/sincomavi.org.br\/wp-content\/uploads\/2025\/01\/feco1-300x185.png 300w, https:\/\/sincomavi.org.br\/wp-content\/uploads\/2025\/01\/feco1-768x474.png 768w, https:\/\/sincomavi.org.br\/wp-content\/uploads\/2025\/01\/feco1-680x420.png 680w, https:\/\/sincomavi.org.br\/wp-content\/uploads\/2025\/01\/feco1-640x395.png 640w, https:\/\/sincomavi.org.br\/wp-content\/uploads\/2025\/01\/feco1-681x421.png 681w, https:\/\/sincomavi.org.br\/wp-content\/uploads\/2025\/01\/feco1.png 1402w\" sizes=\"auto, (max-width: 1024px) 100vw, 1024px\" \/><\/figure>\n\n\n\n<p class=\"has-text-align-right\"><strong>Fonte: FecomercioSP<\/strong><\/p>\n\n\n\n<p>Entre os pontos atribu\u00eddos para esse resultado est\u00e3o o desempenho do mercado de trabalho e a infla\u00e7\u00e3o, que, at\u00e9 os \u00faltimos meses do ano, permanecia dentro da meta. O estudo da FecomercioSP informa ainda que, apesar do aumento da taxa de juros, o cen\u00e1rio deve permanecer sustent\u00e1vel, mantendo o endividamento e a inadimpl\u00eancia sob controle ao menos at\u00e9 a metade deste ano.<\/p>\n\n\n\n<p>Outro dado levantado foi a taxa de endividamento. Em dezembro, 2,78 milh\u00f5es de fam\u00edlias se encontravam nessa situa\u00e7\u00e3o \u2014 com oscila\u00e7\u00f5es durante o ano, em maio chegou a 71,7%. No entanto, o prazo m\u00e9dio de comprometimento de d\u00edvidas sofreu redu\u00e7\u00e3o ao longo do ano: de 8 meses, no come\u00e7o de 2024, para 7,4 meses, em dezembro. J\u00e1 o indicador do porcentual de renda comprometida com as d\u00edvidas revela mais sa\u00fade financeira das fam\u00edlias e mais depend\u00eancia de rendimentos pr\u00f3prios para sustentar o consumo, com a queda para 29,4%<\/p>\n\n\n\n<p>O cart\u00e3o de cr\u00e9dito permaneceu sendo em dezembro o principal detentor das d\u00edvidas das fam\u00edlias paulistanas, com 82,6%, seguido pelo cr\u00e9dito pessoal com 15,2%.&nbsp;<\/p>\n\n\n\n<p class=\"has-text-align-center\"><strong>(PEIC) TIPOS DE D\u00cdVIDA<br>Dezembro de 2024<\/strong><\/p>\n\n\n<style>.kb-image13061_d8c2c7-ce .kb-image-has-overlay:after{opacity:0.3;}<\/style>\n<div class=\"wp-block-kadence-image kb-image13061_d8c2c7-ce\"><figure class=\"aligncenter size-full\"><img loading=\"lazy\" decoding=\"async\" width=\"756\" height=\"350\" src=\"https:\/\/sincomavi.org.br\/wp-content\/uploads\/2025\/01\/feco2.png\" alt=\"\" class=\"kb-img wp-image-13063\" srcset=\"https:\/\/sincomavi.org.br\/wp-content\/uploads\/2025\/01\/feco2.png 756w, https:\/\/sincomavi.org.br\/wp-content\/uploads\/2025\/01\/feco2-300x139.png 300w, https:\/\/sincomavi.org.br\/wp-content\/uploads\/2025\/01\/feco2-640x296.png 640w, https:\/\/sincomavi.org.br\/wp-content\/uploads\/2025\/01\/feco2-681x315.png 681w\" sizes=\"auto, (max-width: 756px) 100vw, 756px\" \/><\/figure><\/div>\n\n\n\n<p class=\"has-text-align-right\"><strong>Fonte: FecomercioSP<\/strong><\/p>\n\n\n\n<hr class=\"wp-block-separator has-alpha-channel-opacity is-style-default\"\/>\n","protected":false},"excerpt":{"rendered":"<p>A Pesquisa de Endividamento e Inadimpl\u00eancia do Consumidor (PEIC), da Federa\u00e7\u00e3o do Com\u00e9rcio de Bens, Servi\u00e7os e Turismo do Estado de S\u00e3o Paulo (FecomercioSP), verificou que houve em dezembro&nbsp; um recuo na parcela de fam\u00edlias endividadas e inadimplentes em compara\u00e7\u00e3o ao mesmo m\u00eas de 2023. 68,2% das fam\u00edlias declararam no per\u00edodo analisado ter d\u00edvidas e [&hellip;]<\/p>\n","protected":false},"author":1,"featured_media":13064,"comment_status":"closed","ping_status":"open","sticky":false,"template":"","format":"standard","meta":{"tdm_status":"","tdm_grid_status":"","footnotes":""},"categories":[153],"tags":[199,1027,156,410,620,160,200,75],"class_list":["post-13061","post","type-post","status-publish","format-standard","has-post-thumbnail","hentry","category-noticias","tag-comercio","tag-dividas","tag-economia","tag-inadimplencia","tag-levantamento","tag-pesquisa","tag-varejo","tag-vendas"],"amp_enabled":true,"_links":{"self":[{"href":"https:\/\/sincomavi.org.br\/index.php?rest_route=\/wp\/v2\/posts\/13061","targetHints":{"allow":["GET"]}}],"collection":[{"href":"https:\/\/sincomavi.org.br\/index.php?rest_route=\/wp\/v2\/posts"}],"about":[{"href":"https:\/\/sincomavi.org.br\/index.php?rest_route=\/wp\/v2\/types\/post"}],"author":[{"embeddable":true,"href":"https:\/\/sincomavi.org.br\/index.php?rest_route=\/wp\/v2\/users\/1"}],"replies":[{"embeddable":true,"href":"https:\/\/sincomavi.org.br\/index.php?rest_route=%2Fwp%2Fv2%2Fcomments&post=13061"}],"version-history":[{"count":1,"href":"https:\/\/sincomavi.org.br\/index.php?rest_route=\/wp\/v2\/posts\/13061\/revisions"}],"predecessor-version":[{"id":13065,"href":"https:\/\/sincomavi.org.br\/index.php?rest_route=\/wp\/v2\/posts\/13061\/revisions\/13065"}],"wp:featuredmedia":[{"embeddable":true,"href":"https:\/\/sincomavi.org.br\/index.php?rest_route=\/wp\/v2\/media\/13064"}],"wp:attachment":[{"href":"https:\/\/sincomavi.org.br\/index.php?rest_route=%2Fwp%2Fv2%2Fmedia&parent=13061"}],"wp:term":[{"taxonomy":"category","embeddable":true,"href":"https:\/\/sincomavi.org.br\/index.php?rest_route=%2Fwp%2Fv2%2Fcategories&post=13061"},{"taxonomy":"post_tag","embeddable":true,"href":"https:\/\/sincomavi.org.br\/index.php?rest_route=%2Fwp%2Fv2%2Ftags&post=13061"}],"curies":[{"name":"wp","href":"https:\/\/api.w.org\/{rel}","templated":true}]}}