{"id":13047,"date":"2025-01-14T09:24:52","date_gmt":"2025-01-14T12:24:52","guid":{"rendered":"https:\/\/sincomavi.org.br\/?p=13047"},"modified":"2025-01-14T09:24:53","modified_gmt":"2025-01-14T12:24:53","slug":"indicadores-apresentam-quadros-opostos-nas-vendas-do-comercio","status":"publish","type":"post","link":"https:\/\/sincomavi.org.br\/?p=13047","title":{"rendered":"Indicadores apresentam quadros opostos nas vendas do com\u00e9rcio"},"content":{"rendered":"\n<hr class=\"wp-block-separator has-alpha-channel-opacity is-style-default\"\/>\n\n\n<div class=\"wp-block-post-date\"><time datetime=\"2025-01-14T09:24:52-03:00\">14 de janeiro de 2025<\/time><\/div>\n\n\n<p>O \u00cdndice do Varejo Stone (IVS) contou em dezembro com uma retra\u00e7\u00e3o de 3,5%, tendo como base de compara\u00e7\u00e3o o m\u00eas anterior. J\u00e1 em rela\u00e7\u00e3o ao mesmo per\u00edodo de 2023, o indicador sofreu uma queda de 1,7%.&nbsp;<\/p>\n\n\n\n<p>O levantamento revela ainda que&nbsp; o varejo de material de constru\u00e7\u00e3o acompanhou o movimento geral e caiu 1,7% no m\u00eas. Em doze meses, o setor tamb\u00e9m recuou em 0,2%.&nbsp;<\/p>\n\n\n\n<p>Na segmenta\u00e7\u00e3o por tipo de com\u00e9rcio, enquanto o digital contou\u00a0 com avan\u00e7o mensal de 3,4%, o f\u00edsico registrou queda de 4,2%. No desempenho anual, o com\u00e9rcio digital tamb\u00e9m reportou alta de 7,7%, e o com\u00e9rcio f\u00edsico teve uma retra\u00e7\u00e3o de 2,1%.<\/p>\n\n\n\n<h2 class=\"wp-block-heading\">\u00cdndice IGet registra alta<\/h2>\n\n\n\n<p>O IGet Varejo, \u00edndice desenvolvido pelo departamento econ\u00f4mico do Santander no Brasil em parceria com a Getnet, verificou aumento na demanda no varejo de 0,2% em dezembro. O IGet Varejo Restrito, que acompanha categorias do varejo com produtos de consumo recorrente e bens dur\u00e1veis, subiu 6,4% na compara\u00e7\u00e3o anual. Esse resultado foi sustentado, sobretudo, pelo bom desempenho de supermercados (+4,1% no m\u00eas), artigos farmac\u00eauticos (+1,0% no m\u00eas) e combust\u00edveis (+0,9% no m\u00eas). \u201cEm dezembro, o segmento de supermercados se manteve como destaque, impulsionado pelas datas festivas\u201d, ressalta Fabio Coelho, vice-presidente de Finan\u00e7as da Getnet. \u201cEmbora o menor crescimento econ\u00f4mico possa impactar o varejo, o mercado de trabalho aquecido deve evitar uma desacelera\u00e7\u00e3o mais acentuada&#8221;.<\/p>\n\n\n\n<hr class=\"wp-block-separator has-alpha-channel-opacity is-style-default\"\/>\n","protected":false},"excerpt":{"rendered":"<p>O \u00cdndice do Varejo Stone (IVS) contou em dezembro com uma retra\u00e7\u00e3o de 3,5%, tendo como base de compara\u00e7\u00e3o o m\u00eas anterior. J\u00e1 em rela\u00e7\u00e3o ao mesmo per\u00edodo de 2023, o indicador sofreu uma queda de 1,7%.&nbsp; O levantamento revela ainda que&nbsp; o varejo de material de constru\u00e7\u00e3o acompanhou o movimento geral e caiu 1,7% [&hellip;]<\/p>\n","protected":false},"author":1,"featured_media":9762,"comment_status":"closed","ping_status":"open","sticky":false,"template":"","format":"standard","meta":{"tdm_status":"","tdm_grid_status":"","footnotes":""},"categories":[153],"tags":[199,156,620,158,160,200,75],"class_list":["post-13047","post","type-post","status-publish","format-standard","has-post-thumbnail","hentry","category-noticias","tag-comercio","tag-economia","tag-levantamento","tag-material-de-construcao","tag-pesquisa","tag-varejo","tag-vendas"],"amp_enabled":true,"_links":{"self":[{"href":"https:\/\/sincomavi.org.br\/index.php?rest_route=\/wp\/v2\/posts\/13047","targetHints":{"allow":["GET"]}}],"collection":[{"href":"https:\/\/sincomavi.org.br\/index.php?rest_route=\/wp\/v2\/posts"}],"about":[{"href":"https:\/\/sincomavi.org.br\/index.php?rest_route=\/wp\/v2\/types\/post"}],"author":[{"embeddable":true,"href":"https:\/\/sincomavi.org.br\/index.php?rest_route=\/wp\/v2\/users\/1"}],"replies":[{"embeddable":true,"href":"https:\/\/sincomavi.org.br\/index.php?rest_route=%2Fwp%2Fv2%2Fcomments&post=13047"}],"version-history":[{"count":1,"href":"https:\/\/sincomavi.org.br\/index.php?rest_route=\/wp\/v2\/posts\/13047\/revisions"}],"predecessor-version":[{"id":13048,"href":"https:\/\/sincomavi.org.br\/index.php?rest_route=\/wp\/v2\/posts\/13047\/revisions\/13048"}],"wp:featuredmedia":[{"embeddable":true,"href":"https:\/\/sincomavi.org.br\/index.php?rest_route=\/wp\/v2\/media\/9762"}],"wp:attachment":[{"href":"https:\/\/sincomavi.org.br\/index.php?rest_route=%2Fwp%2Fv2%2Fmedia&parent=13047"}],"wp:term":[{"taxonomy":"category","embeddable":true,"href":"https:\/\/sincomavi.org.br\/index.php?rest_route=%2Fwp%2Fv2%2Fcategories&post=13047"},{"taxonomy":"post_tag","embeddable":true,"href":"https:\/\/sincomavi.org.br\/index.php?rest_route=%2Fwp%2Fv2%2Ftags&post=13047"}],"curies":[{"name":"wp","href":"https:\/\/api.w.org\/{rel}","templated":true}]}}