{"id":13037,"date":"2025-01-13T09:57:46","date_gmt":"2025-01-13T12:57:46","guid":{"rendered":"https:\/\/sincomavi.org.br\/?p=13037"},"modified":"2025-01-13T09:57:48","modified_gmt":"2025-01-13T12:57:48","slug":"matcons-avanco-timido-em-novembro-no-estado-de-sao-paulo","status":"publish","type":"post","link":"https:\/\/sincomavi.org.br\/?p=13037","title":{"rendered":"Matcons: avan\u00e7o t\u00edmido em novembro no Estado de S\u00e3o Paulo"},"content":{"rendered":"\n<hr class=\"wp-block-separator has-alpha-channel-opacity is-style-default\"\/>\n\n\n<div class=\"wp-block-post-date\"><time datetime=\"2025-01-13T09:57:46-03:00\">13 de janeiro de 2025<\/time><\/div>\n\n\n<p>Mesmo sendo o sexto resultado positivo mensal seguido, o avan\u00e7o registrado em novembro no volume de vendas no com\u00e9rcio de material de constru\u00e7\u00e3o no Estado de S\u00e3o Paulo, conforme dados da Pesquisa Mensal do Com\u00e9rcio do Instituto Brasileiro de Geografia e Estat\u00edstica (PMC\/IBGE),&nbsp; n\u00e3o se mostra muito animador. Neste d\u00e9cimo primeiro m\u00eas do ano houve um aumento nas vendas de 0,7% no indicador em \u00e2mbito estadual, abaixo dos 3,2% de crescimento verificado em n\u00edvel nacional. As compara\u00e7\u00f5es todas s\u00e3o feitas contra os mesmos meses de 2023.&nbsp;&nbsp;<\/p>\n\n\n\n<h3 class=\"wp-block-heading has-text-align-center\"><strong>Evolu\u00e7\u00e3o mensal do \u00edndice de volume de vendas do com\u00e9rcio de material de constru\u00e7\u00e3o \u2013 M\u00eas contra mesmo m\u00eas do ano anterior<\/strong><\/h3>\n\n\n\n<p class=\"has-text-align-center\"><img loading=\"lazy\" decoding=\"async\" width=\"567\" height=\"372\" src=\"https:\/\/lh7-rt.googleusercontent.com\/docsz\/AD_4nXe3HtRRxZjy3R4fV-S2DUYZZ9R7fpmYsjIV2j7ThqU-I4GBIgFcMDJCOln-3hqZF3If9q638vbH1izXUuyYBY6pR8Bfe8SK4Mz6u7T5B2tRUTHwGxcBYBzh-zyJUwD2sDCAJf7TPPuOaSNh0s9dtWU?key=IleCW7xZwVgXAH2vHkD5RmtJ\"><\/p>\n\n\n\n<p class=\"has-text-align-right\"><strong>Fonte: PMC\/IBGE<\/strong><\/p>\n\n\n\n<p>Mesmo com um desempenho mais arrefecido que a compara\u00e7\u00e3o dos meses anteriores, a eleva\u00e7\u00e3o nos n\u00fameros de novembro \u00e9 o sexta consecutiva no indicador, que agora acumula de janeiro a novembro um avan\u00e7o de 4,8% no Brasil e 5,7% na economia paulista. J\u00e1 considerando o desempenho acumulado em 12 meses, conforme o gr\u00e1fico abaixo, h\u00e1 um aumento de 4,9% no estado, contra 4,3% no territ\u00f3rio nacional.&nbsp;&nbsp;<\/p>\n\n\n\n<h3 class=\"wp-block-heading has-text-align-center\"><strong>Evolu\u00e7\u00e3o do \u00edndice de volume de vendas do com\u00e9rcio de material de constru\u00e7\u00e3o do Estado de S\u00e3o Paulo \u2013 Taxa acumulada de 12 meses<\/strong><\/h3>\n\n\n\n<p class=\"has-text-align-center\"><img loading=\"lazy\" decoding=\"async\" width=\"577\" height=\"373\" src=\"https:\/\/lh7-rt.googleusercontent.com\/docsz\/AD_4nXeoBRgyoisgInyD7UJpYrHW26MpVeSHQ3DbJt1xIrr_ZMT_5NSEeXF2A8MpeUH7QowzjbgMJ7stEJPlL65anI886_tYpzGraxRqNJkfsm5DYCo7rUgfjm9HnsVABc00afSuMW7FCzUQTfQL_BbnhFY?key=IleCW7xZwVgXAH2vHkD5RmtJ\"><\/p>\n\n\n\n<p class=\"has-text-align-right\"><strong>Fonte: PMC\/IBGE<\/strong><\/p>\n\n\n\n<p>O economista Jaime Vasconcellos ressalta que os resultados de novembro se mostram em conson\u00e2ncia com um cen\u00e1rio sustentado de recupera\u00e7\u00e3o no volume de vendas de materiais de constru\u00e7\u00e3o no estado de S\u00e3o Paulo e no pa\u00eds. \u201cAs varia\u00e7\u00f5es mais t\u00edmidas que as vistas nos outros meses se d\u00e3o por certa acomoda\u00e7\u00e3o do indicador, principalmente quando comparado a uma base tamb\u00e9m mais est\u00e1vel de varia\u00e7\u00e3o, que foi novembro de 2023\u201d, explica. E complementa: \u201cisso n\u00e3o retira a tend\u00eancia de melhores n\u00fameros acumulados no ano e em 12 meses, resposta advinda de um cen\u00e1rio mais favor\u00e1vel ao consumo, assegurado pelo avan\u00e7o de emprego, renda e cr\u00e9dito\u201d. Ele lembra que n\u00e3o h\u00e1 expectativas de que tal cen\u00e1rio mude drasticamente para os pr\u00f3ximos meses, ainda que a infla\u00e7\u00e3o mais persistente, os juros em ascens\u00e3o e o n\u00edvel de crescimento mais arrefecido no mercado de trabalho acabem por gerar uma tend\u00eancia de desacelera\u00e7\u00e3o nas varia\u00e7\u00f5es mais significativas no volume de vendas do segmento comercial de material de constru\u00e7\u00e3o.&nbsp;<\/p>\n\n\n\n<p class=\"has-small-font-size\">OBS: O Volume de Vendas observado pela PMC resulta da defla\u00e7\u00e3o dos valores nominais correntes da receita bruta de revenda por \u00edndices de pre\u00e7os espec\u00edficos para cada grupo de atividade, e para cada Unidade da Federa\u00e7\u00e3o, constru\u00eddos a partir dos relativos de pre\u00e7os do IPCA e do Sistema Nacional de Pesquisa de Custos e \u00cdndices da Constru\u00e7\u00e3o Civil \u2013 SINAPI. A pesquisa tamb\u00e9m avalia apenas empresas com 20 ocupados ou mais.&nbsp;<\/p>\n\n\n\n<hr class=\"wp-block-separator has-alpha-channel-opacity is-style-default\"\/>\n","protected":false},"excerpt":{"rendered":"<p>Mesmo sendo o sexto resultado positivo mensal seguido, o avan\u00e7o registrado em novembro no volume de vendas no com\u00e9rcio de material de constru\u00e7\u00e3o no Estado de S\u00e3o Paulo, conforme dados da Pesquisa Mensal do Com\u00e9rcio do Instituto Brasileiro de Geografia e Estat\u00edstica (PMC\/IBGE),&nbsp; n\u00e3o se mostra muito animador. Neste d\u00e9cimo primeiro m\u00eas do ano houve [&hellip;]<\/p>\n","protected":false},"author":1,"featured_media":13038,"comment_status":"closed","ping_status":"open","sticky":false,"template":"","format":"standard","meta":{"tdm_status":"","tdm_grid_status":"","footnotes":""},"categories":[153],"tags":[199,156,632,620,158,160,1319,200,75],"class_list":["post-13037","post","type-post","status-publish","format-standard","has-post-thumbnail","hentry","category-noticias","tag-comercio","tag-economia","tag-estudo-setorial","tag-levantamento","tag-material-de-construcao","tag-pesquisa","tag-pmc-ibge","tag-varejo","tag-vendas"],"amp_enabled":true,"_links":{"self":[{"href":"https:\/\/sincomavi.org.br\/index.php?rest_route=\/wp\/v2\/posts\/13037","targetHints":{"allow":["GET"]}}],"collection":[{"href":"https:\/\/sincomavi.org.br\/index.php?rest_route=\/wp\/v2\/posts"}],"about":[{"href":"https:\/\/sincomavi.org.br\/index.php?rest_route=\/wp\/v2\/types\/post"}],"author":[{"embeddable":true,"href":"https:\/\/sincomavi.org.br\/index.php?rest_route=\/wp\/v2\/users\/1"}],"replies":[{"embeddable":true,"href":"https:\/\/sincomavi.org.br\/index.php?rest_route=%2Fwp%2Fv2%2Fcomments&post=13037"}],"version-history":[{"count":1,"href":"https:\/\/sincomavi.org.br\/index.php?rest_route=\/wp\/v2\/posts\/13037\/revisions"}],"predecessor-version":[{"id":13039,"href":"https:\/\/sincomavi.org.br\/index.php?rest_route=\/wp\/v2\/posts\/13037\/revisions\/13039"}],"wp:featuredmedia":[{"embeddable":true,"href":"https:\/\/sincomavi.org.br\/index.php?rest_route=\/wp\/v2\/media\/13038"}],"wp:attachment":[{"href":"https:\/\/sincomavi.org.br\/index.php?rest_route=%2Fwp%2Fv2%2Fmedia&parent=13037"}],"wp:term":[{"taxonomy":"category","embeddable":true,"href":"https:\/\/sincomavi.org.br\/index.php?rest_route=%2Fwp%2Fv2%2Fcategories&post=13037"},{"taxonomy":"post_tag","embeddable":true,"href":"https:\/\/sincomavi.org.br\/index.php?rest_route=%2Fwp%2Fv2%2Ftags&post=13037"}],"curies":[{"name":"wp","href":"https:\/\/api.w.org\/{rel}","templated":true}]}}