{"id":13024,"date":"2025-01-09T10:03:00","date_gmt":"2025-01-09T13:03:00","guid":{"rendered":"https:\/\/sincomavi.org.br\/?p=13024"},"modified":"2025-01-08T14:26:00","modified_gmt":"2025-01-08T17:26:00","slug":"varejo-de-matcons-perde-vagas-de-trabalho-pelo-segundo-mes-consecutivo","status":"publish","type":"post","link":"https:\/\/sincomavi.org.br\/?p=13024","title":{"rendered":"Varejo de matcons perde vagas de trabalho pelo segundo m\u00eas consecutivo"},"content":{"rendered":"\n<hr class=\"wp-block-separator has-alpha-channel-opacity is-style-default\"\/>\n\n\n<div class=\"wp-block-post-date\"><time datetime=\"2025-01-09T10:03:00-03:00\">9 de janeiro de 2025<\/time><\/div>\n\n\n<p>O mercado de trabalho do varejo de material de constru\u00e7\u00e3o apresentou novamente mais desligamentos que admiss\u00f5es na Regi\u00e3o Metropolitana de S\u00e3o Paulo (RMSP), segundo o Novo Cadastro Geral de Empregados e Desempregados (Novo Caged). Os n\u00fameros s\u00e3o de novembro, quando foi registrado um saldo negativo de 25 vagas, resultado de 3.270 admiss\u00f5es e 3.295 desligamentos. Este recuo, inclusive, ocorreu ap\u00f3s a perda de outras 374 no m\u00eas de outubro.&nbsp;<\/p>\n\n\n\n<p>Na capital paulista o cen\u00e1rio foi similar, isto \u00e9, os 201 v\u00ednculos empregat\u00edcios com carteira assinada extintos em outubro somaram-se \u00e0 perda de outros 101 nesta \u00faltima divulga\u00e7\u00e3o do Caged.&nbsp;<\/p>\n\n\n\n<h3 class=\"wp-block-heading has-text-align-center\"><strong>Evolu\u00e7\u00e3o do saldo de empregos do varejo de material de constru\u00e7\u00e3o \u2013 RMSP e S\u00e3o Paulo\/SP<\/strong><\/h3>\n\n\n\n<p class=\"has-text-align-center\"><img loading=\"lazy\" decoding=\"async\" width=\"553\" height=\"352\" src=\"https:\/\/lh7-rt.googleusercontent.com\/docsz\/AD_4nXfvvIBeO6a7YXlsVj2Gem-LrNxA6isOqkuwA63hiE5i2g9NSDRjtQxMJ9oYrG0s0LZQ0x55J5gX8lUgwLmiYK0kpR_88vtSF-8zlQ2_wfJlAPwC7fdcx7nTDHp7jKMqsOn0BmZAOdfR0-rv9JR9vFM?key=VzmL7lR1sSk3_oRHE8uJ0G6l\"><\/p>\n\n\n\n<p class=\"has-text-align-right\"><strong>Fonte: Caged<\/strong><\/p>\n\n\n\n<p>Dentre os segmentos analisados, o com\u00e9rcio varejista de material de constru\u00e7\u00e3o respondeu isoladamente por esse retrocesso de 25 vagas na soma dos ramos econ\u00f4micos ao perder 123 postos de trabalho no per\u00edodo. Este foi o \u00fanico grupo com saldo negativo em novembro. Por outro lado, em n\u00fameros absolutos, o destaque positivo ficou para os estabelecimentos de material hidr\u00e1ulico, com acr\u00e9scimo de 25 vagas.<\/p>\n\n\n\n<p class=\"has-text-align-center\"><img loading=\"lazy\" decoding=\"async\" width=\"546\" height=\"284\" src=\"https:\/\/lh7-rt.googleusercontent.com\/docsz\/AD_4nXcWPhBs5IAKX6o2qmyRJvf7x-RCzVQZG1on6EmhjbdeUlk2n4wPFtPhgYTNBRTFXGxGxyRYgtmmljKHIccd_CsHlXdvNsRgweqaz6udwhbE1jO86hoWvzvPJ_8DaYdbNgQfOkxV19wJRV6gjPOTgRM?key=VzmL7lR1sSk3_oRHE8uJ0G6l\"><\/p>\n\n\n\n<p>Mesmo com dois meses no negativo, no acumulado dos onze primeiros meses de 2024, o setor somou cerca de 2,2 mil empregos ao mercado de trabalho da RMSP, que \u00e9 formado por quase 97 mil v\u00ednculos ativos. Dentre os segmentos avaliados, os destaques s\u00e3o o varejo de ferragens e ferramentas, com +644 vagas, e o de madeira e artefatos, com acr\u00e9scimo de 422 vagas.<\/p>\n\n\n\n<p class=\"has-text-align-center\"><img loading=\"lazy\" decoding=\"async\" width=\"516\" height=\"304\" src=\"https:\/\/lh7-rt.googleusercontent.com\/docsz\/AD_4nXcVElbJipbjam__bKkpOOiXwEERwFSjiAsGyZg-ElNsA_9rx5Mgo3ztAFluwGQ7rNHS2bBdTzTYj2aADuDXWLgdglflylZqmnDucVNCUfGhMj8Pcnv3fFXnhvcXhgXGSnb6uE0txB-m0BpSc7siAq0?key=VzmL7lR1sSk3_oRHE8uJ0G6l\"><\/p>\n\n\n\n<p>O economista Jaime Vasconcellos, comenta que, depois de um forte saldo negativo de vagas em outubro, a redu\u00e7\u00e3o de 25 vagas no m\u00eas seguinte aponta para praticamente uma estabilidade num mercado de trabalho formado por quase 100 mil v\u00ednculos. \u201cTal resultado \u00e9 quase um alento\u201d, ressalta. \u201cNa verdade, o \u00faltimo trimestre do ano \u00e9 conhecido por movimentos arrefecidos na movimenta\u00e7\u00e3o de m\u00e3o de obra formal no com\u00e9rcio de material de constru\u00e7\u00e3o, at\u00e9 por um certo ajuste de demanda, que nesta \u00e9poca do ano se direciona para outros segmentos varejistas mais ligados \u00e0s datas especiais, bem como o setor de servi\u00e7os, puxado por lazer e turismo\u201d.&nbsp;<\/p>\n\n\n\n<p>Em sua opini\u00e3o, esta sazonalidade apenas est\u00e1 sendo sentida novamente e, diferentemente do m\u00eas anterior, em novembro acabou sendo vivenciada de forma menos aguda. \u201cIsso porque no mesmo m\u00eas de 2023 (conforme o gr\u00e1fico acima), as perdas de empregabilidade se mostraram mais significativas\u201d.\u00a0<\/p>\n\n\n\n<hr class=\"wp-block-separator has-alpha-channel-opacity is-style-default\"\/>\n","protected":false},"excerpt":{"rendered":"<p>O mercado de trabalho do varejo de material de constru\u00e7\u00e3o apresentou novamente mais desligamentos que admiss\u00f5es na Regi\u00e3o Metropolitana de S\u00e3o Paulo (RMSP), segundo o Novo Cadastro Geral de Empregados e Desempregados (Novo Caged). Os n\u00fameros s\u00e3o de novembro, quando foi registrado um saldo negativo de 25 vagas, resultado de 3.270 admiss\u00f5es e 3.295 desligamentos. [&hellip;]<\/p>\n","protected":false},"author":1,"featured_media":13025,"comment_status":"closed","ping_status":"open","sticky":false,"template":"","format":"standard","meta":{"tdm_status":"","tdm_grid_status":"","footnotes":""},"categories":[153],"tags":[89,199,156,53,632,620,158,694,160,200],"class_list":["post-13024","post","type-post","status-publish","format-standard","has-post-thumbnail","hentry","category-noticias","tag-caged","tag-comercio","tag-economia","tag-emprego","tag-estudo-setorial","tag-levantamento","tag-material-de-construcao","tag-mercado-de-trabalho","tag-pesquisa","tag-varejo"],"amp_enabled":true,"_links":{"self":[{"href":"https:\/\/sincomavi.org.br\/index.php?rest_route=\/wp\/v2\/posts\/13024","targetHints":{"allow":["GET"]}}],"collection":[{"href":"https:\/\/sincomavi.org.br\/index.php?rest_route=\/wp\/v2\/posts"}],"about":[{"href":"https:\/\/sincomavi.org.br\/index.php?rest_route=\/wp\/v2\/types\/post"}],"author":[{"embeddable":true,"href":"https:\/\/sincomavi.org.br\/index.php?rest_route=\/wp\/v2\/users\/1"}],"replies":[{"embeddable":true,"href":"https:\/\/sincomavi.org.br\/index.php?rest_route=%2Fwp%2Fv2%2Fcomments&post=13024"}],"version-history":[{"count":1,"href":"https:\/\/sincomavi.org.br\/index.php?rest_route=\/wp\/v2\/posts\/13024\/revisions"}],"predecessor-version":[{"id":13026,"href":"https:\/\/sincomavi.org.br\/index.php?rest_route=\/wp\/v2\/posts\/13024\/revisions\/13026"}],"wp:featuredmedia":[{"embeddable":true,"href":"https:\/\/sincomavi.org.br\/index.php?rest_route=\/wp\/v2\/media\/13025"}],"wp:attachment":[{"href":"https:\/\/sincomavi.org.br\/index.php?rest_route=%2Fwp%2Fv2%2Fmedia&parent=13024"}],"wp:term":[{"taxonomy":"category","embeddable":true,"href":"https:\/\/sincomavi.org.br\/index.php?rest_route=%2Fwp%2Fv2%2Fcategories&post=13024"},{"taxonomy":"post_tag","embeddable":true,"href":"https:\/\/sincomavi.org.br\/index.php?rest_route=%2Fwp%2Fv2%2Ftags&post=13024"}],"curies":[{"name":"wp","href":"https:\/\/api.w.org\/{rel}","templated":true}]}}